{"id":920,"date":"2024-12-06T10:01:17","date_gmt":"2024-12-06T10:01:17","guid":{"rendered":"https:\/\/oma.skoletjenesten.no\/?p=920"},"modified":"2024-12-07T14:34:03","modified_gmt":"2024-12-07T14:34:03","slug":"ja-nei","status":"publish","type":"post","link":"https:\/\/oma.skoletjenesten.no\/?p=920","title":{"rendered":"Ja. Nei."},"content":{"rendered":"\n<p>Sist l\u00f8rdag passerte vi 30-\u00e5rsdagen for siste nei til norsk EU-medlemskap. Da var E\u00d8S-avtalen allerede inng\u00e5tt, og E\u00d8S-medlemskapet sies \u00e5 v\u00e6re noks\u00e5 likt det EEC-\/EF-medlemskapet Norge sa nei til ved folkeavstemningen i 1972. Som tidligere opplyst her i bloggen, stemte jeg ja til norsk medlemskap i EF\/EU b\u00e5de i 1972 og i 1994.<\/p>\n\n\n\n<p>Mitt ja st\u00e5r fremdeles fast, men jeg ser at enkelte som stemte nei, har skiftet side. En av dem er Aftenpostens politiske redakt\u00f8r <a href=\"http:\/\/torgeirs-tanker.skoletjenesten.no\/wp-content\/uploads\/2024\/12\/Eide---EU_Aftenposten%208.%20november%202024.pdf\" data-type=\"link\" data-id=\"http:\/\/torgeirs-tanker.skoletjenesten.no\/wp-content\/uploads\/2024\/12\/Eide---EU_Aftenposten%208.%20november%202024.pdf\" target=\"_blank\" rel=\"noreferrer noopener\">Kjetil Alstadheim<\/a>, som skrev en ironisk kommentar om klima- og utenriksminister Barth Eides stortings-redegj\u00f8rekse om forholdet mellom Norge og EU. Alstadheim p\u00e5pekte at mange av problemene som ble nevnt, ville v\u00e6rt ikke-eksisterende eller l\u00f8st ved et norsk medlemskap.<\/p>\n\n\n\n<p><a href=\"http:\/\/torgeirs-tanker.skoletjenesten.no\/wp-content\/uploads\/2024\/12\/Bondevik-EUsnur_Aftenposten%2021.%20november%202024.pdf\" data-type=\"link\" data-id=\"http:\/\/torgeirs-tanker.skoletjenesten.no\/wp-content\/uploads\/2024\/12\/Bondevik-EUsnur_Aftenposten%2021.%20november%202024.pdf\" target=\"_blank\" rel=\"noreferrer noopener\">Kjell Magne Bondevik<\/a> har ogs\u00e5 skiftet mening fra nei til ja. Han \u00f8nsker derfor mer folkeavstemning, ikke bare \u00e9n, men to. Den f\u00f8rste skal avgj\u00f8re om Norge skal innlede medlemskaps-forhandlinger med EU, den eventuelt andre skal ta stilling til forhandlingsresultatet.<\/p>\n\n\n\n<p><a href=\"http:\/\/torgeirs-tanker.skoletjenesten.no\/wp-content\/uploads\/2024\/12\/Mellbye_EU_Aftenposten%2029.%20november%202024.pdf\" data-type=\"link\" data-id=\"ftp:\/\/onemanarmy@ftpcluster.loopia.se\/torgeirs-tanker.skoletjenesten.no\/public_html\/wp-content\/uploads\/2024\/12\/Mellbye_EU_Aftenposten%2029.%20november%202024.pdf\" target=\"_blank\" rel=\"noreferrer noopener\">Guri Mellby<\/a> er leder for Venstre, partiet som i 1972 sprakk p\u00e5 grunn av EEC-sp\u00f8rsm\u00e5let. Det liberale folkepartiet var resultat av uenigheten, og var et ja-parti. Rest-Venstre var et nei-parti, ogs\u00e5 etter at partiene hadde g\u00e5tt sammen igjen under navnet Venstre, som n\u00e5 er et ja-parti.<\/p>\n\n\n\n<p>Norge er ikke alene om \u00e5 ha et tr\u00f8blete forhold til EU-medlemskap. I en annen av Russlands randstater, Georgia, har det v\u00e6rt oppt\u00f8yer natt etter natt fordi regjeringen har sagt at EU-forhandlinger skal legges p\u00e5 is. Hvis Jonas Gahr St\u00f8re trenger flere problemer enn de han har, kan han jo bekymre seg om vi kan f\u00e5 noe tilsvarende her. Ja-partiet hans sitter jo i regjering med nei-partiet SP.<\/p>\n\n\n\n<figure class=\"wp-block-video\"><video height=\"670\" style=\"aspect-ratio: 1198 \/ 670;\" width=\"1198\" controls src=\"https:\/\/oma.skoletjenesten.no\/wp-content\/uploads\/2024\/12\/Georgia-EUkamp.mp4\"><\/video><figcaption class=\"wp-element-caption\">NRK Dagsrevyen 4. desember 2024 (NB! Litt hakkete lyd).<\/figcaption><\/figure>\n\n\n\n<div style=\"height:100px\" aria-hidden=\"true\" class=\"wp-block-spacer\"><\/div>\n\n\n\n<hr class=\"wp-block-separator has-alpha-channel-opacity\"\/>\n\n\n\n<p class=\"has-text-align-center\"><em><a href=\"https:\/\/oma.skoletjenesten.no\/?p=924\">Til innholdsliste for denne utgaven<\/a><\/em><\/p>\n","protected":false},"excerpt":{"rendered":"<p>Sist l\u00f8rdag passerte vi 30-\u00e5rsdagen for siste nei til norsk EU-medlemskap. Da var E\u00d8S-avtalen allerede inng\u00e5tt, og E\u00d8S-medlemskapet sies \u00e5 v\u00e6re noks\u00e5 likt det EEC-\/EF-medlemskapet Norge sa nei til ved folkeavstemningen i 1972. Som tidligere opplyst her i bloggen, stemte jeg ja til norsk medlemskap i EF\/EU b\u00e5de i 1972 og i 1994. Mitt ja&hellip; <a class=\"more-link\" href=\"https:\/\/oma.skoletjenesten.no\/?p=920\">Fortsett \u00e5 lese <span class=\"screen-reader-text\">Ja. Nei.<\/span><\/a><\/p>\n","protected":false},"author":1,"featured_media":0,"comment_status":"open","ping_status":"open","sticky":false,"template":"","format":"standard","meta":{"footnotes":""},"categories":[1],"tags":[],"class_list":["post-920","post","type-post","status-publish","format-standard","hentry","category-uncategorized","entry"],"_links":{"self":[{"href":"https:\/\/oma.skoletjenesten.no\/index.php?rest_route=\/wp\/v2\/posts\/920","targetHints":{"allow":["GET"]}}],"collection":[{"href":"https:\/\/oma.skoletjenesten.no\/index.php?rest_route=\/wp\/v2\/posts"}],"about":[{"href":"https:\/\/oma.skoletjenesten.no\/index.php?rest_route=\/wp\/v2\/types\/post"}],"author":[{"embeddable":true,"href":"https:\/\/oma.skoletjenesten.no\/index.php?rest_route=\/wp\/v2\/users\/1"}],"replies":[{"embeddable":true,"href":"https:\/\/oma.skoletjenesten.no\/index.php?rest_route=%2Fwp%2Fv2%2Fcomments&post=920"}],"version-history":[{"count":9,"href":"https:\/\/oma.skoletjenesten.no\/index.php?rest_route=\/wp\/v2\/posts\/920\/revisions"}],"predecessor-version":[{"id":966,"href":"https:\/\/oma.skoletjenesten.no\/index.php?rest_route=\/wp\/v2\/posts\/920\/revisions\/966"}],"wp:attachment":[{"href":"https:\/\/oma.skoletjenesten.no\/index.php?rest_route=%2Fwp%2Fv2%2Fmedia&parent=920"}],"wp:term":[{"taxonomy":"category","embeddable":true,"href":"https:\/\/oma.skoletjenesten.no\/index.php?rest_route=%2Fwp%2Fv2%2Fcategories&post=920"},{"taxonomy":"post_tag","embeddable":true,"href":"https:\/\/oma.skoletjenesten.no\/index.php?rest_route=%2Fwp%2Fv2%2Ftags&post=920"}],"curies":[{"name":"wp","href":"https:\/\/api.w.org\/{rel}","templated":true}]}}