{"id":888,"date":"2024-11-29T10:02:41","date_gmt":"2024-11-29T10:02:41","guid":{"rendered":"https:\/\/oma.skoletjenesten.no\/?p=888"},"modified":"2024-11-29T15:22:30","modified_gmt":"2024-11-29T15:22:30","slug":"adventstanker","status":"publish","type":"post","link":"https:\/\/oma.skoletjenesten.no\/?p=888","title":{"rendered":"Adventstanker"},"content":{"rendered":"\n<p>F\u00f8rste s\u00f8ndag i advent (om to dager) er i \u00e5r en desember-s\u00f8ndag for f\u00f8rste gang siden 2019. Som tidligere medlem av Sta(t)skirken vet jeg at denne dagen ogs\u00e5 er f\u00f8rste dag i kirke\u00e5ret. I den anledning har jeg gjort meg noen tanker som ikke skiller seg  vesentlig fra det som st\u00e5r i <em><a href=\"http:\/\/ttt.skoletjenesten.no\/i-denne-hysteriske-adventstid\/\" data-type=\"link\" data-id=\"http:\/\/ttt.skoletjenesten.no\/i-denne-hysteriske-adventstid\/\" target=\"_blank\" rel=\"noreferrer noopener\">I denne hysteriskeadventstid<\/a><\/em> fra desember 2017.<\/p>\n\n\n\n<p>Advent er kanskje den delen av kirke\u00e5ret som markeres tydeligst her i landet. Ordet advent er knyttet til det latinske <em>adventus<\/em> som betyr komme (= ankomst), og det er underforst\u00e5tt at man venter p\u00e5 at Jesus skal komme. Vurdert ut fra tyngden i adventsmarkeringen skulle man tro at fastetiden mot frem mot p\u00e5ske (p\u00e5sken er vel den viktigste kristne h\u00f8ytiden?) ville bli like tydelig markert, men slik er det ikke.<\/p>\n\n\n\n<p>Selv har jeg vokst opp i et noks\u00e5 ikke-religi\u00f8st hjem, der det sikreste tegnet p\u00e5 advent var at mor bakte forskjellige slags sm\u00e5kaker \u2013 med min \u00abhjelp\u00bb, s\u00e5 lenge jeg var liten nok. Jeg husker at smultringer var mest spennende, mens tyske skiver og serinakaker hadde deig som smakte bedre.<\/p>\n\n\n\n<p>Jeg hadde adventskalender (med et bilde bak hver luke), men kan ikke huske at det var spesielt spennende. Derimot husker jeg at barnetimen for de minste hadde et innslag om \u00e5 lage sin egen julekalender \u2013 av en stor potet og 24 fyrstikker (\u00abhusk \u00e5 f\u00e5 en voksen til \u00e5 brenne av fyrstikkene f\u00f8rst\u00bb).<\/p>\n\n\n\n<p>S\u00e5 kom far hjem med en julekalender han solgte i butikken. Den hadde sjokoladefigurer i stedet for bilder. Heller ikke det kan jeg huske var s\u00e6rlig spennende.<\/p>\n\n\n\n<p>N\u00e5 er det visst pakkekalender som gjelder. Sm\u00e5barnsforeldre som vil seg selv vondt, l\u00e6rer opp barna til at pakkekalender h\u00f8rer adventstiden til. Fornuftige foreldre forbig\u00e5r hele adventshysteriet i stillhet.<\/p>\n\n\n\n<p>En kreativ voksenkalender h\u00f8rte jeg om for noen \u00e5r siden. Da var flaske den mest utbredte emballasjen for \u00f8l, og en \u00f8lkasse hadde plass til 24 flasker. Den mest kreative kalender-l\u00f8sningen var selvsagt \u00e5 fylle kassen med 24 forskjellige \u00f8l-merker.<\/p>\n\n\n\n<p>Heter det adventskalender eller julekalender? Den skattefinansierte mediekanalen NRK bruker det siste begrepet. Den mest kjente julekalender-serien derfra er kanskje <em>Jul i Skomakergata<\/em>, en serie som forteller om adventstiden i nevnte gate. Her kommer en liten fortsettelse:<\/p>\n\n\n\n<figure class=\"wp-block-video\"><video height=\"530\" style=\"aspect-ratio: 712 \/ 530;\" width=\"712\" controls src=\"https:\/\/oma.skoletjenesten.no\/wp-content\/uploads\/2024\/11\/Skomakergata_KLM.mp4\"><\/video><figcaption class=\"wp-element-caption\">Fra  NRK-programmet Skai-TV. Se hele programmet <a href=\"https:\/\/www.youtube.com\/watch?v=9yQ1ajg_ILE\" data-type=\"link\" data-id=\"https:\/\/www.youtube.com\/watch?v=9yQ1ajg_ILE\" target=\"_blank\" rel=\"noreferrer noopener\">her<\/a>.<\/figcaption><\/figure>\n\n\n\n<div style=\"height:100px\" aria-hidden=\"true\" class=\"wp-block-spacer\"><\/div>\n\n\n\n<hr class=\"wp-block-separator has-alpha-channel-opacity\"\/>\n\n\n\n<p class=\"has-text-align-center\"><em><a href=\"https:\/\/oma.skoletjenesten.no\/?p=886\">Til innholdsliste for denne utgaven<\/a><\/em><\/p>\n","protected":false},"excerpt":{"rendered":"<p>F\u00f8rste s\u00f8ndag i advent (om to dager) er i \u00e5r en desember-s\u00f8ndag for f\u00f8rste gang siden 2019. Som tidligere medlem av Sta(t)skirken vet jeg at denne dagen ogs\u00e5 er f\u00f8rste dag i kirke\u00e5ret. I den anledning har jeg gjort meg noen tanker som ikke skiller seg vesentlig fra det som st\u00e5r i I denne hysteriskeadventstid&hellip; <a class=\"more-link\" href=\"https:\/\/oma.skoletjenesten.no\/?p=888\">Fortsett \u00e5 lese <span class=\"screen-reader-text\">Adventstanker<\/span><\/a><\/p>\n","protected":false},"author":1,"featured_media":0,"comment_status":"open","ping_status":"open","sticky":false,"template":"","format":"standard","meta":{"footnotes":""},"categories":[1],"tags":[],"class_list":["post-888","post","type-post","status-publish","format-standard","hentry","category-uncategorized","entry"],"_links":{"self":[{"href":"https:\/\/oma.skoletjenesten.no\/index.php?rest_route=\/wp\/v2\/posts\/888","targetHints":{"allow":["GET"]}}],"collection":[{"href":"https:\/\/oma.skoletjenesten.no\/index.php?rest_route=\/wp\/v2\/posts"}],"about":[{"href":"https:\/\/oma.skoletjenesten.no\/index.php?rest_route=\/wp\/v2\/types\/post"}],"author":[{"embeddable":true,"href":"https:\/\/oma.skoletjenesten.no\/index.php?rest_route=\/wp\/v2\/users\/1"}],"replies":[{"embeddable":true,"href":"https:\/\/oma.skoletjenesten.no\/index.php?rest_route=%2Fwp%2Fv2%2Fcomments&post=888"}],"version-history":[{"count":3,"href":"https:\/\/oma.skoletjenesten.no\/index.php?rest_route=\/wp\/v2\/posts\/888\/revisions"}],"predecessor-version":[{"id":911,"href":"https:\/\/oma.skoletjenesten.no\/index.php?rest_route=\/wp\/v2\/posts\/888\/revisions\/911"}],"wp:attachment":[{"href":"https:\/\/oma.skoletjenesten.no\/index.php?rest_route=%2Fwp%2Fv2%2Fmedia&parent=888"}],"wp:term":[{"taxonomy":"category","embeddable":true,"href":"https:\/\/oma.skoletjenesten.no\/index.php?rest_route=%2Fwp%2Fv2%2Fcategories&post=888"},{"taxonomy":"post_tag","embeddable":true,"href":"https:\/\/oma.skoletjenesten.no\/index.php?rest_route=%2Fwp%2Fv2%2Ftags&post=888"}],"curies":[{"name":"wp","href":"https:\/\/api.w.org\/{rel}","templated":true}]}}