{"id":802,"date":"2024-11-15T10:01:06","date_gmt":"2024-11-15T10:01:06","guid":{"rendered":"https:\/\/oma.skoletjenesten.no\/?p=802"},"modified":"2024-12-25T14:41:21","modified_gmt":"2024-12-25T14:41:21","slug":"virtuell-virkelighet-45-24","status":"publish","type":"post","link":"https:\/\/oma.skoletjenesten.no\/?p=802","title":{"rendered":"Virtuell virkelighet 45\/24"},"content":{"rendered":"\n<p><small>Denne spalten het tidligere <em>Alternative fakta<\/em>, som fortsatt er kategori-betegnelsen. I<em> Alternative fakta<\/em> l\u00e5 vekten ofte mer p\u00e5 det alternative enn p\u00e5 fakta. Her i <em>Virtuell virkelighet<\/em> kan vekten&nbsp; ligge mer p\u00e5 det virtuelle enn p\u00e5 virkeligheten.<\/small><\/p>\n\n\n\n<p><small>Navneskiftet ble forklart i <a href=\"http:\/\/ttt.skoletjenesten.no\/alternative-fakta-3-21\/\" target=\"_blank\" rel=\"noreferrer noopener\">siste utgave av Alternative fakta 15. januar 2021<\/a>.<\/small><\/p>\n\n\n\n<hr class=\"wp-block-separator has-alpha-channel-opacity\"\/>\n\n\n\n<p><strong><em>Vv 1: Vipp.<\/em><\/strong> Den eller de som i sin tid satte opp et <a href=\"https:\/\/lokalhistoriewiki.no\/Vippefyr\" data-type=\"link\" data-id=\"https:\/\/lokalhistoriewiki.no\/Vippefyr\" target=\"_blank\" rel=\"noreferrer noopener\">vippefyr<\/a> p\u00e5 det som ble hetende Vippetangen i Oslo, tenkte seg nok ikke at det skulle f\u00e5 betydning i USAnsk politikk. Men der borte er alt s\u00e5 stort, s\u00e5 det ble vippe<em>stater<\/em>.<\/p>\n\n\n\n<div class=\"wp-block-columns is-layout-flex wp-container-core-columns-is-layout-9d6595d7 wp-block-columns-is-layout-flex\">\n<div class=\"wp-block-column is-layout-flow wp-block-column-is-layout-flow\">\n<figure class=\"wp-block-image size-full is-style-twentytwentyone-border\"><img loading=\"lazy\" decoding=\"async\" width=\"600\" height=\"337\" src=\"https:\/\/oma.skoletjenesten.no\/wp-content\/uploads\/2024\/11\/10_Vippetangen_600px-Vippetangen_2020.jpg\" alt=\"\" class=\"wp-image-807\" srcset=\"https:\/\/oma.skoletjenesten.no\/wp-content\/uploads\/2024\/11\/10_Vippetangen_600px-Vippetangen_2020.jpg 600w, https:\/\/oma.skoletjenesten.no\/wp-content\/uploads\/2024\/11\/10_Vippetangen_600px-Vippetangen_2020-300x169.jpg 300w\" sizes=\"auto, (max-width: 600px) 100vw, 600px\" \/><figcaption class=\"wp-element-caption\">Vippetangen.<\/figcaption><\/figure>\n<\/div>\n\n\n\n<div class=\"wp-block-column is-layout-flow wp-block-column-is-layout-flow\">\n<figure class=\"wp-block-image size-full is-style-twentytwentyone-border\"><img loading=\"lazy\" decoding=\"async\" width=\"688\" height=\"430\" src=\"https:\/\/oma.skoletjenesten.no\/wp-content\/uploads\/2024\/11\/10_vippestater_82101135.jpg\" alt=\"\" class=\"wp-image-806\" srcset=\"https:\/\/oma.skoletjenesten.no\/wp-content\/uploads\/2024\/11\/10_vippestater_82101135.jpg 688w, https:\/\/oma.skoletjenesten.no\/wp-content\/uploads\/2024\/11\/10_vippestater_82101135-300x188.jpg 300w\" sizes=\"auto, (max-width: 688px) 100vw, 688px\" \/><figcaption class=\"wp-element-caption\">Vippeststater (gulgr\u00f8nn farge).<\/figcaption><\/figure>\n<\/div>\n<\/div>\n\n\n\n<p><a href=\"mailto:ttt@skoletjenesten.no?cc=&amp;bcc=&amp;subject=Vv%201\/45&amp;amptarget=\"><em>Kommenter denne notisen<\/em><\/a><\/p>\n\n\n\n<p class=\"has-text-align-center\">\u058e\u058e\u058e<\/p>\n\n\n<div class=\"wp-block-image is-style-twentytwentyone-border\">\n<figure class=\"alignright size-full\"><img loading=\"lazy\" decoding=\"async\" width=\"825\" height=\"448\" src=\"https:\/\/oma.skoletjenesten.no\/wp-content\/uploads\/2024\/11\/20_Bilkollisjon-1924_Budstikken.png\" alt=\"\" class=\"wp-image-808\" srcset=\"https:\/\/oma.skoletjenesten.no\/wp-content\/uploads\/2024\/11\/20_Bilkollisjon-1924_Budstikken.png 825w, https:\/\/oma.skoletjenesten.no\/wp-content\/uploads\/2024\/11\/20_Bilkollisjon-1924_Budstikken-300x163.png 300w, https:\/\/oma.skoletjenesten.no\/wp-content\/uploads\/2024\/11\/20_Bilkollisjon-1924_Budstikken-768x417.png 768w\" sizes=\"auto, (max-width: 825px) 100vw, 825px\" \/><figcaption class=\"wp-element-caption\">Asker og B\u00e6rums Budstikke 18. november 1924.<\/figcaption><\/figure>\n<\/div>\n\n\n<p><strong><em>Vv 2: Lokalavis-1.<\/em><\/strong> Asker og B\u00e6rums Budstikke er en lokalavis, og var det i 1924. I en lokalavis er det plass for alle slags nyheter, ogs\u00e5 de som er s\u00e5 sm\u00e5 at de nesten ikke er nyheter.<\/p>\n\n\n\n<p><a href=\"mailto:ttt@skoletjenesten.no?cc=&amp;bcc=&amp;subject=Vv%202\/45&amp;amptarget=\"><em>Kommenter denne notisen<\/em><\/a><\/p>\n\n\n\n<p class=\"has-text-align-center\">\u058e\u058e\u058e<\/p>\n\n\n<div class=\"wp-block-image is-style-twentytwentyone-border\">\n<figure class=\"alignright size-full\"><img loading=\"lazy\" decoding=\"async\" width=\"639\" height=\"840\" src=\"https:\/\/oma.skoletjenesten.no\/wp-content\/uploads\/2024\/11\/30_Poelsebod_Opera-Bilde_2024-11-03_174736_eavis.budstikka.no_.png\" alt=\"\" class=\"wp-image-809\" srcset=\"https:\/\/oma.skoletjenesten.no\/wp-content\/uploads\/2024\/11\/30_Poelsebod_Opera-Bilde_2024-11-03_174736_eavis.budstikka.no_.png 639w, https:\/\/oma.skoletjenesten.no\/wp-content\/uploads\/2024\/11\/30_Poelsebod_Opera-Bilde_2024-11-03_174736_eavis.budstikka.no_-228x300.png 228w\" sizes=\"auto, (max-width: 639px) 100vw, 639px\" \/><figcaption class=\"wp-element-caption\">Asker og B\u00e6rums Budstikke 15. november 1974.<\/figcaption><\/figure>\n<\/div>\n\n\n<p><strong><em>Vv 3: P\u00f8lser.<\/em><\/strong> Asker og B\u00e6rums Budstikke er en lokalavis, og var det ogs\u00e5 i 1974. For ham som fikk ja til p\u00f8lsebod var dette selvsagt en stor sak, selv om betingelsene var strenge. For avisen virker det som det var en nyhet at Asker skulle f\u00e5 noe slikt som en p\u00f8lsebod.<\/p>\n\n\n\n<p>.<\/p>\n\n\n\n<p>.<\/p>\n\n\n\n<p><a href=\"mailto:ttt@skoletjenesten.no?cc=&amp;bcc=&amp;subject=Vv%203\/45&amp;amptarget=\"><em>Kommenter denne notisen<\/em><\/a><\/p>\n\n\n\n<p class=\"has-text-align-center\">\u058e\u058e\u058e<\/p>\n\n\n<div class=\"wp-block-image is-style-twentytwentyone-border\">\n<figure class=\"alignright size-full\"><a href=\"http:\/\/torgeirs-tanker.skoletjenesten.no\/wp-content\/uploads\/2024\/11\/40_Kjernekfraft-1974_Aftenposten%20Aften%2015.%20november%201974.pdf\" target=\"_blank\" rel=\" noreferrer noopener\"><img loading=\"lazy\" decoding=\"async\" width=\"590\" height=\"758\" src=\"https:\/\/oma.skoletjenesten.no\/wp-content\/uploads\/2024\/11\/40_Kjernekfraft-1974_OK_Aftenposten-Aften-15.-november-1974.jpg\" alt=\"\" class=\"wp-image-813\" srcset=\"https:\/\/oma.skoletjenesten.no\/wp-content\/uploads\/2024\/11\/40_Kjernekfraft-1974_OK_Aftenposten-Aften-15.-november-1974.jpg 590w, https:\/\/oma.skoletjenesten.no\/wp-content\/uploads\/2024\/11\/40_Kjernekfraft-1974_OK_Aftenposten-Aften-15.-november-1974-234x300.jpg 234w\" sizes=\"auto, (max-width: 590px) 100vw, 590px\" \/><\/a><figcaption class=\"wp-element-caption\">Aftenposten 15. november 1974. Klikk for \u00e5 lese.<\/figcaption><\/figure>\n<\/div>\n\n\n<p id=\"kjernekraft\"><strong><em>Vv 4: Kjernekraft.<\/em><\/strong> Allerede i 1974 diskuterte man kjernekraft i Norge. I et leserbrev i Aftenposten argumenterte Jon Reina for det som da ble kalt atomkraft.<\/p>\n\n\n\n<p>.<\/p>\n\n\n\n<p>.<\/p>\n\n\n\n<p>.<\/p>\n\n\n\n<p><\/p>\n\n\n\n<p><a href=\"mailto:ttt@skoletjenesten.no?cc=&amp;bcc=&amp;subject=Vv%204\/45&amp;amptarget=\"><em>Kommenter denne notisen<\/em><\/a><\/p>\n\n\n\n<p class=\"has-text-align-center\">\u058e\u058e\u058e<\/p>\n\n\n\n<p><strong><em>Vv 5: Rusmiddel.<\/em><\/strong> \u00abLaddevin \u2013 aldri h\u00f8rt om det!\u00bb sier nok folk bortover p\u00e5 Blommenholm (bloggeren bor i Sandvika, men h\u00f8rer sosialt hjemme p\u00e5 Blommenholm\u2026). Er n\u00e5 denne uvitenheten s\u00e5 sikker? De fleste har nok hatt hyggelig bes\u00f8k via TV-skjermen av en som tar for seg konsekvensene av laddevin:<\/p>\n\n\n\n<figure class=\"wp-block-audio\"><audio controls src=\"https:\/\/oma.skoletjenesten.no\/wp-content\/uploads\/2024\/11\/50_Laddevin-Etter-ein-rangel_JacobSande.wav\"><\/audio><figcaption class=\"wp-element-caption\">Jon Eikemo fremf\u00f8rer Jacob  Sande.<\/figcaption><\/figure>\n\n\n\n\n\n<p><a href=\"mailto:ttt@skoletjenesten.no?cc=&amp;bcc=&amp;subject=Vv%205\/45&amp;amptarget=\"><em>Kommenter denne notisen<\/em><\/a><\/p>\n\n\n\n<p class=\"has-text-align-center\">\u058e\u058e\u058e<\/p>\n\n\n<div class=\"wp-block-image is-style-twentytwentyone-border\">\n<figure class=\"alignright size-large\"><a href=\"https:\/\/www.youtube.com\/watch?v=j-zczJXSxnw\" target=\"_blank\" rel=\" noreferrer noopener\"><img loading=\"lazy\" decoding=\"async\" width=\"1024\" height=\"838\" src=\"https:\/\/oma.skoletjenesten.no\/wp-content\/uploads\/2024\/11\/60_Taccomabroen_Collapse-Tacoma-Narrows-Bridge-Washington-state-1940-1024x838.webp\" alt=\"\" class=\"wp-image-810\" srcset=\"https:\/\/oma.skoletjenesten.no\/wp-content\/uploads\/2024\/11\/60_Taccomabroen_Collapse-Tacoma-Narrows-Bridge-Washington-state-1940-1024x838.webp 1024w, https:\/\/oma.skoletjenesten.no\/wp-content\/uploads\/2024\/11\/60_Taccomabroen_Collapse-Tacoma-Narrows-Bridge-Washington-state-1940-300x246.webp 300w, https:\/\/oma.skoletjenesten.no\/wp-content\/uploads\/2024\/11\/60_Taccomabroen_Collapse-Tacoma-Narrows-Bridge-Washington-state-1940-768x628.webp 768w, https:\/\/oma.skoletjenesten.no\/wp-content\/uploads\/2024\/11\/60_Taccomabroen_Collapse-Tacoma-Narrows-Bridge-Washington-state-1940.webp 1057w\" sizes=\"auto, (max-width: 1024px) 100vw, 1024px\" \/><\/a><figcaption class=\"wp-element-caption\">Tacoma-broen t\u00e5lte ikke vind. Klikk for \u00e5 se film.<\/figcaption><\/figure>\n<\/div>\n\n\n<p><strong><em>Vv 6: Brobygging.<\/em><\/strong> Ogs\u00e5 vi uten teknisk utdannelse (bloggeren er filolog til halsen) kjenner til Tacoma-broen, en hengebro som ikke t\u00e5lte vind. I forbifarten gj\u00f8res oppmerksom p\u00e5 at Hardangerbrua er en hengebro \u2026<\/p>\n\n\n\n<p>.<\/p>\n\n\n\n<p><a href=\"mailto:ttt@skoletjenesten.no?cc=&amp;bcc=&amp;subject=Vv%206\/45&amp;amptarget=\"><em>Kommenter denne notisen<\/em><\/a><\/p>\n\n\n\n<p class=\"has-text-align-left\"><\/p>\n\n\n\n<p><strong><em>Vv 7: Grammatikk.<\/em><\/strong> Bloggen (vedlegget til denne spalten) skrev i en tidligere utgave om <a href=\"https:\/\/oma.skoletjenesten.no\/?p=633\" data-type=\"link\" data-id=\"https:\/\/oma.skoletjenesten.no\/?p=633\" target=\"_blank\" rel=\"noreferrer noopener\">samsvarsb\u00f8ying<\/a>. Spr\u00e5knerder som fortsatt henger med, f\u00e5r her <em>gradb\u00f8yingen<\/em> av bra: bra &#8211; braere &#8211; brest.<\/p>\n\n\n\n<p><a href=\"mailto:ttt@skoletjenesten.no?cc=&amp;bcc=&amp;subject=Vv%207\/45&amp;amptarget=\"><em>Kommenter denne notisen<\/em><\/a><\/p>\n\n\n\n<p class=\"has-text-align-center\">\u058e\u058e\u058e<\/p>\n\n\n\n<p><strong><em>Vv 8: Helse.<\/em><\/strong> Det er tid for influensavaksine, sier helsemyndighetene. Hvis vaksinen ikke hjelper, kan annonsen nedenfor kanskje bidra til lindring.<\/p>\n\n\n<div class=\"wp-block-image is-style-twentytwentyone-border\">\n<figure class=\"aligncenter size-full\"><img loading=\"lazy\" decoding=\"async\" width=\"473\" height=\"850\" src=\"https:\/\/oma.skoletjenesten.no\/wp-content\/uploads\/2024\/11\/90_Sloans-liniment_1924-1108_Aftenposten-8.-november-1924_Annonse.jpg\" alt=\"\" class=\"wp-image-811\" srcset=\"https:\/\/oma.skoletjenesten.no\/wp-content\/uploads\/2024\/11\/90_Sloans-liniment_1924-1108_Aftenposten-8.-november-1924_Annonse.jpg 473w, https:\/\/oma.skoletjenesten.no\/wp-content\/uploads\/2024\/11\/90_Sloans-liniment_1924-1108_Aftenposten-8.-november-1924_Annonse-167x300.jpg 167w\" sizes=\"auto, (max-width: 473px) 100vw, 473px\" \/><\/figure>\n<\/div>\n\n\n<p><a href=\"mailto:ttt@skoletjenesten.no?cc=&amp;bcc=&amp;subject=Vv%208\/45&amp;amptarget=\"><em>Kommenter denne notisen<\/em><\/a><\/p>\n\n\n\n<div style=\"height:100px\" aria-hidden=\"true\" class=\"wp-block-spacer\"><\/div>\n\n\n\n<hr class=\"wp-block-separator has-alpha-channel-opacity\"\/>\n\n\n\n<p class=\"has-text-align-center\"><em><a href=\"https:\/\/oma.skoletjenesten.no\/?p=795\" data-type=\"link\" data-id=\"https:\/\/oma.skoletjenesten.no\/?p=795\">Til innholdsliste for denne utgaven<\/a><\/em><\/p>\n","protected":false},"excerpt":{"rendered":"<p>Denne spalten het tidligere Alternative fakta, som fortsatt er kategori-betegnelsen. I Alternative fakta l\u00e5 vekten ofte mer p\u00e5 det alternative enn p\u00e5 fakta. Her i Virtuell virkelighet kan vekten&nbsp; ligge mer p\u00e5 det virtuelle enn p\u00e5 virkeligheten. Navneskiftet ble forklart i siste utgave av Alternative fakta 15. januar 2021. Vv 1: Vipp. Den eller de&hellip; <a class=\"more-link\" href=\"https:\/\/oma.skoletjenesten.no\/?p=802\">Fortsett \u00e5 lese <span class=\"screen-reader-text\">Virtuell virkelighet 45\/24<\/span><\/a><\/p>\n","protected":false},"author":1,"featured_media":0,"comment_status":"open","ping_status":"open","sticky":false,"template":"","format":"standard","meta":{"footnotes":""},"categories":[11],"tags":[],"class_list":["post-802","post","type-post","status-publish","format-standard","hentry","category-alternative-fakta","entry"],"_links":{"self":[{"href":"https:\/\/oma.skoletjenesten.no\/index.php?rest_route=\/wp\/v2\/posts\/802","targetHints":{"allow":["GET"]}}],"collection":[{"href":"https:\/\/oma.skoletjenesten.no\/index.php?rest_route=\/wp\/v2\/posts"}],"about":[{"href":"https:\/\/oma.skoletjenesten.no\/index.php?rest_route=\/wp\/v2\/types\/post"}],"author":[{"embeddable":true,"href":"https:\/\/oma.skoletjenesten.no\/index.php?rest_route=\/wp\/v2\/users\/1"}],"replies":[{"embeddable":true,"href":"https:\/\/oma.skoletjenesten.no\/index.php?rest_route=%2Fwp%2Fv2%2Fcomments&post=802"}],"version-history":[{"count":12,"href":"https:\/\/oma.skoletjenesten.no\/index.php?rest_route=\/wp\/v2\/posts\/802\/revisions"}],"predecessor-version":[{"id":1090,"href":"https:\/\/oma.skoletjenesten.no\/index.php?rest_route=\/wp\/v2\/posts\/802\/revisions\/1090"}],"wp:attachment":[{"href":"https:\/\/oma.skoletjenesten.no\/index.php?rest_route=%2Fwp%2Fv2%2Fmedia&parent=802"}],"wp:term":[{"taxonomy":"category","embeddable":true,"href":"https:\/\/oma.skoletjenesten.no\/index.php?rest_route=%2Fwp%2Fv2%2Fcategories&post=802"},{"taxonomy":"post_tag","embeddable":true,"href":"https:\/\/oma.skoletjenesten.no\/index.php?rest_route=%2Fwp%2Fv2%2Ftags&post=802"}],"curies":[{"name":"wp","href":"https:\/\/api.w.org\/{rel}","templated":true}]}}