{"id":797,"date":"2024-11-15T10:03:49","date_gmt":"2024-11-15T10:03:49","guid":{"rendered":"https:\/\/oma.skoletjenesten.no\/?p=797"},"modified":"2024-11-15T23:33:26","modified_gmt":"2024-11-15T23:33:26","slug":"fn-landet-norge-en-helt-og-to-musikere","status":"publish","type":"post","link":"https:\/\/oma.skoletjenesten.no\/?p=797","title":{"rendered":"FN-landet Norge, en helt og to musikere"},"content":{"rendered":"\n<p>I dag er det \u2013 if\u00f8lge en internettkilde \u2013 78 \u00e5r siden Norge formelt ble <a href=\"https:\/\/snl.no\/Norges_forhold_til_FN\" data-type=\"link\" data-id=\"https:\/\/snl.no\/Norges_forhold_til_FN\" target=\"_blank\" rel=\"noreferrer noopener\">medlem av FN<\/a> (Norge var en av stifternasjonene i 1945). Det var p\u00e5 dagen 28 \u00e5r etter at Folkeforbundet (FNs forgjenger i mellomkrigstiden) hadde sitt f\u00f8rste m\u00f8te \u2013 if\u00f8lge Wikipedia.<\/p>\n\n\n\n<p>Sett med norske \u00f8yne har Norge v\u00e6rt et godt og lojalt medlem av FN. Vi har gitt store \u00f8konomiske bidrag og har deltatt milit\u00e6rt i mange FN-oppdrag av ulik karakter rundt om i verden, med <a href=\"https:\/\/snl.no\/NORMASH\" data-type=\"link\" data-id=\"https:\/\/snl.no\/NORMASH\" target=\"_blank\" rel=\"noreferrer noopener\">Korea<\/a> (1951-54) <a href=\"https:\/\/www.itjenestefornorge.no\/operasjoner\/un-emergency-force-unef-i\" data-type=\"link\" data-id=\"https:\/\/www.itjenestefornorge.no\/operasjoner\/un-emergency-force-unef-i\" target=\"_blank\" rel=\"noreferrer noopener\">Gaza<\/a> (1956-67) og <a href=\"https:\/\/snl.no\/UNIFIL\" data-type=\"link\" data-id=\"https:\/\/snl.no\/UNIFIL\" target=\"_blank\" rel=\"noreferrer noopener\">Libanon<\/a> (1978-98, 2006-07, 2008-09) som de kanskje mest kjente blant folk flest.<\/p>\n\n\n\n<p><a href=\"https:\/\/snl.no\/Claus_von_Stauffenberg\" data-type=\"link\" data-id=\"https:\/\/snl.no\/Claus_von_Stauffenberg\" target=\"_blank\" rel=\"noreferrer noopener\">Claus von Stauffenberg<\/a> ble f\u00f8dt p\u00e5 dagens dato i 1907. Han er verd \u00e5 nevnes fordi han i 1944 fors\u00f8kte \u00e5 stanse Hitlers virksomhet. Hitler unngikk imidlertid bombeattentatet, og Stauffenberg ble henrettet.<\/p>\n\n\n\n<p><a href=\"https:\/\/no.wikipedia.org\/wiki\/Daniel_Barenboim\" data-type=\"link\" data-id=\"https:\/\/no.wikipedia.org\/wiki\/Daniel_Barenboim\" target=\"_blank\" rel=\"noreferrer noopener\">Daniel Barenboim<\/a>, pianist og dirigent, ble f\u00f8dt p\u00e5 dagens dato i 1942. Ved siden av musikken har han ogs\u00e5 engasjert seg i internasjonalt fredsarbeid.<\/p>\n\n\n\n<p>En annen musiker, komponisten <a href=\"https:\/\/snl.no\/Christoph_Willibald_Gluck\" data-type=\"link\" data-id=\"https:\/\/snl.no\/Christoph_Willibald_Gluck\" target=\"_blank\" rel=\"noreferrer noopener\">Christoph Willibald Gluck<\/a> (1714-1787), d\u00f8de p\u00e5 dagens dato i 1787. Det kan kanskje best markeres med Hans <em>Salige \u00e5nders dans<\/em> fra <em>Orfeus og Euridike<\/em>, men jeg kan ikke dy meg for ogs\u00e5 \u00e5 ta med en innspilling av <em>Che Faro<\/em> fra samme opera. Selv er jeg (var jeg?) lys tenor, men kommer ikke p\u00e5 langt n\u00e6r opp mot Samuel Mari\u00f1o, som synger Orfeus i innspillingen.<\/p>\n\n\n\n<div class=\"wp-block-columns is-layout-flex wp-container-core-columns-is-layout-9d6595d7 wp-block-columns-is-layout-flex\">\n<div class=\"wp-block-column is-layout-flow wp-block-column-is-layout-flow\">\n<figure class=\"wp-block-embed is-type-video is-provider-youtube wp-block-embed-youtube wp-embed-aspect-4-3 wp-has-aspect-ratio\"><div class=\"wp-block-embed__wrapper\">\n<iframe loading=\"lazy\" title=\"Gluck: Orfeo ed Euridice, Wq. 30, Act II: Dance of the Blessed Spirits. Andante - Melody - Da capo\" width=\"750\" height=\"563\" src=\"https:\/\/www.youtube.com\/embed\/_b571ZHue0Q?feature=oembed\" frameborder=\"0\" allow=\"accelerometer; autoplay; clipboard-write; encrypted-media; gyroscope; picture-in-picture; web-share\" referrerpolicy=\"strict-origin-when-cross-origin\" allowfullscreen><\/iframe>\n<\/div><\/figure>\n<\/div>\n\n\n\n<div class=\"wp-block-column is-layout-flow wp-block-column-is-layout-flow\">\n<figure class=\"wp-block-embed is-type-video is-provider-youtube wp-block-embed-youtube wp-embed-aspect-16-9 wp-has-aspect-ratio\"><div class=\"wp-block-embed__wrapper\">\n<iframe loading=\"lazy\" title=\"Gluck: Le feste d&#039;Apollo \/ Orfeo - Che far\u00f2 senza Euridice?\" width=\"750\" height=\"422\" src=\"https:\/\/www.youtube.com\/embed\/pVuNKOTCtr8?feature=oembed\" frameborder=\"0\" allow=\"accelerometer; autoplay; clipboard-write; encrypted-media; gyroscope; picture-in-picture; web-share\" referrerpolicy=\"strict-origin-when-cross-origin\" allowfullscreen><\/iframe>\n<\/div><\/figure>\n<\/div>\n<\/div>\n\n\n\n<hr class=\"wp-block-separator has-alpha-channel-opacity\"\/>\n\n\n\n<p class=\"has-text-align-center\"><em><a href=\"https:\/\/oma.skoletjenesten.no\/?p=795\" data-type=\"link\" data-id=\"https:\/\/oma.skoletjenesten.no\/?p=795\">Til innholdsliste for denne utgaven<\/a><\/em><\/p>\n\n\n\n<p><\/p>\n","protected":false},"excerpt":{"rendered":"<p>I dag er det \u2013 if\u00f8lge en internettkilde \u2013 78 \u00e5r siden Norge formelt ble medlem av FN (Norge var en av stifternasjonene i 1945). Det var p\u00e5 dagen 28 \u00e5r etter at Folkeforbundet (FNs forgjenger i mellomkrigstiden) hadde sitt f\u00f8rste m\u00f8te \u2013 if\u00f8lge Wikipedia. Sett med norske \u00f8yne har Norge v\u00e6rt et godt og&hellip; <a class=\"more-link\" href=\"https:\/\/oma.skoletjenesten.no\/?p=797\">Fortsett \u00e5 lese <span class=\"screen-reader-text\">FN-landet Norge, en helt og to musikere<\/span><\/a><\/p>\n","protected":false},"author":1,"featured_media":0,"comment_status":"open","ping_status":"open","sticky":false,"template":"","format":"standard","meta":{"footnotes":""},"categories":[10],"tags":[],"class_list":["post-797","post","type-post","status-publish","format-standard","hentry","category-dagen-i-dag","entry"],"_links":{"self":[{"href":"https:\/\/oma.skoletjenesten.no\/index.php?rest_route=\/wp\/v2\/posts\/797","targetHints":{"allow":["GET"]}}],"collection":[{"href":"https:\/\/oma.skoletjenesten.no\/index.php?rest_route=\/wp\/v2\/posts"}],"about":[{"href":"https:\/\/oma.skoletjenesten.no\/index.php?rest_route=\/wp\/v2\/types\/post"}],"author":[{"embeddable":true,"href":"https:\/\/oma.skoletjenesten.no\/index.php?rest_route=\/wp\/v2\/users\/1"}],"replies":[{"embeddable":true,"href":"https:\/\/oma.skoletjenesten.no\/index.php?rest_route=%2Fwp%2Fv2%2Fcomments&post=797"}],"version-history":[{"count":4,"href":"https:\/\/oma.skoletjenesten.no\/index.php?rest_route=\/wp\/v2\/posts\/797\/revisions"}],"predecessor-version":[{"id":836,"href":"https:\/\/oma.skoletjenesten.no\/index.php?rest_route=\/wp\/v2\/posts\/797\/revisions\/836"}],"wp:attachment":[{"href":"https:\/\/oma.skoletjenesten.no\/index.php?rest_route=%2Fwp%2Fv2%2Fmedia&parent=797"}],"wp:term":[{"taxonomy":"category","embeddable":true,"href":"https:\/\/oma.skoletjenesten.no\/index.php?rest_route=%2Fwp%2Fv2%2Fcategories&post=797"},{"taxonomy":"post_tag","embeddable":true,"href":"https:\/\/oma.skoletjenesten.no\/index.php?rest_route=%2Fwp%2Fv2%2Ftags&post=797"}],"curies":[{"name":"wp","href":"https:\/\/api.w.org\/{rel}","templated":true}]}}