{"id":759,"date":"2024-11-08T10:01:06","date_gmt":"2024-11-08T10:01:06","guid":{"rendered":"https:\/\/oma.skoletjenesten.no\/?p=759"},"modified":"2024-11-18T21:25:03","modified_gmt":"2024-11-18T21:25:03","slug":"virtuell-virkelighet-44-24","status":"publish","type":"post","link":"https:\/\/oma.skoletjenesten.no\/?p=759","title":{"rendered":"Virtuell virkelighet 44\/24"},"content":{"rendered":"\n<p><small>Denne spalten het tidligere <em>Alternative fakta<\/em>, som fortsatt er kategori-betegnelsen. I<em> Alternative fakta<\/em> l\u00e5 vekten ofte mer p\u00e5 det alternative enn p\u00e5 fakta. Her i <em>Virtuell virkelighet<\/em> kan vekten&nbsp; ligge mer p\u00e5 det virtuelle enn p\u00e5 virkeligheten.<\/small><\/p>\n\n\n\n<p><small>Navneskiftet ble forklart i <a href=\"http:\/\/ttt.skoletjenesten.no\/alternative-fakta-3-21\/\" target=\"_blank\" rel=\"noreferrer noopener\">siste utgave av Alternative fakta 15. januar 2021<\/a>.<\/small><\/p>\n\n\n\n<hr class=\"wp-block-separator has-alpha-channel-opacity\"\/>\n\n\n\n<p><strong><em>Vv 1: Tallfeil.<\/em><\/strong> For to uker siden sto en notis i denne spalten om verdien av Oljefondet. Notisen inneholdt en tallfeil som er rettet i denne ukens <em><a href=\"https:\/\/oma.skoletjenesten.no\/?p=782\" data-type=\"link\" data-id=\"https:\/\/oma.skoletjenesten.no\/?p=782\" target=\"_blank\" rel=\"noreferrer noopener\">Tilbakeblikk<\/a><\/em>.<\/p>\n\n\n\n<p><a href=\"mailto:ttt@skoletjenesten.no?cc=&amp;bcc=&amp;subject=Vv%201\/44&amp;amptarget=\"><em>Kommenter denne notisen<\/em><\/a><\/p>\n\n\n\n<p class=\"has-text-align-center\">\u058e\u058e\u058e<\/p>\n\n\n\n<p><strong><em>Vv 2: Oversettelse.<\/em><\/strong> En mann med samme fornavn som en kjent tegneseriefigur ble denne uken valgt til president i Sambandsstatene. Det gj\u00f8r bl. a. at NRK kan bruke om igjen \u00e5tte \u00e5r gamle klipp. Siden NRK er skattefinansiert, kan medieselskapet kanskje betale for en bedre oversettelse av uttrykket <em>build a wall<\/em>.<\/p>\n\n\n\n<figure class=\"wp-block-video\"><video height=\"720\" style=\"aspect-ratio: 1280 \/ 720;\" width=\"1280\" controls src=\"https:\/\/oma.skoletjenesten.no\/wp-content\/uploads\/2024\/11\/20_Trump-2016-Wall-oversettes-som-war_150916-NRK-Dagsrevyen.mp4\"><\/video><figcaption class=\"wp-element-caption\">NRK Dagsrevyen 15. september 2016.<\/figcaption><\/figure>\n\n\n\n<p><a href=\"mailto:ttt@skoletjenesten.no?cc=&amp;bcc=&amp;subject=Vv%202\/44&amp;amptarget=\"><em>Kommenter denne notisen<\/em><\/a><\/p>\n\n\n\n<p class=\"has-text-align-center\">\u058e\u058e\u058e<\/p>\n\n\n<div class=\"wp-block-image is-style-twentytwentyone-border\">\n<figure class=\"alignright size-full\"><a href=\"https:\/\/oma.skoletjenesten.no\/wp-content\/uploads\/2024\/11\/25_USAvalg-1924_1924-1108_Opera-Bilde_2024-11-03_182334_e-avis.aftenposten.no_.png\" target=\"_blank\" rel=\"noreferrer noopener\"><img loading=\"lazy\" decoding=\"async\" width=\"517\" height=\"188\" src=\"https:\/\/oma.skoletjenesten.no\/wp-content\/uploads\/2024\/11\/25_USAvalg-1924_1924-1108_Opera-Bilde_2024-11-03_182334_e-avis.aftenposten.no_.png\" alt=\"\" class=\"wp-image-762\" srcset=\"https:\/\/oma.skoletjenesten.no\/wp-content\/uploads\/2024\/11\/25_USAvalg-1924_1924-1108_Opera-Bilde_2024-11-03_182334_e-avis.aftenposten.no_.png 517w, https:\/\/oma.skoletjenesten.no\/wp-content\/uploads\/2024\/11\/25_USAvalg-1924_1924-1108_Opera-Bilde_2024-11-03_182334_e-avis.aftenposten.no_-300x109.png 300w\" sizes=\"auto, (max-width: 517px) 100vw, 517px\" \/><\/a><figcaption class=\"wp-element-caption\">Aftenposten 8. november 1924. Klikk for st\u00f8rre bilde.<\/figcaption><\/figure>\n<\/div>\n\n\n<p><strong><em>Vv 3: Resultat.<\/em><\/strong> For hundre \u00e5r siden var det ogs\u00e5 valg i Sambandsstatene. Da var det \u00abmellomvalg\u00bb, dvs. valg av representanter til Kongressen (Senatet og Representantenes hus). Resultatet den gangen var omtrent som tilsvarende valg denne uken.<\/p>\n\n\n\n<p><a href=\"mailto:ttt@skoletjenesten.no?cc=&amp;bcc=&amp;subject=Vv%203\/44&amp;amptarget=\"><em>Kommenter denne notisen<\/em><\/a><\/p>\n\n\n\n<p class=\"has-text-align-center\">\u058e\u058e\u058e<\/p>\n\n\n<div class=\"wp-block-image is-style-twentytwentyone-border\">\n<figure class=\"alignright size-full\"><a href=\"http:\/\/torgeirs-tanker.skoletjenesten.no\/wp-content\/uploads\/2024\/11\/27_Harris-sluttale-OK.mp4\" target=\"_blank\" rel=\"noreferrer noopener\"><img loading=\"lazy\" decoding=\"async\" width=\"284\" height=\"398\" src=\"https:\/\/oma.skoletjenesten.no\/wp-content\/uploads\/2024\/11\/27_never_ever_OK.jpg\" alt=\"\" class=\"wp-image-767\" srcset=\"https:\/\/oma.skoletjenesten.no\/wp-content\/uploads\/2024\/11\/27_never_ever_OK.jpg 284w, https:\/\/oma.skoletjenesten.no\/wp-content\/uploads\/2024\/11\/27_never_ever_OK-214x300.jpg 214w\" sizes=\"auto, (max-width: 284px) 100vw, 284px\" \/><\/a><figcaption class=\"wp-element-caption\">Klikk for \u00e5 se og h\u00f8re Kamala Harris.<\/figcaption><\/figure>\n<\/div>\n\n\n<p><strong><em>Vv 4: Stamina.<\/em><\/strong> Kamala Harris, damen som <em>ikke<\/em> ble valgt til ny president i Sambandsstatene, holdt tale etter at valgresultatet var klart. Hun hentet sluttpoenget sitt fra tegningen ved siden av.<\/p>\n\n\n\n<p>.<\/p>\n\n\n\n<p>.<\/p>\n\n\n\n<p>.<\/p>\n\n\n\n<p>.<\/p>\n\n\n\n<p><a href=\"mailto:ttt@skoletjenesten.no?cc=&amp;bcc=&amp;subject=Vv%204\/44&amp;amptarget=\"><em>Kommenter denne notisen<\/em><\/a><\/p>\n\n\n\n<p class=\"has-text-align-center\">\u058e\u058e\u058e<\/p>\n\n\n\n<figure class=\"wp-block-embed alignright is-type-video is-provider-youtube wp-block-embed-youtube wp-embed-aspect-16-9 wp-has-aspect-ratio\"><div class=\"wp-block-embed__wrapper\">\n<iframe loading=\"lazy\" title=\"Leif Juster - Da lo folk\" width=\"750\" height=\"422\" src=\"https:\/\/www.youtube.com\/embed\/FyeM7bzw5Ws?feature=oembed\" frameborder=\"0\" allow=\"accelerometer; autoplay; clipboard-write; encrypted-media; gyroscope; picture-in-picture; web-share\" referrerpolicy=\"strict-origin-when-cross-origin\" allowfullscreen><\/iframe>\n<\/div><figcaption class=\"wp-element-caption\">NRKs nytt\u00e5rsunderholdning 1973.<\/figcaption><\/figure>\n\n\n\n<p><strong><em>Vv 5: Revy.<\/em><\/strong> Bilaget til denne spalten har et helt innlegg om <a href=\"https:\/\/oma.skoletjenesten.no\/?p=754\" data-type=\"link\" data-id=\"https:\/\/oma.skoletjenesten.no\/?p=754\" target=\"_blank\" rel=\"noreferrer noopener\">valget i Sambandsstatene<\/a>. Der omtales bl. a. politikersatire. Leif Juster hadde et revynummer der han beskrev hvor vanskelig slik satire etter hvert var blitt. Bloggeren s\u00e5 dette, og mener at originalutgaven foregikk foran sceneteppet.<\/p>\n\n\n\n<p><a href=\"mailto:ttt@skoletjenesten.no?cc=&amp;bcc=&amp;subject=Vv%205\/44&amp;amptarget=\"><em>Kommenter denne notisen<\/em><\/a><\/p>\n\n\n\n<p class=\"has-text-align-center\">\u058e\u058e\u058e<\/p>\n\n\n\n<figure class=\"wp-block-image size-large is-style-twentytwentyone-border\"><a href=\"https:\/\/oma.skoletjenesten.no\/wp-content\/uploads\/2024\/11\/40_Baerum-digital-kommuneee_Opera-Bilde_2024-11-06_135153_mk.ec_.evry_.com_.png\" target=\"_blank\" rel=\"noreferrer noopener\"><img loading=\"lazy\" decoding=\"async\" width=\"1024\" height=\"48\" src=\"https:\/\/oma.skoletjenesten.no\/wp-content\/uploads\/2024\/11\/40_Baerum-digital-kommuneee_Opera-Bilde_2024-11-06_135153_mk.ec_.evry_.com_-1024x48.png\" alt=\"\" class=\"wp-image-764\" srcset=\"https:\/\/oma.skoletjenesten.no\/wp-content\/uploads\/2024\/11\/40_Baerum-digital-kommuneee_Opera-Bilde_2024-11-06_135153_mk.ec_.evry_.com_-1024x48.png 1024w, https:\/\/oma.skoletjenesten.no\/wp-content\/uploads\/2024\/11\/40_Baerum-digital-kommuneee_Opera-Bilde_2024-11-06_135153_mk.ec_.evry_.com_-300x14.png 300w, https:\/\/oma.skoletjenesten.no\/wp-content\/uploads\/2024\/11\/40_Baerum-digital-kommuneee_Opera-Bilde_2024-11-06_135153_mk.ec_.evry_.com_-768x36.png 768w, https:\/\/oma.skoletjenesten.no\/wp-content\/uploads\/2024\/11\/40_Baerum-digital-kommuneee_Opera-Bilde_2024-11-06_135153_mk.ec_.evry_.com_.png 1312w\" sizes=\"auto, (max-width: 1024px) 100vw, 1024px\" \/><\/a><\/figure>\n\n\n<div class=\"wp-block-image is-style-twentytwentyone-border\">\n<figure class=\"alignright size-large\"><img loading=\"lazy\" decoding=\"async\" width=\"768\" height=\"1024\" src=\"https:\/\/oma.skoletjenesten.no\/wp-content\/uploads\/2024\/11\/40_OK-768x1024.jpg\" alt=\"\" class=\"wp-image-770\" srcset=\"https:\/\/oma.skoletjenesten.no\/wp-content\/uploads\/2024\/11\/40_OK-768x1024.jpg 768w, https:\/\/oma.skoletjenesten.no\/wp-content\/uploads\/2024\/11\/40_OK-225x300.jpg 225w, https:\/\/oma.skoletjenesten.no\/wp-content\/uploads\/2024\/11\/40_OK-1152x1536.jpg 1152w, https:\/\/oma.skoletjenesten.no\/wp-content\/uploads\/2024\/11\/40_OK-1536x2048.jpg 1536w, https:\/\/oma.skoletjenesten.no\/wp-content\/uploads\/2024\/11\/40_OK-1568x2091.jpg 1568w, https:\/\/oma.skoletjenesten.no\/wp-content\/uploads\/2024\/11\/40_OK-scaled.jpg 1920w\" sizes=\"auto, (max-width: 768px) 100vw, 768px\" \/><figcaption class=\"wp-element-caption\">H\u00e5ndskrevet kommunekonvolutt.<\/figcaption><\/figure>\n<\/div>\n\n\n<p><strong><em>Vv 6: Digitalt?<\/em><\/strong> Teksten ovenfor st\u00e5r p\u00e5 alle fakturaer fra B\u00e6rum kommune. Brevet p\u00e5 illustrasjonen ved siden av \u2013 med h\u00e5ndskrevet adresse! \u2013 l\u00e5 i bloggerens postkasse denne uken.<\/p>\n\n\n\n<p>.<\/p>\n\n\n\n<p>.<\/p>\n\n\n\n<p>.<\/p>\n\n\n\n<p><a href=\"mailto:ttt@skoletjenesten.no?cc=&amp;bcc=&amp;subject=Vv%206\/44&amp;amptarget=\"><em>Kommenter denne notisen<\/em><\/a><\/p>\n\n\n\n<p class=\"has-text-align-center\">\u058e\u058e\u058e<\/p>\n\n\n<div class=\"wp-block-image is-style-twentytwentyone-border\">\n<figure class=\"alignright size-full\"><a href=\"http:\/\/torgeirs-tanker.skoletjenesten.no\/wp-content\/uploads\/2024\/11\/60_Marengsepler.pdf\" target=\"_blank\" rel=\"noreferrer noopener\"><img loading=\"lazy\" decoding=\"async\" width=\"432\" height=\"859\" src=\"https:\/\/oma.skoletjenesten.no\/wp-content\/uploads\/2024\/11\/60_Marengsepler.jpg\" alt=\"\" class=\"wp-image-765\" srcset=\"https:\/\/oma.skoletjenesten.no\/wp-content\/uploads\/2024\/11\/60_Marengsepler.jpg 432w, https:\/\/oma.skoletjenesten.no\/wp-content\/uploads\/2024\/11\/60_Marengsepler-151x300.jpg 151w\" sizes=\"auto, (max-width: 432px) 100vw, 432px\" \/><\/a><figcaption class=\"wp-element-caption\">Klikk for leselig tekst.<\/figcaption><\/figure>\n<\/div>\n\n\n<p><strong><em>Vv 7: Oppskrift.<\/em><\/strong> Store deler av \u00e5rets epleh\u00f8st her p\u00e5 bruket er fremdeles ubehandlet. Bloggeren fant oppskriften ved siden av, og noen kan kanskje la seg inspirere av den. Smakspr\u00f8ver kan leveres hos bloggeren alle dager etter kl. 16.<\/p>\n\n\n\n<p>.<\/p>\n\n\n\n<p>.<\/p>\n\n\n\n<p>.<\/p>\n\n\n\n<p>.<\/p>\n\n\n\n<p>.<\/p>\n\n\n\n<p><a href=\"mailto:ttt@skoletjenesten.no?cc=&amp;bcc=&amp;subject=Vv%207\/44&amp;amptarget=\"><em>Kommenter denne notisen<\/em><\/a><\/p>\n\n\n\n<p class=\"has-text-align-center\">\u058e\u058e\u058e<\/p>\n\n\n<div class=\"wp-block-image is-style-twentytwentyone-border\">\n<figure class=\"alignright size-full\"><img loading=\"lazy\" decoding=\"async\" width=\"508\" height=\"65\" src=\"https:\/\/oma.skoletjenesten.no\/wp-content\/uploads\/2024\/11\/70_Voldens-vel_Opera-Bilde_2024-11-03_173112_eavis.budstikka.no_.png\" alt=\"\" class=\"wp-image-766\" srcset=\"https:\/\/oma.skoletjenesten.no\/wp-content\/uploads\/2024\/11\/70_Voldens-vel_Opera-Bilde_2024-11-03_173112_eavis.budstikka.no_.png 508w, https:\/\/oma.skoletjenesten.no\/wp-content\/uploads\/2024\/11\/70_Voldens-vel_Opera-Bilde_2024-11-03_173112_eavis.budstikka.no_-300x38.png 300w\" sizes=\"auto, (max-width: 508px) 100vw, 508px\" \/><figcaption class=\"wp-element-caption\">Asker og B\u00e6rums Budstikke 11. november 1924.<\/figcaption><\/figure>\n<\/div>\n\n\n<p><strong><em>Vv 8: Vold.<\/em><\/strong> Det var voldelige tider i gamle dager ogs\u00e5. Overskriften ved siden av etterlater ingen tvil om det.<\/p>\n\n\n\n<p><a href=\"mailto:ttt@skoletjenesten.no?cc=&amp;bcc=&amp;subject=Vv%208\/44&amp;amptarget=\"><em>Kommenter denne notisen<\/em><\/a><\/p>\n\n\n\n<p class=\"has-text-align-center\"><\/p>\n\n\n\n<div style=\"height:100px\" aria-hidden=\"true\" class=\"wp-block-spacer\"><\/div>\n\n\n\n<hr class=\"wp-block-separator has-alpha-channel-opacity\"\/>\n\n\n\n<p class=\"has-text-align-center\"><em><a href=\"https:\/\/oma.skoletjenesten.no\/?p=750\">Til innholdsliste for denne utgaven<\/a><\/em><\/p>\n\n\n\n<p><\/p>\n","protected":false},"excerpt":{"rendered":"<p>Denne spalten het tidligere Alternative fakta, som fortsatt er kategori-betegnelsen. I Alternative fakta l\u00e5 vekten ofte mer p\u00e5 det alternative enn p\u00e5 fakta. Her i Virtuell virkelighet kan vekten&nbsp; ligge mer p\u00e5 det virtuelle enn p\u00e5 virkeligheten. Navneskiftet ble forklart i siste utgave av Alternative fakta 15. januar 2021. Vv 1: Tallfeil. For to uker&hellip; <a class=\"more-link\" href=\"https:\/\/oma.skoletjenesten.no\/?p=759\">Fortsett \u00e5 lese <span class=\"screen-reader-text\">Virtuell virkelighet 44\/24<\/span><\/a><\/p>\n","protected":false},"author":1,"featured_media":0,"comment_status":"open","ping_status":"open","sticky":false,"template":"","format":"standard","meta":{"footnotes":""},"categories":[11],"tags":[],"class_list":["post-759","post","type-post","status-publish","format-standard","hentry","category-alternative-fakta","entry"],"_links":{"self":[{"href":"https:\/\/oma.skoletjenesten.no\/index.php?rest_route=\/wp\/v2\/posts\/759","targetHints":{"allow":["GET"]}}],"collection":[{"href":"https:\/\/oma.skoletjenesten.no\/index.php?rest_route=\/wp\/v2\/posts"}],"about":[{"href":"https:\/\/oma.skoletjenesten.no\/index.php?rest_route=\/wp\/v2\/types\/post"}],"author":[{"embeddable":true,"href":"https:\/\/oma.skoletjenesten.no\/index.php?rest_route=\/wp\/v2\/users\/1"}],"replies":[{"embeddable":true,"href":"https:\/\/oma.skoletjenesten.no\/index.php?rest_route=%2Fwp%2Fv2%2Fcomments&post=759"}],"version-history":[{"count":7,"href":"https:\/\/oma.skoletjenesten.no\/index.php?rest_route=\/wp\/v2\/posts\/759\/revisions"}],"predecessor-version":[{"id":843,"href":"https:\/\/oma.skoletjenesten.no\/index.php?rest_route=\/wp\/v2\/posts\/759\/revisions\/843"}],"wp:attachment":[{"href":"https:\/\/oma.skoletjenesten.no\/index.php?rest_route=%2Fwp%2Fv2%2Fmedia&parent=759"}],"wp:term":[{"taxonomy":"category","embeddable":true,"href":"https:\/\/oma.skoletjenesten.no\/index.php?rest_route=%2Fwp%2Fv2%2Fcategories&post=759"},{"taxonomy":"post_tag","embeddable":true,"href":"https:\/\/oma.skoletjenesten.no\/index.php?rest_route=%2Fwp%2Fv2%2Ftags&post=759"}],"curies":[{"name":"wp","href":"https:\/\/api.w.org\/{rel}","templated":true}]}}