{"id":716,"date":"2024-11-01T10:02:23","date_gmt":"2024-11-01T10:02:23","guid":{"rendered":"https:\/\/oma.skoletjenesten.no\/?p=716"},"modified":"2024-11-01T16:11:38","modified_gmt":"2024-11-01T16:11:38","slug":"novemberdager","status":"publish","type":"post","link":"https:\/\/oma.skoletjenesten.no\/?p=716","title":{"rendered":"Novemberdager"},"content":{"rendered":"\n<p>Det er 1. november i dag, og vi g\u00e5r inn i det som sies \u00e5 v\u00e6re \u00e5rets m\u00f8rkeste m\u00e5ned. Det stemmer i hvert fall n\u00e5r det gjelder lysforholdene. Dagene er korte \u2013 det er ikke sommertid lenger (men <em>normal<\/em>tid, ikke vintertid). Her omkring har sneen vanligvis ikke lagt seg, s\u00e5 den m\u00f8rke bakken reflekterer ikke det lille som finnes av lys. Det er f\u00f8rst med julebelysningen, som h\u00f8rer desember til, at m\u00f8rket blir brutt. Noe som kan bryte novemberm\u00f8rket, er enkelte merkedager.<\/p>\n\n\n\n<p>S\u00f8ndag \u2013 f\u00f8rste s\u00f8ndag i november \u2013 er <a href=\"https:\/\/www.forsvaret.no\/aktuelt-og-presse\/aktuelt\/forsvarets-minnedag\" data-type=\"link\" data-id=\"https:\/\/www.forsvaret.no\/aktuelt-og-presse\/aktuelt\/forsvarets-minnedag\" target=\"_blank\" rel=\"noreferrer noopener\">Forsvarets minnedag<\/a>. Den markeres hele helgen fra i dag, enkelte steder ogs\u00e5 p\u00e5 mandag. Minnedagen hedrer de som har mistet livet i Forsvarets tjeneste, mens veterandagen 8. mai hedrer de som fortsatt er blant oss, og som har gjort internasjonal tjeneste for Forsvaret.<\/p>\n\n\n\n<p>Heder til falne og veteraner markerer mange andre land p\u00e5 datoen 11. november, v\u00e5penhviledagen etter 1. verdenskrig. I Storbritannia ble dette helt frem til utbruddet av 2. verdenskrig markert med to minutters stillhet \u2013 alt, inkludert trafikken, stoppet opp. Noe slikt har jeg bare opplevd \u00e9n gang her i landet, da trafikken p\u00e5 E-18 stanset som en markering etter terroraksjonen 25. juli 2011.<\/p>\n\n\n\n<p>For britiske barn er 5. november en morsom dag (<em><a href=\"https:\/\/no.wikipedia.org\/wiki\/Guy_Fawkes_Night\" data-type=\"link\" data-id=\"https:\/\/www.forsvaret.no\/aktuelt-og-presse\/aktuelt\/forsvarets-minnedag\" target=\"_blank\" rel=\"noreferrer noopener\">Guy Fawkes Day<\/a><\/em> eller <em>Bonfire Night<\/em>), men dagen har sitt opphav i \u00abkruttsammensvergelsen\u00bb i 1605, et fors\u00f8k p\u00e5 \u00e5 sprenge det britiske parlamentet i luften.<\/p>\n\n\n\n<p>Den minst kjente merkedagen i november er 2.11 (\u00abaan i ellevte\u00bb ), ogs\u00e5 kalt <a href=\"https:\/\/ttt.skoletjenesten.no\/du-skal-ikke-misbruke-guds-navn\/\" data-type=\"link\" data-id=\"https:\/\/ttt.skoletjenesten.no\/du-skal-ikke-misbruke-guds-navn\/\" target=\"_blank\" rel=\"noreferrer noopener\">den kristne bannedagen<\/a>. Det er i morgen, og da kan de som har f\u00f8dselsdag i november enten uttale datoen med f\u00f8lelse, eller tr\u00f8ste seg med Povel Ramels novembervise:<\/p>\n\n\n\n<figure class=\"wp-block-embed is-type-video is-provider-youtube wp-block-embed-youtube wp-embed-aspect-4-3 wp-has-aspect-ratio\"><div class=\"wp-block-embed__wrapper\">\n<iframe loading=\"lazy\" title=\"Povel Ramel - Novembervisa\" width=\"750\" height=\"563\" src=\"https:\/\/www.youtube.com\/embed\/R6HFHMhBPVM?feature=oembed\" frameborder=\"0\" allow=\"accelerometer; autoplay; clipboard-write; encrypted-media; gyroscope; picture-in-picture; web-share\" referrerpolicy=\"strict-origin-when-cross-origin\" allowfullscreen><\/iframe>\n<\/div><\/figure>\n\n\n\n<div style=\"height:100px\" aria-hidden=\"true\" class=\"wp-block-spacer\"><\/div>\n\n\n\n<hr class=\"wp-block-separator has-alpha-channel-opacity\"\/>\n\n\n\n<p class=\"has-text-align-center\"><em><a href=\"https:\/\/oma.skoletjenesten.no\/?p=718\">Til innholdsliste for denne utgaven<\/a><\/em><\/p>\n","protected":false},"excerpt":{"rendered":"<p>Det er 1. november i dag, og vi g\u00e5r inn i det som sies \u00e5 v\u00e6re \u00e5rets m\u00f8rkeste m\u00e5ned. Det stemmer i hvert fall n\u00e5r det gjelder lysforholdene. Dagene er korte \u2013 det er ikke sommertid lenger (men normaltid, ikke vintertid). Her omkring har sneen vanligvis ikke lagt seg, s\u00e5 den m\u00f8rke bakken reflekterer ikke&hellip; <a class=\"more-link\" href=\"https:\/\/oma.skoletjenesten.no\/?p=716\">Fortsett \u00e5 lese <span class=\"screen-reader-text\">Novemberdager<\/span><\/a><\/p>\n","protected":false},"author":1,"featured_media":0,"comment_status":"open","ping_status":"open","sticky":false,"template":"","format":"standard","meta":{"footnotes":""},"categories":[10],"tags":[],"class_list":["post-716","post","type-post","status-publish","format-standard","hentry","category-dagen-i-dag","entry"],"_links":{"self":[{"href":"https:\/\/oma.skoletjenesten.no\/index.php?rest_route=\/wp\/v2\/posts\/716","targetHints":{"allow":["GET"]}}],"collection":[{"href":"https:\/\/oma.skoletjenesten.no\/index.php?rest_route=\/wp\/v2\/posts"}],"about":[{"href":"https:\/\/oma.skoletjenesten.no\/index.php?rest_route=\/wp\/v2\/types\/post"}],"author":[{"embeddable":true,"href":"https:\/\/oma.skoletjenesten.no\/index.php?rest_route=\/wp\/v2\/users\/1"}],"replies":[{"embeddable":true,"href":"https:\/\/oma.skoletjenesten.no\/index.php?rest_route=%2Fwp%2Fv2%2Fcomments&post=716"}],"version-history":[{"count":4,"href":"https:\/\/oma.skoletjenesten.no\/index.php?rest_route=\/wp\/v2\/posts\/716\/revisions"}],"predecessor-version":[{"id":738,"href":"https:\/\/oma.skoletjenesten.no\/index.php?rest_route=\/wp\/v2\/posts\/716\/revisions\/738"}],"wp:attachment":[{"href":"https:\/\/oma.skoletjenesten.no\/index.php?rest_route=%2Fwp%2Fv2%2Fmedia&parent=716"}],"wp:term":[{"taxonomy":"category","embeddable":true,"href":"https:\/\/oma.skoletjenesten.no\/index.php?rest_route=%2Fwp%2Fv2%2Fcategories&post=716"},{"taxonomy":"post_tag","embeddable":true,"href":"https:\/\/oma.skoletjenesten.no\/index.php?rest_route=%2Fwp%2Fv2%2Ftags&post=716"}],"curies":[{"name":"wp","href":"https:\/\/api.w.org\/{rel}","templated":true}]}}