{"id":680,"date":"2024-10-25T10:03:24","date_gmt":"2024-10-25T10:03:24","guid":{"rendered":"https:\/\/oma.skoletjenesten.no\/?p=680"},"modified":"2024-11-15T23:40:11","modified_gmt":"2024-11-15T23:40:11","slug":"to-slutter-og-en-opera","status":"publish","type":"post","link":"https:\/\/oma.skoletjenesten.no\/?p=680","title":{"rendered":"To slutter og en opera"},"content":{"rendered":"\n<p>P\u00e5 dagens dato i 1648 tok <a href=\"https:\/\/snl.no\/tretti\u00e5rskrigen\" data-type=\"link\" data-id=\"https:\/\/snl.no\/tretti\u00e5rskrigen\" target=\"_blank\" rel=\"noreferrer noopener\">30-\u00e5rskrigen<\/a> slutt med freden i Westfalen. Det var egentlig flere kriger, for i perioden 1618-1648 var det jevnlig ufred i Europa.<\/p>\n\n\n\n<p>325 \u00e5r etter freden i Westfalen var det slutt p\u00e5 tobakksreklame i Norge. Jeg kan ikke huske at det tiltaket reduserte r\u00f8ykingen noe s\u00e6rlig.<\/p>\n\n\n\n<p>S\u00e5 er det musikkf\u00f8dselsdag i dag: Den franske komponisten George Bizet (1838-1875) ville ha fylt 186 \u00e5r. Han er kanskje mest kjent for operaen <em>Carmen<\/em>, og jeg minnes at <em>Toreador-marsj<\/em> derfra sto p\u00e5 H\u00f8vik skoles strykeorkesters repertoar. Innspillingen nedenfor gir trolig en st\u00f8rre lytteropplevelse.<\/p>\n\n\n\n<figure class=\"wp-block-embed is-type-video is-provider-youtube wp-block-embed-youtube wp-embed-aspect-4-3 wp-has-aspect-ratio\"><div class=\"wp-block-embed__wrapper\">\n<iframe loading=\"lazy\" title=\"Bizet: Carmen-Toreador song - Laurent Naouri\" width=\"750\" height=\"563\" src=\"https:\/\/www.youtube.com\/embed\/e5qmSEvDEGs?feature=oembed\" frameborder=\"0\" allow=\"accelerometer; autoplay; clipboard-write; encrypted-media; gyroscope; picture-in-picture; web-share\" referrerpolicy=\"strict-origin-when-cross-origin\" allowfullscreen><\/iframe>\n<\/div><\/figure>\n\n\n\n<div style=\"height:100px\" aria-hidden=\"true\" class=\"wp-block-spacer\"><\/div>\n\n\n\n<hr class=\"wp-block-separator has-alpha-channel-opacity\"\/>\n\n\n\n<p class=\"has-text-align-center\"><em><a href=\"https:\/\/oma.skoletjenesten.no\/?p=678\">Til innholdsliste for denne utgaven<\/a><\/em><\/p>\n","protected":false},"excerpt":{"rendered":"<p>P\u00e5 dagens dato i 1648 tok 30-\u00e5rskrigen slutt med freden i Westfalen. Det var egentlig flere kriger, for i perioden 1618-1648 var det jevnlig ufred i Europa. 325 \u00e5r etter freden i Westfalen var det slutt p\u00e5 tobakksreklame i Norge. Jeg kan ikke huske at det tiltaket reduserte r\u00f8ykingen noe s\u00e6rlig. S\u00e5 er det musikkf\u00f8dselsdag&hellip; <a class=\"more-link\" href=\"https:\/\/oma.skoletjenesten.no\/?p=680\">Fortsett \u00e5 lese <span class=\"screen-reader-text\">To slutter og en opera<\/span><\/a><\/p>\n","protected":false},"author":1,"featured_media":0,"comment_status":"open","ping_status":"open","sticky":false,"template":"","format":"standard","meta":{"footnotes":""},"categories":[10],"tags":[],"class_list":["post-680","post","type-post","status-publish","format-standard","hentry","category-dagen-i-dag","entry"],"_links":{"self":[{"href":"https:\/\/oma.skoletjenesten.no\/index.php?rest_route=\/wp\/v2\/posts\/680","targetHints":{"allow":["GET"]}}],"collection":[{"href":"https:\/\/oma.skoletjenesten.no\/index.php?rest_route=\/wp\/v2\/posts"}],"about":[{"href":"https:\/\/oma.skoletjenesten.no\/index.php?rest_route=\/wp\/v2\/types\/post"}],"author":[{"embeddable":true,"href":"https:\/\/oma.skoletjenesten.no\/index.php?rest_route=\/wp\/v2\/users\/1"}],"replies":[{"embeddable":true,"href":"https:\/\/oma.skoletjenesten.no\/index.php?rest_route=%2Fwp%2Fv2%2Fcomments&post=680"}],"version-history":[{"count":3,"href":"https:\/\/oma.skoletjenesten.no\/index.php?rest_route=\/wp\/v2\/posts\/680\/revisions"}],"predecessor-version":[{"id":705,"href":"https:\/\/oma.skoletjenesten.no\/index.php?rest_route=\/wp\/v2\/posts\/680\/revisions\/705"}],"wp:attachment":[{"href":"https:\/\/oma.skoletjenesten.no\/index.php?rest_route=%2Fwp%2Fv2%2Fmedia&parent=680"}],"wp:term":[{"taxonomy":"category","embeddable":true,"href":"https:\/\/oma.skoletjenesten.no\/index.php?rest_route=%2Fwp%2Fv2%2Fcategories&post=680"},{"taxonomy":"post_tag","embeddable":true,"href":"https:\/\/oma.skoletjenesten.no\/index.php?rest_route=%2Fwp%2Fv2%2Ftags&post=680"}],"curies":[{"name":"wp","href":"https:\/\/api.w.org\/{rel}","templated":true}]}}