{"id":631,"date":"2024-10-18T15:02:01","date_gmt":"2024-10-18T15:02:01","guid":{"rendered":"https:\/\/oma.skoletjenesten.no\/?p=631"},"modified":"2024-10-24T22:27:51","modified_gmt":"2024-10-24T22:27:51","slug":"pflp-og-ballongferd","status":"publish","type":"post","link":"https:\/\/oma.skoletjenesten.no\/?p=631","title":{"rendered":"PFLP og ballongferd"},"content":{"rendered":"\n<p>I dag markeres Lukasdagen. Det er i evangeliet etter Lukas vi finner <a href=\"https:\/\/bibel.no\/om-bibelen\/laer-om-bibelen\/bibelen-i-h\u00f8ytidene\/jul\/juleevangeliet#les-og-hor\" data-type=\"link\" data-id=\"https:\/\/bibel.no\/om-bibelen\/laer-om-bibelen\/bibelen-i-h\u00f8ytidene\/jul\/juleevangeliet#les-og-hor\" target=\"_blank\" rel=\"noreferrer noopener\">juleevangeliet<\/a>. P\u00e5 dagens dato i 1977 skjedde en annen begivenhet knyttet til omr\u00e5det som juleevangeliet henter sin handling fra.<\/p>\n\n\n\n<p>Et Lufthansa-fly ble kapret av <em>Folkefronten for Palestinas frigj\u00f8ring<\/em> (PFLP) og tvunget til Mogadishu i Somalia. Der drepte kaprerne flykapteinen, mens de \u00f8vrige gislene ble befridd ved en aksjon av den vesttyske antiterrorstyrken GSG9.<\/p>\n\n\n\n<p>Kapringen og aksjonen mot kaprerne skjedde langt fra Norge, men den eneste overlevende av kaprerne dukket i 1991 opp som asyls\u00f8ker i Norge. <a href=\"https:\/\/no.wikipedia.org\/wiki\/Souhaila_Andrawes\" data-type=\"link\" data-id=\"https:\/\/no.wikipedia.org\/wiki\/Souhaila_Andrawes\" target=\"_blank\" rel=\"noreferrer noopener\">Souhaila Andrawes<\/a> bor visst fortsatt i Norge.<\/p>\n\n\n\n<p>Den svenske ingeni\u00f8ren Salomon August Andr\u00e9e ble f\u00f8dt p\u00e5 dagens dato i 1854. Han ville pr\u00f8ve \u00e5 n\u00e5 Nordpolen med ballong, og tok av fra Spitsbergen sommeren 1897. Hvordan det gikk, kan man lese i Per Olof Sundmans dokumentarroman <em><a href=\"https:\/\/www.nb.no\/items\/a02912a6de18fcb68de101dbb2716398?page=0\" data-type=\"link\" data-id=\"https:\/\/www.nb.no\/items\/a02912a6de18fcb68de101dbb2716398?page=0\" target=\"_blank\" rel=\"noreferrer noopener\">Ingeni\u00f8r Andr\u00e9es luftferd<\/a><\/em> (ogs\u00e5 filmatisert). P\u00e5 norsk ble boken utgitt av Gyldendal (et dokumentarbok-aktuelt forlag n\u00e5 med den omdiskuterte <em><a href=\"https:\/\/www.norli.no\/boker\/dokumentar-og-fakta\/historie-og-dokumentar\/debatt-og-samfunn\/partiet\" data-type=\"link\" data-id=\"https:\/\/www.norli.no\/boker\/dokumentar-og-fakta\/historie-og-dokumentar\/debatt-og-samfunn\/partiet\" target=\"_blank\" rel=\"noreferrer noopener\">Partiet<\/a><\/em>), som skrev dette forordet:<\/p>\n\n\n<div class=\"wp-block-image\">\n<figure class=\"aligncenter size-full\"><a href=\"https:\/\/www.nb.no\/items\/a02912a6de18fcb68de101dbb2716398?page=0\" target=\"_blank\" rel=\"noreferrer noopener\"><img loading=\"lazy\" decoding=\"async\" width=\"406\" height=\"814\" src=\"https:\/\/oma.skoletjenesten.no\/wp-content\/uploads\/2024\/10\/Andree.jpg\" alt=\"\" class=\"wp-image-642\" srcset=\"https:\/\/oma.skoletjenesten.no\/wp-content\/uploads\/2024\/10\/Andree.jpg 406w, https:\/\/oma.skoletjenesten.no\/wp-content\/uploads\/2024\/10\/Andree-150x300.jpg 150w\" sizes=\"auto, (max-width: 406px) 100vw, 406px\" \/><\/a><\/figure>\n<\/div>\n\n\n<p>Klikk for \u00e5 lese <em>Ingeni\u00f8r Andr\u00e9es luftferd<\/em> p\u00e5 Nasjonalbibliotekets nettsider.<\/p>\n\n\n\n<div style=\"height:100px\" aria-hidden=\"true\" class=\"wp-block-spacer\"><\/div>\n\n\n\n<hr class=\"wp-block-separator has-alpha-channel-opacity\"\/>\n\n\n\n<p class=\"has-text-align-center\"><em><a href=\"https:\/\/oma.skoletjenesten.no\/?p=666\">Til innholdsliste for denne utgaven<\/a><\/em><\/p>\n","protected":false},"excerpt":{"rendered":"<p>I dag markeres Lukasdagen. Det er i evangeliet etter Lukas vi finner juleevangeliet. P\u00e5 dagens dato i 1977 skjedde en annen begivenhet knyttet til omr\u00e5det som juleevangeliet henter sin handling fra. Et Lufthansa-fly ble kapret av Folkefronten for Palestinas frigj\u00f8ring (PFLP) og tvunget til Mogadishu i Somalia. Der drepte kaprerne flykapteinen, mens de \u00f8vrige gislene&hellip; <a class=\"more-link\" href=\"https:\/\/oma.skoletjenesten.no\/?p=631\">Fortsett \u00e5 lese <span class=\"screen-reader-text\">PFLP og ballongferd<\/span><\/a><\/p>\n","protected":false},"author":1,"featured_media":0,"comment_status":"open","ping_status":"open","sticky":false,"template":"","format":"standard","meta":{"footnotes":""},"categories":[10],"tags":[],"class_list":["post-631","post","type-post","status-publish","format-standard","hentry","category-dagen-i-dag","entry"],"_links":{"self":[{"href":"https:\/\/oma.skoletjenesten.no\/index.php?rest_route=\/wp\/v2\/posts\/631","targetHints":{"allow":["GET"]}}],"collection":[{"href":"https:\/\/oma.skoletjenesten.no\/index.php?rest_route=\/wp\/v2\/posts"}],"about":[{"href":"https:\/\/oma.skoletjenesten.no\/index.php?rest_route=\/wp\/v2\/types\/post"}],"author":[{"embeddable":true,"href":"https:\/\/oma.skoletjenesten.no\/index.php?rest_route=\/wp\/v2\/users\/1"}],"replies":[{"embeddable":true,"href":"https:\/\/oma.skoletjenesten.no\/index.php?rest_route=%2Fwp%2Fv2%2Fcomments&post=631"}],"version-history":[{"count":6,"href":"https:\/\/oma.skoletjenesten.no\/index.php?rest_route=\/wp\/v2\/posts\/631\/revisions"}],"predecessor-version":[{"id":668,"href":"https:\/\/oma.skoletjenesten.no\/index.php?rest_route=\/wp\/v2\/posts\/631\/revisions\/668"}],"wp:attachment":[{"href":"https:\/\/oma.skoletjenesten.no\/index.php?rest_route=%2Fwp%2Fv2%2Fmedia&parent=631"}],"wp:term":[{"taxonomy":"category","embeddable":true,"href":"https:\/\/oma.skoletjenesten.no\/index.php?rest_route=%2Fwp%2Fv2%2Fcategories&post=631"},{"taxonomy":"post_tag","embeddable":true,"href":"https:\/\/oma.skoletjenesten.no\/index.php?rest_route=%2Fwp%2Fv2%2Ftags&post=631"}],"curies":[{"name":"wp","href":"https:\/\/api.w.org\/{rel}","templated":true}]}}