{"id":608,"date":"2024-10-11T10:00:55","date_gmt":"2024-10-11T10:00:55","guid":{"rendered":"https:\/\/oma.skoletjenesten.no\/?p=608"},"modified":"2024-12-25T13:41:55","modified_gmt":"2024-12-25T13:41:55","slug":"virtuell-virkelighet-40-24","status":"publish","type":"post","link":"https:\/\/oma.skoletjenesten.no\/?p=608","title":{"rendered":"Virtuell virkelighet 40\/24"},"content":{"rendered":"\n<p><small>Denne spalten het tidligere <em>Alternative fakta<\/em>, som fortsatt er kategori-betegnelsen. I<em> Alternative fakta<\/em> l\u00e5 vekten ofte mer p\u00e5 det alternative enn p\u00e5 fakta. Her i <em>Virtuell virkelighet<\/em> kan vekten&nbsp; ligge mer p\u00e5 det virtuelle enn p\u00e5 virkeligheten.<\/small><\/p>\n\n\n\n<p><small>Navneskiftet ble forklart i <a href=\"http:\/\/ttt.skoletjenesten.no\/alternative-fakta-3-21\/\" target=\"_blank\" rel=\"noreferrer noopener\">siste utgave av Alternative fakta 15. januar 2021<\/a>.<\/small><\/p>\n\n\n\n<hr class=\"wp-block-separator has-alpha-channel-opacity\"\/>\n\n\n\n<p><strong><em>Vv 1: Teknikknytt.<\/em><\/strong> Faste lesere av bloggen har registrert at menyvalget <em>S\u00f8k\u2026<\/em> har kommet til som et nytt punkt p\u00e5 menyen \u00f8verst. Her kan man s\u00f8ke i hele bloggen (alle utgaver i alle \u00e5rganger), mens s\u00f8kefunksjonen \u00f8verst i h\u00f8yre hj\u00f8rne bare s\u00f8ker i den delen av bloggen som ligger p\u00e5 den nettadressen som st\u00e5r i adressefeltet.<\/p>\n\n\n\n<p><a href=\"mailto:ttt@skoletjenesten.no?cc=&amp;bcc=&amp;subject=Vv%201\/40&amp;amptarget=\"><em>Kommenter denne notisen<\/em><\/a><\/p>\n\n\n\n<p class=\"has-text-align-center\">\u058e\u058e\u058e<\/p>\n\n\n\n<p><strong>Vv 2: Vinterside.<\/strong> Mandag \u2013 14. oktober \u2013 er <a href=\"https:\/\/ttt.skoletjenesten.no\/alternative-fakta-41-20\/#vinterdag\" data-type=\"link\" data-id=\"https:\/\/ttt.skoletjenesten.no\/alternative-fakta-41-20\/#vinterdag\" target=\"_blank\" rel=\"noreferrer noopener\">vinterdagen<\/a>. Husk \u00e5 snu primstaven!<\/p>\n\n\n\n<p><a href=\"mailto:ttt@skoletjenesten.no?cc=&amp;bcc=&amp;subject=Vv%202\/40&amp;amptarget=\"><em>Kommenter denne notisen<\/em><\/a><\/p>\n\n\n\n<p class=\"has-text-align-center\">\u058e\u058e\u058e<\/p>\n\n\n\n<p><strong><em>Vv 3: Fjernstyring?<\/em><\/strong> I forbindelse med reise blir neste ukes bloggutgave til en viss grad fjernstyrt. Hvis den ukentlige abonnentmeldingen ikke kommer som vanlig, kan det skyldes reisetekniske problemer. I s\u00e5 fall oppfordres abonnentene til \u00e5 unders\u00f8ke om utgave 40\/24 er \u00e5 finne p\u00e5 nettadressen <a href=\"https:\/\/oma.skoletjenesten.no\/\" target=\"_blank\" rel=\"noreferrer noopener\">https:\/\/oma.skoletjenesten.no\/<\/a>.<\/p>\n\n\n\n<p><a href=\"mailto:ttt@skoletjenesten.no?cc=&amp;bcc=&amp;subject=Vv%203\/40&amp;amptarget=\"><em>Kommenter denne notisen<\/em><\/a><\/p>\n\n\n\n<p class=\"has-text-align-center\" id=\"samsvarsb\u00f8ying\">\u058e\u058e\u058e<\/p>\n\n\n\n<p><strong><em>Vv 4: Minister.<\/em><\/strong> Finansminister Trygve Slagsvold Vedum \u00e5pnet finanstalen med et p\u00e5bud til det norske folk:<\/p>\n\n\n\n<figure class=\"wp-block-audio\"><audio controls src=\"https:\/\/oma.skoletjenesten.no\/wp-content\/uploads\/2024\/10\/20_Finanstalen.wav\"><\/audio><\/figure>\n\n\n\n<p><a href=\"mailto:ttt@skoletjenesten.no?cc=&amp;bcc=&amp;subject=Vv%204\/40&amp;amptarget=\"><em>Kommenter denne notisen<\/em><\/a><\/p>\n\n\n\n<p class=\"has-text-align-center\">\u058e\u058e\u058e<\/p>\n\n\n\n<p><strong><em>Vv 5: Formann.<\/em><\/strong> Partiformann Trygve Slagsm\u00e5l Vedum dokumenterte i finanstalen og det etterf\u00f8lgende replikkordskiftet at han har hengt seg opp i enkelte formuleringer som han mener karakteriserer den forrige regjeringen:<\/p>\n\n\n\n<figure class=\"wp-block-audio\"><audio controls src=\"https:\/\/oma.skoletjenesten.no\/wp-content\/uploads\/2024\/10\/25_Politikertull-Da-ES-og-SylviListhaug-styrte_241007_TrygveSVedum_Finanstalereplikk.mp3\"><\/audio><\/figure>\n\n\n\n<p>Men Sylvi Listhaug har da aldri styrt Norge, selv om hun har g\u00e5tt av fra et par statsr\u00e5dsposter &#8230;<\/p>\n\n\n\n<p><a href=\"mailto:ttt@skoletjenesten.no?cc=&amp;bcc=&amp;subject=Vv%205\/40&amp;amptarget=\"><em>Kommenter denne notisen<\/em><\/a><\/p>\n\n\n\n<p class=\"has-text-align-center\">\u058e\u058e\u058e<\/p>\n\n\n\n<p><strong><em>Vv 6: Uenighet.<\/em><\/strong> I en nyhetskommentar ble det nevnt at Israels statsminister Netanyahu ikke har full st\u00f8tte hjemme for regjeringens krigf\u00f8ring. I den sammenhengen tillater bloggeren seg \u00e5 p\u00e5peke at det statsb\u00e6rende partiet Nasjonal Samling i 1943 hadde et medlemstall p\u00e5 43.400 (av en befolkning p\u00e5 litt over tre millioner). Som kjent st\u00f8ttet ikke NS London-regeringens krigf\u00f8ring. Bloggeren ser ingen andre likheter mellom de to krigsmotstands-grupperingene.<\/p>\n\n\n\n<p><a href=\"mailto:ttt@skoletjenesten.no?cc=&amp;bcc=&amp;subject=Vv%206\/40&amp;amptarget=\"><em>Kommenter denne notisen<\/em><\/a><\/p>\n\n\n\n<p class=\"has-text-align-center\">\u058e\u058e\u058e<\/p>\n\n\n<div class=\"wp-block-image\">\n<figure class=\"alignright size-large\"><a href=\"https:\/\/oma.skoletjenesten.no\/wp-content\/uploads\/2024\/10\/50_Alltidyheter-nettadresse.jpg\" target=\"_blank\" rel=\"noreferrer noopener\"><img loading=\"lazy\" decoding=\"async\" width=\"1024\" height=\"640\" src=\"https:\/\/oma.skoletjenesten.no\/wp-content\/uploads\/2024\/10\/50_Alltidyheter-nettadresse-1024x640.jpg\" alt=\"\" class=\"wp-image-612\" srcset=\"https:\/\/oma.skoletjenesten.no\/wp-content\/uploads\/2024\/10\/50_Alltidyheter-nettadresse-1024x640.jpg 1024w, https:\/\/oma.skoletjenesten.no\/wp-content\/uploads\/2024\/10\/50_Alltidyheter-nettadresse-300x188.jpg 300w, https:\/\/oma.skoletjenesten.no\/wp-content\/uploads\/2024\/10\/50_Alltidyheter-nettadresse-768x480.jpg 768w, https:\/\/oma.skoletjenesten.no\/wp-content\/uploads\/2024\/10\/50_Alltidyheter-nettadresse-1536x960.jpg 1536w, https:\/\/oma.skoletjenesten.no\/wp-content\/uploads\/2024\/10\/50_Alltidyheter-nettadresse-1568x980.jpg 1568w, https:\/\/oma.skoletjenesten.no\/wp-content\/uploads\/2024\/10\/50_Alltidyheter-nettadresse.jpg 1680w\" sizes=\"auto, (max-width: 1024px) 100vw, 1024px\" \/><\/a><figcaption class=\"wp-element-caption\">Fra NRKs nettsider. Klikk for st\u00f8rre bilde.<\/figcaption><\/figure>\n<\/div>\n\n\n<p><strong><em>Vv 7: Kanalnavn.<\/em><\/strong> Bloggeren bruker fortsatt det opprinnelige navnet <em>Alltid nyheter<\/em> p\u00e5 den sammenhengende nyhetssendingen fra den skattefinansierte radiokanalen NRK. Det gj\u00f8r ogs\u00e5 NRK selv, slik bildet ved siden av viser (innsirkling med r\u00f8dt).<\/p>\n\n\n\n<p><a href=\"mailto:ttt@skoletjenesten.no?cc=&amp;bcc=&amp;subject=Vv%207\/40&amp;amptarget=\"><em>Kommenter denne notisen<\/em><\/a><\/p>\n\n\n\n<p class=\"has-text-align-center\">\u058e\u058e\u058e<\/p>\n\n\n\n<p id=\"mossadfilm\"><strong><em>Vv 8: Filmsamarbeid.<\/em><\/strong> I et unikt samarbeid har den israelske etterretningstjenesten <em>Mossad<\/em> og Irans revolusjonsgarde produsert en kulturell kortfilm, som f\u00e5r verdenspremiere her. Filmen tar utgangspunkt i Johan Herman Wessels avsluttende moral i diktet <em>Smeden og bageren<\/em>. Lyden er dessverre ikke helt god. Det skyldes at den iranske lydteknikeren ble distrahert av noen damer som ikke ville dekke h\u00e5ret. Bloggeren advarer mot sterke scener i slutten av filmen.<\/p>\n\n\n\n<figure class=\"wp-block-video\"><video height=\"588\" style=\"aspect-ratio: 1058 \/ 588;\" width=\"1058\" controls src=\"https:\/\/oma.skoletjenesten.no\/wp-content\/uploads\/2024\/10\/90_Iranrakett_OK-2.mp4\"><\/video><figcaption class=\"wp-element-caption\"><em>Mossad<\/em> og den iranske revolusjonsgarden har lagd en samproduksjon.<\/figcaption><\/figure>\n\n\n\n<p><a href=\"mailto:ttt@skoletjenesten.no?cc=&amp;bcc=&amp;subject=Vv%208\/40&amp;amptarget=\"><em>Kommenter denne notisen<\/em><\/a><\/p>\n\n\n\n<div style=\"height:100px\" aria-hidden=\"true\" class=\"wp-block-spacer\"><\/div>\n\n\n\n<hr class=\"wp-block-separator has-alpha-channel-opacity\"\/>\n\n\n\n<p class=\"has-text-align-center\"><em><a href=\"https:\/\/oma.skoletjenesten.no\/?p=591\">Til innholdsliste for denne utgaven<\/a><\/em><\/p>\n","protected":false},"excerpt":{"rendered":"<p>Denne spalten het tidligere Alternative fakta, som fortsatt er kategori-betegnelsen. I Alternative fakta l\u00e5 vekten ofte mer p\u00e5 det alternative enn p\u00e5 fakta. Her i Virtuell virkelighet kan vekten&nbsp; ligge mer p\u00e5 det virtuelle enn p\u00e5 virkeligheten. Navneskiftet ble forklart i siste utgave av Alternative fakta 15. januar 2021. Vv 1: Teknikknytt. Faste lesere av&hellip; <a class=\"more-link\" href=\"https:\/\/oma.skoletjenesten.no\/?p=608\">Fortsett \u00e5 lese <span class=\"screen-reader-text\">Virtuell virkelighet 40\/24<\/span><\/a><\/p>\n","protected":false},"author":1,"featured_media":0,"comment_status":"open","ping_status":"open","sticky":false,"template":"","format":"standard","meta":{"footnotes":""},"categories":[1],"tags":[],"class_list":["post-608","post","type-post","status-publish","format-standard","hentry","category-uncategorized","entry"],"_links":{"self":[{"href":"https:\/\/oma.skoletjenesten.no\/index.php?rest_route=\/wp\/v2\/posts\/608","targetHints":{"allow":["GET"]}}],"collection":[{"href":"https:\/\/oma.skoletjenesten.no\/index.php?rest_route=\/wp\/v2\/posts"}],"about":[{"href":"https:\/\/oma.skoletjenesten.no\/index.php?rest_route=\/wp\/v2\/types\/post"}],"author":[{"embeddable":true,"href":"https:\/\/oma.skoletjenesten.no\/index.php?rest_route=\/wp\/v2\/users\/1"}],"replies":[{"embeddable":true,"href":"https:\/\/oma.skoletjenesten.no\/index.php?rest_route=%2Fwp%2Fv2%2Fcomments&post=608"}],"version-history":[{"count":12,"href":"https:\/\/oma.skoletjenesten.no\/index.php?rest_route=\/wp\/v2\/posts\/608\/revisions"}],"predecessor-version":[{"id":2552,"href":"https:\/\/oma.skoletjenesten.no\/index.php?rest_route=\/wp\/v2\/posts\/608\/revisions\/2552"}],"wp:attachment":[{"href":"https:\/\/oma.skoletjenesten.no\/index.php?rest_route=%2Fwp%2Fv2%2Fmedia&parent=608"}],"wp:term":[{"taxonomy":"category","embeddable":true,"href":"https:\/\/oma.skoletjenesten.no\/index.php?rest_route=%2Fwp%2Fv2%2Fcategories&post=608"},{"taxonomy":"post_tag","embeddable":true,"href":"https:\/\/oma.skoletjenesten.no\/index.php?rest_route=%2Fwp%2Fv2%2Ftags&post=608"}],"curies":[{"name":"wp","href":"https:\/\/api.w.org\/{rel}","templated":true}]}}