{"id":515,"date":"2024-09-27T10:00:14","date_gmt":"2024-09-27T10:00:14","guid":{"rendered":"https:\/\/oma.skoletjenesten.no\/?p=515"},"modified":"2024-09-27T13:54:38","modified_gmt":"2024-09-27T13:54:38","slug":"tilbakeblikk-27-09-24","status":"publish","type":"post","link":"https:\/\/oma.skoletjenesten.no\/?p=515","title":{"rendered":"Tilbakeblikk 27.09.24"},"content":{"rendered":"\n<p><small>Postene nedenfor er utfyllende stoff til innlegg som har st\u00e5tt i bloggen tidligere&nbsp;.<\/small><\/p>\n\n\n\n<hr class=\"wp-block-separator has-alpha-channel-opacity\"\/>\n\n\n\n<p><em><strong><a href=\"https:\/\/torgeirs-tanker.skoletjenesten.no\/universell-utforming\/\" data-type=\"link\" data-id=\"https:\/\/torgeirs-tanker.skoletjenesten.no\/universell-utforming\/\" target=\"_blank\" rel=\"noreferrer noopener\"> Universell utforming<\/a> (14.01.2022)<\/strong><\/em><\/p>\n\n\n\n<p>Heldigvis fikk jeg en viss digital kompetanse f\u00f8r jeg ble pensjonist. Men jeg har stor sympati med de som ikke behersker den digitale verden. Noen av dem blir faktisk utestengt fra forholdsvis dagligdagse gj\u00f8rem\u00e5l, slik et <a href=\"http:\/\/torgeirs-tanker.skoletjenesten.no\/wp-content\/uploads\/2024\/09\/BankiD_Aftenposten%2019.%20august%202024.pdf\" data-type=\"link\" data-id=\"ftp:\/\/onemanarmy@ftpcluster.loopia.se\/torgeirs-tanker.skoletjenesten.no\/public_html\/wp-content\/uploads\/2024\/09\/BankiD_Aftenposten%2019.%20august%202024.pdf\" target=\"_blank\" rel=\"noreferrer noopener\">leserinnlegg i Aftenposten<\/a> fortalte nylig.<\/p>\n\n\n\n<p>Og det gj\u00f8res fors\u00f8k p\u00e5 \u00e5 lure meg. Men nevnte snev av digital kompetanse kombinert med inngrodd skepsis gjorde at jeg ikke lot meg lure av denne e-posten:<\/p>\n\n\n\n<figure class=\"wp-block-image size-large is-style-twentytwentyone-border\"><a href=\"https:\/\/oma.skoletjenesten.no\/wp-content\/uploads\/2024\/09\/1_Falsk-epost-med-lenke.jpg\" target=\"_blank\" rel=\"noreferrer noopener\"><img loading=\"lazy\" decoding=\"async\" width=\"1024\" height=\"663\" src=\"https:\/\/oma.skoletjenesten.no\/wp-content\/uploads\/2024\/09\/1_Falsk-epost-med-lenke-1024x663.jpg\" alt=\"\" class=\"wp-image-516\" srcset=\"https:\/\/oma.skoletjenesten.no\/wp-content\/uploads\/2024\/09\/1_Falsk-epost-med-lenke-1024x663.jpg 1024w, https:\/\/oma.skoletjenesten.no\/wp-content\/uploads\/2024\/09\/1_Falsk-epost-med-lenke-300x194.jpg 300w, https:\/\/oma.skoletjenesten.no\/wp-content\/uploads\/2024\/09\/1_Falsk-epost-med-lenke-768x498.jpg 768w, https:\/\/oma.skoletjenesten.no\/wp-content\/uploads\/2024\/09\/1_Falsk-epost-med-lenke.jpg 1079w\" sizes=\"auto, (max-width: 1024px) 100vw, 1024px\" \/><\/a><figcaption class=\"wp-element-caption\">Klikk for st\u00f8rre bilde med mer lesevennlig tekst.<\/figcaption><\/figure>\n\n\n\n<div style=\"height:100px\" aria-hidden=\"true\" class=\"wp-block-spacer\"><\/div>\n\n\n\n<hr class=\"wp-block-separator has-alpha-channel-opacity\"\/>\n\n\n\n<div style=\"height:100px\" aria-hidden=\"true\" class=\"wp-block-spacer\"><\/div>\n\n\n\n<p><em><strong>Minnesmerker (flere innlegg)<\/strong><\/em><br> &#8211; <a href=\"https:\/\/ttt.skoletjenesten.no\/minnesmerke-for-utoya-ofrene-et-onske-fra-en-utenforstaende\/\" data-type=\"link\" data-id=\"https:\/\/ttt.skoletjenesten.no\/minnesmerke-for-utoya-ofrene-et-onske-fra-en-utenforstaende\/\" target=\"_blank\" rel=\"noreferrer noopener\">Minnesmerke for Ut\u00f8ya-ofrene: Et \u00f8nske fra en utenforst\u00e5ende<\/a><br> &#8211; <a href=\"https:\/\/ttt.skoletjenesten.no\/22-juli-uforstaelig-uforstand-om-minnesmerker\/\" data-type=\"link\" data-id=\"https:\/\/ttt.skoletjenesten.no\/22-juli-uforstaelig-uforstand-om-minnesmerker\/\" target=\"_blank\" rel=\"noreferrer noopener\">22. juli: Uforst\u00e5elig uforstand om minnesmerker<\/a><br> &#8211; <a href=\"https:\/\/ttt.skoletjenesten.no\/tilbakeblikk-28-05-2021\/\" data-type=\"page\" data-id=\"517\" target=\"_blank\" rel=\"noreferrer noopener\">Tilbakeblikk 28.05.2021<\/a><\/p>\n\n\n\n<p>.<\/p>\n\n\n<div class=\"wp-block-image\">\n<figure class=\"alignright size-full\"><a href=\"http:\/\/torgeirs-tanker.skoletjenesten.no\/wp-content\/uploads\/2024\/09\/2_Minnehallen-Stavern_Aftenposten%2027.%20september%201924.pdf\" target=\"_blank\" rel=\"noreferrer noopener\"><img loading=\"lazy\" decoding=\"async\" width=\"588\" height=\"673\" src=\"https:\/\/oma.skoletjenesten.no\/wp-content\/uploads\/2024\/09\/2_Minnehallen-Stavern_Aftenposten-27.-september-1924-1.jpg\" alt=\"\" class=\"wp-image-519\" srcset=\"https:\/\/oma.skoletjenesten.no\/wp-content\/uploads\/2024\/09\/2_Minnehallen-Stavern_Aftenposten-27.-september-1924-1.jpg 588w, https:\/\/oma.skoletjenesten.no\/wp-content\/uploads\/2024\/09\/2_Minnehallen-Stavern_Aftenposten-27.-september-1924-1-262x300.jpg 262w\" sizes=\"auto, (max-width: 588px) 100vw, 588px\" \/><\/a><figcaption class=\"wp-element-caption\">Aftenposten 27. september 1924. Klikk for \u00e5 lese.<\/figcaption><\/figure>\n<\/div>\n\n\n<p>Minnehallen i Stavern er reist til minne om de 2.500 norske sj\u00f8folkene som omkom i krigsforlis under 1. verdenskrig. Den var under bygging i 1924, 6 \u00e5r etter krigen.<\/p>\n\n\n\n<p>Krigsseilermonumentet p\u00e5 Bygd\u00f8ynes hedrer de 4.500 norske sj\u00f8folkene som omkom i krigsforlis under 2. verdenskrig, og som bidro sterkt til den allierte seiren. Monumentet ble avdukket av Kong Olav i 1980, 25 \u00e5r etter at krigen var slutt.<\/p>\n\n\n\n<p>P\u00e5 Utstranda i Tyrifjorden er det reist et minnesmerke over de 79 AUF-medlemmene som ble dreptp\u00e5 Ut\u00f8ya 22. juli 2011. Monumentet hadde en tragisk tilblivelseshistorie, som lenkene ovenfor viser, og ble nesten ferdig til ti\u00e5rsminnet.<\/p>\n\n\n\n<div style=\"height:100px\" aria-hidden=\"true\" class=\"wp-block-spacer\"><\/div>\n\n\n\n<hr class=\"wp-block-separator has-alpha-channel-opacity\"\/>\n\n\n\n<p class=\"has-text-align-center\"><em><a href=\"https:\/\/oma.skoletjenesten.no\/?p=488\">Til innholdsliste for denne utgaven<\/a><\/em><\/p>\n","protected":false},"excerpt":{"rendered":"<p>Postene nedenfor er utfyllende stoff til innlegg som har st\u00e5tt i bloggen tidligere&nbsp;. Universell utforming (14.01.2022) Heldigvis fikk jeg en viss digital kompetanse f\u00f8r jeg ble pensjonist. Men jeg har stor sympati med de som ikke behersker den digitale verden. Noen av dem blir faktisk utestengt fra forholdsvis dagligdagse gj\u00f8rem\u00e5l, slik et leserinnlegg i Aftenposten&hellip; <a class=\"more-link\" href=\"https:\/\/oma.skoletjenesten.no\/?p=515\">Fortsett \u00e5 lese <span class=\"screen-reader-text\">Tilbakeblikk 27.09.24<\/span><\/a><\/p>\n","protected":false},"author":1,"featured_media":0,"comment_status":"open","ping_status":"open","sticky":false,"template":"","format":"standard","meta":{"footnotes":""},"categories":[1],"tags":[],"class_list":["post-515","post","type-post","status-publish","format-standard","hentry","category-uncategorized","entry"],"_links":{"self":[{"href":"https:\/\/oma.skoletjenesten.no\/index.php?rest_route=\/wp\/v2\/posts\/515","targetHints":{"allow":["GET"]}}],"collection":[{"href":"https:\/\/oma.skoletjenesten.no\/index.php?rest_route=\/wp\/v2\/posts"}],"about":[{"href":"https:\/\/oma.skoletjenesten.no\/index.php?rest_route=\/wp\/v2\/types\/post"}],"author":[{"embeddable":true,"href":"https:\/\/oma.skoletjenesten.no\/index.php?rest_route=\/wp\/v2\/users\/1"}],"replies":[{"embeddable":true,"href":"https:\/\/oma.skoletjenesten.no\/index.php?rest_route=%2Fwp%2Fv2%2Fcomments&post=515"}],"version-history":[{"count":9,"href":"https:\/\/oma.skoletjenesten.no\/index.php?rest_route=\/wp\/v2\/posts\/515\/revisions"}],"predecessor-version":[{"id":549,"href":"https:\/\/oma.skoletjenesten.no\/index.php?rest_route=\/wp\/v2\/posts\/515\/revisions\/549"}],"wp:attachment":[{"href":"https:\/\/oma.skoletjenesten.no\/index.php?rest_route=%2Fwp%2Fv2%2Fmedia&parent=515"}],"wp:term":[{"taxonomy":"category","embeddable":true,"href":"https:\/\/oma.skoletjenesten.no\/index.php?rest_route=%2Fwp%2Fv2%2Fcategories&post=515"},{"taxonomy":"post_tag","embeddable":true,"href":"https:\/\/oma.skoletjenesten.no\/index.php?rest_route=%2Fwp%2Fv2%2Ftags&post=515"}],"curies":[{"name":"wp","href":"https:\/\/api.w.org\/{rel}","templated":true}]}}