{"id":503,"date":"2024-09-27T10:01:50","date_gmt":"2024-09-27T10:01:50","guid":{"rendered":"https:\/\/oma.skoletjenesten.no\/?p=503"},"modified":"2026-02-05T17:54:34","modified_gmt":"2026-02-05T17:54:34","slug":"virtuell-virkelighet-38-24","status":"publish","type":"post","link":"https:\/\/oma.skoletjenesten.no\/?p=503","title":{"rendered":"Virtuell virkelighet 38\/24"},"content":{"rendered":"\n<p><small>Denne spalten het tidligere <em>Alternative fakta<\/em>, som fortsatt er kategori-betegnelsen. I<em> Alternative fakta<\/em> l\u00e5 vekten ofte mer p\u00e5 det alternative enn p\u00e5 fakta. Her i <em>Virtuell virkelighet<\/em> kan vekten&nbsp; ligge mer p\u00e5 det virtuelle enn p\u00e5 virkeligheten.<\/small><\/p>\n\n\n\n<p><small>Navneskiftet ble forklart i <a href=\"http:\/\/ttt.skoletjenesten.no\/alternative-fakta-3-21\/\" target=\"_blank\" rel=\"noreferrer noopener\">siste utgave av Alternative fakta 15. januar 2021<\/a>.<\/small><\/p>\n\n\n\n<hr class=\"wp-block-separator has-alpha-channel-opacity\"\/>\n\n\n<div class=\"wp-block-image\">\n<figure class=\"alignright size-full\"><img loading=\"lazy\" decoding=\"async\" width=\"312\" height=\"312\" src=\"https:\/\/oma.skoletjenesten.no\/wp-content\/uploads\/2024\/09\/10_James-Grieve_nedlasting.jpg\" alt=\"\" class=\"wp-image-483\" srcset=\"https:\/\/oma.skoletjenesten.no\/wp-content\/uploads\/2024\/09\/10_James-Grieve_nedlasting.jpg 312w, https:\/\/oma.skoletjenesten.no\/wp-content\/uploads\/2024\/09\/10_James-Grieve_nedlasting-300x300.jpg 300w, https:\/\/oma.skoletjenesten.no\/wp-content\/uploads\/2024\/09\/10_James-Grieve_nedlasting-150x150.jpg 150w\" sizes=\"auto, (max-width: 312px) 100vw, 312px\" \/><figcaption class=\"wp-element-caption\">Det meste som er h\u00f8stet, er av sorten James Grieve.<\/figcaption><\/figure>\n<\/div>\n\n\n<p><strong><em>Vv 1: Epler.<\/em><\/strong> Epleplukkingen p\u00e5 Langset ble gjennomf\u00f8rt som planlagt sist l\u00f8rdag. Det var de tilreisende plukkerne som gjorde hele jobben. Men tiden strakk ikke til, og fortsatt gjenst\u00e5r tre tr\u00e6r. Cirka 250 kg \u2013 for det meste av sorten James Grieve (spisemodne n\u00e5) \u2013 st\u00e5r klar for saftfabrikken, som snart blir satt opp.<\/p>\n\n\n\n<p><a href=\"mailto:ttt@skoletjenesten.no?cc=&amp;bcc=&amp;subject=Vv%201\/38&amp;amptarget=\"><em>Kommenter denne notisen<\/em><\/a><\/p>\n\n\n\n<p class=\"has-text-align-center\">\u058e\u058e\u058e<\/p>\n\n\n\n<p><strong><em>Vv 2: Lenkefeil.<\/em><\/strong> I meldingen til bloggens abonnenter sist uke var lenker til innleggene falt ut ved en inkurie (som det heter n\u00e5r man ikke vil innr\u00f8mme egne feil). Ny melding med lenker ble sendt ut like etterp\u00e5, og lenker til forrige ukes innlegg st\u00e5r ogs\u00e5 p\u00e5 innholdssiden for denne ukens utgave (lenke til innholdssiden nederst p\u00e5 denne siden). Denne bloggen kan alltid n\u00e5s p\u00e5 nettadressen <em>oma.skoletjenesten.no<\/em>.<\/p>\n\n\n\n<p><a href=\"mailto:ttt@skoletjenesten.no?cc=&amp;bcc=&amp;subject=Vv%202\/38&amp;amptarget=\"><em>Kommenter denne notisen<\/em><\/a><\/p>\n\n\n\n<p class=\"has-text-align-center\">\u058e\u058e\u058e<\/p>\n\n\n<div class=\"wp-block-image\">\n<figure class=\"alignright size-large\"><img loading=\"lazy\" decoding=\"async\" width=\"1024\" height=\"772\" src=\"https:\/\/oma.skoletjenesten.no\/wp-content\/uploads\/2024\/09\/20_Lincoln_OK_IMG_20240921_184255977-1024x772.jpg\" alt=\"\" class=\"wp-image-484\" srcset=\"https:\/\/oma.skoletjenesten.no\/wp-content\/uploads\/2024\/09\/20_Lincoln_OK_IMG_20240921_184255977-1024x772.jpg 1024w, https:\/\/oma.skoletjenesten.no\/wp-content\/uploads\/2024\/09\/20_Lincoln_OK_IMG_20240921_184255977-300x226.jpg 300w, https:\/\/oma.skoletjenesten.no\/wp-content\/uploads\/2024\/09\/20_Lincoln_OK_IMG_20240921_184255977-768x579.jpg 768w, https:\/\/oma.skoletjenesten.no\/wp-content\/uploads\/2024\/09\/20_Lincoln_OK_IMG_20240921_184255977-1536x1159.jpg 1536w, https:\/\/oma.skoletjenesten.no\/wp-content\/uploads\/2024\/09\/20_Lincoln_OK_IMG_20240921_184255977-2048x1545.jpg 2048w, https:\/\/oma.skoletjenesten.no\/wp-content\/uploads\/2024\/09\/20_Lincoln_OK_IMG_20240921_184255977-1568x1183.jpg 1568w\" sizes=\"auto, (max-width: 1024px) 100vw, 1024px\" \/><figcaption class=\"wp-element-caption\">Ford Lincoln med tr\u00e5dsikte.<\/figcaption><\/figure>\n<\/div>\n\n\n<p><strong><em>Vv 3: Sikte.<\/em><\/strong> Ford Lincoln er utstyrt med tr\u00e5dsikte p\u00e5 panseret (bildet ved siden av). I Sambandsstatene har de trolig egne baner (lukkede?) der man kan gj\u00f8re seg nytte av slikt.<\/p>\n\n\n\n<p>.<\/p>\n\n\n\n<p><a href=\"mailto:ttt@skoletjenesten.no?cc=&amp;bcc=&amp;subject=Vv%203\/38&amp;amptarget=\"><em>Kommenter denne notisen<\/em><\/a><\/p>\n\n\n\n<p class=\"has-text-align-center\">\u058e\u058e\u058e<\/p>\n\n\n\n<p><em><strong>Vv 4:<\/strong> <strong>Matematikk<\/strong>.<\/em> Matematikkoppgaven i forrige utgave var enkel for dem som klarte den. Her er oppgaven igjen, og lenke til fasit:<\/p>\n\n\n\n<ul class=\"wp-block-list\">\n<li>Fire personer skal dele 600 kroner. Per f\u00e5r dobbelt s\u00e5 mye som Mette, og Grete f\u00e5r 100 kroner mer enn Mette, men Mats f\u00e5r bare halvpar\u00adten s\u00e5 mye som Per. Hvor mye f\u00e5r hver? <a href=\"https:\/\/oma.skoletjenesten.no\/?page_id=505\" data-type=\"link\" data-id=\"https:\/\/oma.skoletjenesten.no\/?page_id=505\" target=\"_blank\" rel=\"noreferrer noopener\">Fasit.<\/a><\/li>\n<\/ul>\n\n\n\n<p><a href=\"mailto:ttt@skoletjenesten.no?cc=&amp;bcc=&amp;subject=Vv%204\/38&amp;amptarget=\"><em>Kommenter denne notisen<\/em><\/a><\/p>\n\n\n\n<p class=\"has-text-align-center\">\u058e\u058e\u058e<\/p>\n\n\n<div class=\"wp-block-image\">\n<figure class=\"alignright size-full\"><img loading=\"lazy\" decoding=\"async\" width=\"461\" height=\"932\" src=\"https:\/\/oma.skoletjenesten.no\/wp-content\/uploads\/2024\/09\/40_Blog-style_OK_IMG_20240913_124241977.jpg\" alt=\"\" class=\"wp-image-485\" srcset=\"https:\/\/oma.skoletjenesten.no\/wp-content\/uploads\/2024\/09\/40_Blog-style_OK_IMG_20240913_124241977.jpg 461w, https:\/\/oma.skoletjenesten.no\/wp-content\/uploads\/2024\/09\/40_Blog-style_OK_IMG_20240913_124241977-148x300.jpg 148w\" sizes=\"auto, (max-width: 461px) 100vw, 461px\" \/><\/figure>\n<\/div>\n\n\n<p><strong><em>Vv 5: H\u00e6?<\/em><\/strong> <em>Blog Style<\/em> st\u00e5r det p\u00e5 heisd\u00f8rene i Sandvika Storsenter. For ordens skyld gj\u00f8res oppmerksom p\u00e5 at den avbildede damen ikke har noe med denne bloggen \u00e5 gj\u00f8re.<\/p>\n\n\n\n<p>.<\/p>\n\n\n\n<p>.<\/p>\n\n\n\n<p>.<\/p>\n\n\n\n<p>.<\/p>\n\n\n\n<p>.<\/p>\n\n\n\n<p>.<\/p>\n\n\n\n<p><a href=\"mailto:ttt@skoletjenesten.no?cc=&amp;bcc=&amp;subject=Vv%205\/38&amp;amptarget=\"><em>Kommenter denne notisen<\/em><\/a><\/p>\n\n\n\n<p class=\"has-text-align-center\">\u058e\u058e\u058e<\/p>\n\n\n\n<p><strong><em>Vv 6: PK.<\/em><\/strong> Thorbj\u00f8rn Egner gjorde seg politisk <em>u<\/em>korrekt med sangen om vesle Hoa, der han bruker uttrykket \u00abnegergutt\u00bb. Det som har g\u00e5tt mange hytte forbi, er at han ogs\u00e5 har skrevet en hel bok som er politisk ukorrekt. <em>Folk og r\u00f8vere i Kardemomme by<\/em> skulle selvsagt hett <em>Folk og personer med kriminalitetsutfordringer i Kardemomme by<\/em>. Les ogs\u00e5 <em><a href=\"https:\/\/oma.skoletjenesten.no\/?p=393\" data-type=\"link\" data-id=\"https:\/\/oma.skoletjenesten.no\/?p=393\" target=\"_blank\" rel=\"noreferrer noopener\">Farlige ord<\/a><\/em>, som sto i bloggen for to uker siden.<\/p>\n\n\n\n<p><a href=\"mailto:ttt@skoletjenesten.no?cc=&amp;bcc=&amp;subject=Vv%206\/38&amp;amptarget=\"><em>Kommenter denne notisen<\/em><\/a><\/p>\n\n\n\n<p class=\"has-text-align-center\">\u058e\u058e\u058e<\/p>\n\n\n<div class=\"wp-block-image\">\n<figure class=\"alignright size-large\"><img loading=\"lazy\" decoding=\"async\" width=\"640\" height=\"1024\" src=\"https:\/\/oma.skoletjenesten.no\/wp-content\/uploads\/2024\/09\/60_Matsvinn_OK_IMG_20240920_121539272-640x1024.jpg\" alt=\"\" class=\"wp-image-486\" srcset=\"https:\/\/oma.skoletjenesten.no\/wp-content\/uploads\/2024\/09\/60_Matsvinn_OK_IMG_20240920_121539272-640x1024.jpg 640w, https:\/\/oma.skoletjenesten.no\/wp-content\/uploads\/2024\/09\/60_Matsvinn_OK_IMG_20240920_121539272-188x300.jpg 188w, https:\/\/oma.skoletjenesten.no\/wp-content\/uploads\/2024\/09\/60_Matsvinn_OK_IMG_20240920_121539272-768x1228.jpg 768w, https:\/\/oma.skoletjenesten.no\/wp-content\/uploads\/2024\/09\/60_Matsvinn_OK_IMG_20240920_121539272-961x1536.jpg 961w, https:\/\/oma.skoletjenesten.no\/wp-content\/uploads\/2024\/09\/60_Matsvinn_OK_IMG_20240920_121539272-1281x2048.jpg 1281w, https:\/\/oma.skoletjenesten.no\/wp-content\/uploads\/2024\/09\/60_Matsvinn_OK_IMG_20240920_121539272.jpg 1521w\" sizes=\"auto, (max-width: 640px) 100vw, 640px\" \/><\/figure>\n<\/div>\n\n\n<p><strong><em>Vv 7: Mat?<\/em><\/strong> Bloggeren overlever blant annet p\u00e5 grunn av redusert pris i butikken p\u00e5 varer som er i ferd med \u00e5 g\u00e5 ut p\u00e5 dato. Men han er noe i villrede om hva Kiwi mener med matsvinn \u2013 jfr. bildet ved siden av.<\/p>\n\n\n\n<p>.<\/p>\n\n\n\n<p>.<\/p>\n\n\n\n<p>.<\/p>\n\n\n\n<p>.<\/p>\n\n\n\n<p><a href=\"mailto:ttt@skoletjenesten.no?cc=&amp;bcc=&amp;subject=Vv%207\/38&amp;amptarget=\"><em>Kommenter denne notisen<\/em><\/a><\/p>\n\n\n\n<p class=\"has-text-align-center\">\u058e\u058e\u058e<\/p>\n\n\n\n<p><strong><em>Vv 8: Logisk?<\/em><\/strong> Bloggeren stusser over logikken i meldingen nedenfor. For de som ble s\u00e5ret, var vel ikke de samme som de som ble drept?<\/p>\n\n\n\n<figure class=\"wp-block-audio\"><audio controls src=\"https:\/\/oma.skoletjenesten.no\/wp-content\/uploads\/2024\/09\/70_x63_Logikk-Noen-drept-andre-saaret_240919_NRK-AlltidNyheter_AasaVartdal_Nyhetsmelding.wav\"><\/audio><figcaption class=\"wp-element-caption\">NRK Alltid Nyheter 19. september 2024.<\/figcaption><\/figure>\n\n\n\n<p><a href=\"mailto:ttt@skoletjenesten.no?cc=&amp;bcc=&amp;subject=Vv%208\/38&amp;amptarget=\"><em>Kommenter denne notisen<\/em><\/a><\/p>\n\n\n\n<div style=\"height:100px\" aria-hidden=\"true\" class=\"wp-block-spacer\"><\/div>\n\n\n\n<hr class=\"wp-block-separator has-alpha-channel-opacity\"\/>\n\n\n\n<p class=\"has-text-align-center\"><em><a href=\"https:\/\/oma.skoletjenesten.no\/?p=488\">Til innholdsliste for denne utgaven<\/a><\/em><\/p>\n\n\n\n<p><\/p>\n","protected":false},"excerpt":{"rendered":"<p>Denne spalten het tidligere Alternative fakta, som fortsatt er kategori-betegnelsen. I Alternative fakta l\u00e5 vekten ofte mer p\u00e5 det alternative enn p\u00e5 fakta. Her i Virtuell virkelighet kan vekten&nbsp; ligge mer p\u00e5 det virtuelle enn p\u00e5 virkeligheten. Navneskiftet ble forklart i siste utgave av Alternative fakta 15. januar 2021. Vv 1: Epler. Epleplukkingen p\u00e5 Langset&hellip; <a class=\"more-link\" href=\"https:\/\/oma.skoletjenesten.no\/?p=503\">Fortsett \u00e5 lese <span class=\"screen-reader-text\">Virtuell virkelighet 38\/24<\/span><\/a><\/p>\n","protected":false},"author":1,"featured_media":0,"comment_status":"open","ping_status":"open","sticky":false,"template":"","format":"standard","meta":{"footnotes":""},"categories":[11],"tags":[],"class_list":["post-503","post","type-post","status-publish","format-standard","hentry","category-alternative-fakta","entry"],"_links":{"self":[{"href":"https:\/\/oma.skoletjenesten.no\/index.php?rest_route=\/wp\/v2\/posts\/503","targetHints":{"allow":["GET"]}}],"collection":[{"href":"https:\/\/oma.skoletjenesten.no\/index.php?rest_route=\/wp\/v2\/posts"}],"about":[{"href":"https:\/\/oma.skoletjenesten.no\/index.php?rest_route=\/wp\/v2\/types\/post"}],"author":[{"embeddable":true,"href":"https:\/\/oma.skoletjenesten.no\/index.php?rest_route=\/wp\/v2\/users\/1"}],"replies":[{"embeddable":true,"href":"https:\/\/oma.skoletjenesten.no\/index.php?rest_route=%2Fwp%2Fv2%2Fcomments&post=503"}],"version-history":[{"count":4,"href":"https:\/\/oma.skoletjenesten.no\/index.php?rest_route=\/wp\/v2\/posts\/503\/revisions"}],"predecessor-version":[{"id":536,"href":"https:\/\/oma.skoletjenesten.no\/index.php?rest_route=\/wp\/v2\/posts\/503\/revisions\/536"}],"wp:attachment":[{"href":"https:\/\/oma.skoletjenesten.no\/index.php?rest_route=%2Fwp%2Fv2%2Fmedia&parent=503"}],"wp:term":[{"taxonomy":"category","embeddable":true,"href":"https:\/\/oma.skoletjenesten.no\/index.php?rest_route=%2Fwp%2Fv2%2Fcategories&post=503"},{"taxonomy":"post_tag","embeddable":true,"href":"https:\/\/oma.skoletjenesten.no\/index.php?rest_route=%2Fwp%2Fv2%2Ftags&post=503"}],"curies":[{"name":"wp","href":"https:\/\/api.w.org\/{rel}","templated":true}]}}