{"id":490,"date":"2024-09-27T10:03:07","date_gmt":"2024-09-27T10:03:07","guid":{"rendered":"https:\/\/oma.skoletjenesten.no\/?p=490"},"modified":"2024-09-27T14:32:07","modified_gmt":"2024-09-27T14:32:07","slug":"kristiania-christiania-oslo","status":"publish","type":"post","link":"https:\/\/oma.skoletjenesten.no\/?p=490","title":{"rendered":"Kristiania\/Christiania\/Oslo"},"content":{"rendered":"\n<p>Mor var f\u00f8dt i Kristiania, mens jeg er f\u00f8dt i Oslo. Det var dr\u00f8yt 30 \u00e5r mellom de to begivenhetene, men de skjedde i samme by.<\/p>\n\n\n\n<p>If\u00f8lge inskripsjonen p\u00e5 en sten innmurt i den gamle bymuren (\u00abDie XXVII Septembris anno 1624 fundata h\u00e6e civitas Christiania\u00bb) ble Christiania grunnlagt p\u00e5 dagens dato i 1624 av kong Christian IV. Han deltok selv i feltarbeidet under anlegget av byen. Slikt gj\u00f8r ikke kong Harald i dag, men jeg kan tenke meg at han har lyst.<\/p>\n\n\n\n<p>Byen het Christiania (med Ch-) i over 200 \u00e5r. Fra 1877 foregikk en gradvis overgang til Kristiania (med K-), som alts\u00e5 var skrivem\u00e5ten da mor ble f\u00f8dt. S\u00e5 skiftet byen navn (eller fikk tilbake det gamle navnet) etter et stortingsvedtak i 1924. Siden januar 1925 har byen hett Oslo. Det er <a href=\"https:\/\/oslobyleksikon.no\/side\/Oslo-navnet\" target=\"_blank\" rel=\"noreferrer noopener\">usikkert hva navnet betyr<\/a>.<\/p>\n\n\n\n<p>Selv har jeg bodd to \u00e5r i Oslo \u2013 mine to f\u00f8rste leve\u00e5r. S\u00e5 jeg er ikke ekte b\u00e6ring, men innflytter. Og jeg f\u00f8ler fortsatt en viss tilknytning til Kampen, der mor vokste opp, og der mormor bodde f\u00f8r hun flyttet til Sankthanshaugen. Far hadde <a href=\"https:\/\/ttt.skoletjenesten.no\/80-ar-siden-far-begynte-butikk-i-bjerregaards-gate\/\" data-type=\"link\" data-id=\"https:\/\/ttt.skoletjenesten.no\/80-ar-siden-far-begynte-butikk-i-bjerregaards-gate\/\" target=\"_blank\" rel=\"noreferrer noopener\">butikk i Bjerregaards gate<\/a> like ved Alexander Kiellands plass, s\u00e5 der f\u00f8ler jeg meg ogs\u00e5 hjemme.<\/p>\n\n\n\n<p>Da jeg vokste opp, var det Oslo (Kristiania) som var <em>byen<\/em>. Der foregikk teaterforestillingene vi fikk billige billetter til gjennom Skoleteateret, og der h\u00f8rte vi Filharmoniskes konserter i Aulaen med skolekonsertabonnement. Etter hvert ble Oslo ogs\u00e5 skolestedet, det f\u00f8rste \u00e5ret med forberedende i filosofi og latin ved Universitetet i sentrum, deretter som mellomstasjon p\u00e5 vei til Blindern. Som mange andre b\u00e6rumsboere har jeg ogs\u00e5 hatt arbeidsplassen min i Oslo.<\/p>\n\n\n\n<p>Da Kristiania fylte 300 \u00e5r (og fortsatt het Kristiania), markerte Aftenposten jubileet med flere artikler, s\u00e6rlig i aftenutgaven. Dagens avis f\u00e5r jeg ikke lest f\u00f8r i kveld, og det er blir spennende \u00e5 se om Aftenposten markerer 400-\u00e5rsjubileet for Christiania. For datoen p\u00e5 inskripsjonen er etter den julianske kalenderen, og etter v\u00e5r gregorianske kalender var jubileumsdatoen 14. september.<\/p>\n\n\n\n<figure class=\"wp-block-image size-full is-resized\"><a href=\"http:\/\/torgeirs-tanker.skoletjenesten.no\/wp-content\/uploads\/2024\/09\/Aftenposten-aft%2027.%20september%201924.pdf\" target=\"_blank\" rel=\"noreferrer noopener\"><img loading=\"lazy\" decoding=\"async\" width=\"591\" height=\"722\" src=\"https:\/\/oma.skoletjenesten.no\/wp-content\/uploads\/2024\/09\/Aftenposten-aft-27.-september-1924-1.jpg\" alt=\"\" class=\"wp-image-492\" style=\"width:610px;height:auto\" srcset=\"https:\/\/oma.skoletjenesten.no\/wp-content\/uploads\/2024\/09\/Aftenposten-aft-27.-september-1924-1.jpg 591w, https:\/\/oma.skoletjenesten.no\/wp-content\/uploads\/2024\/09\/Aftenposten-aft-27.-september-1924-1-246x300.jpg 246w\" sizes=\"auto, (max-width: 591px) 100vw, 591px\" \/><\/a><figcaption class=\"wp-element-caption\">Klikk for \u00e5 lese Aftenpostens aftennummer med mye stoff om Kristiania.<\/figcaption><\/figure>\n\n\n\n<hr class=\"wp-block-separator has-alpha-channel-opacity\"\/>\n\n\n\n<p class=\"has-text-align-center\"><em><a href=\"https:\/\/oma.skoletjenesten.no\/?p=488\">Til innholdsliste for denne utgaven<\/a><\/em><\/p>\n","protected":false},"excerpt":{"rendered":"<p>Mor var f\u00f8dt i Kristiania, mens jeg er f\u00f8dt i Oslo. Det var dr\u00f8yt 30 \u00e5r mellom de to begivenhetene, men de skjedde i samme by. If\u00f8lge inskripsjonen p\u00e5 en sten innmurt i den gamle bymuren (\u00abDie XXVII Septembris anno 1624 fundata h\u00e6e civitas Christiania\u00bb) ble Christiania grunnlagt p\u00e5 dagens dato i 1624 av kong&hellip; <a class=\"more-link\" href=\"https:\/\/oma.skoletjenesten.no\/?p=490\">Fortsett \u00e5 lese <span class=\"screen-reader-text\">Kristiania\/Christiania\/Oslo<\/span><\/a><\/p>\n","protected":false},"author":1,"featured_media":0,"comment_status":"open","ping_status":"open","sticky":false,"template":"","format":"standard","meta":{"footnotes":""},"categories":[10],"tags":[],"class_list":["post-490","post","type-post","status-publish","format-standard","hentry","category-dagen-i-dag","entry"],"_links":{"self":[{"href":"https:\/\/oma.skoletjenesten.no\/index.php?rest_route=\/wp\/v2\/posts\/490","targetHints":{"allow":["GET"]}}],"collection":[{"href":"https:\/\/oma.skoletjenesten.no\/index.php?rest_route=\/wp\/v2\/posts"}],"about":[{"href":"https:\/\/oma.skoletjenesten.no\/index.php?rest_route=\/wp\/v2\/types\/post"}],"author":[{"embeddable":true,"href":"https:\/\/oma.skoletjenesten.no\/index.php?rest_route=\/wp\/v2\/users\/1"}],"replies":[{"embeddable":true,"href":"https:\/\/oma.skoletjenesten.no\/index.php?rest_route=%2Fwp%2Fv2%2Fcomments&post=490"}],"version-history":[{"count":10,"href":"https:\/\/oma.skoletjenesten.no\/index.php?rest_route=\/wp\/v2\/posts\/490\/revisions"}],"predecessor-version":[{"id":530,"href":"https:\/\/oma.skoletjenesten.no\/index.php?rest_route=\/wp\/v2\/posts\/490\/revisions\/530"}],"wp:attachment":[{"href":"https:\/\/oma.skoletjenesten.no\/index.php?rest_route=%2Fwp%2Fv2%2Fmedia&parent=490"}],"wp:term":[{"taxonomy":"category","embeddable":true,"href":"https:\/\/oma.skoletjenesten.no\/index.php?rest_route=%2Fwp%2Fv2%2Fcategories&post=490"},{"taxonomy":"post_tag","embeddable":true,"href":"https:\/\/oma.skoletjenesten.no\/index.php?rest_route=%2Fwp%2Fv2%2Ftags&post=490"}],"curies":[{"name":"wp","href":"https:\/\/api.w.org\/{rel}","templated":true}]}}