{"id":4725,"date":"2026-04-25T10:00:07","date_gmt":"2026-04-25T10:00:07","guid":{"rendered":"https:\/\/oma.skoletjenesten.no\/?p=4725"},"modified":"2026-05-01T15:55:09","modified_gmt":"2026-05-01T15:55:09","slug":"25-april-2026","status":"publish","type":"post","link":"https:\/\/oma.skoletjenesten.no\/?p=4725","title":{"rendered":"\u058e\u058e Virtuell virkelighet \u058e\u058e uke 18\/26"},"content":{"rendered":"\n<p>F\u00f8lg daglige oppdateringer kommende uke (2.-9. mai) p\u00e5 <a href=\"https:\/\/oma.skoletjenesten.no\/?p=4763\">https:\/\/oma.skoletjenesten.no\/?p=4763<\/a>.<\/p>\n\n\n\n<hr class=\"wp-block-separator has-alpha-channel-opacity\"\/>\n\n\n\n<p><a href=\"#260425\" data-type=\"internal\" data-id=\"#260425\">260425: Sj\u00f8r\u00f8veri<\/a><br><a href=\"#260426\" data-type=\"internal\" data-id=\"#260426\">260426: Kraftverk<\/a><br><a href=\"#260427\" data-type=\"internal\" data-id=\"#260427\">260427: Attentatfors\u00f8k?<\/a><br><a href=\"#260428\" data-type=\"internal\" data-id=\"#260428\">260428: Biltrafikk<\/a><br><a href=\"#260429\" data-type=\"internal\" data-id=\"#260428\">260429: B\u00e5tplasser<\/a><br><a href=\"#260430\" data-type=\"internal\" data-id=\"#260430\">260430: Frist<\/a><br><a href=\"#260501\" data-type=\"internal\" data-id=\"#260501\">260501: Fridag<\/a><\/p>\n\n\n\n<hr class=\"wp-block-separator has-alpha-channel-opacity\"\/>\n\n\n\n<figure class=\"wp-block-video alignright\"><video height=\"1080\" style=\"aspect-ratio: 1440 \/ 1080;\" width=\"1440\" controls src=\"https:\/\/oma.skoletjenesten.no\/wp-content\/uploads\/2026\/04\/Internasjonalen_3dje-vers_2.mp4\"><\/video><figcaption class=\"wp-element-caption\">Musikk for dagen. Lydkvaliteten beklages.<\/figcaption><\/figure>\n\n\n\n<p><strong><em>260501: Fridag.<\/em><\/strong> Det er 1. mai og fridag, ogs\u00e5 for en pensjonist som bloggeren. Han er nemlig flaggansvarlig her p\u00e5 bruket, og <a href=\"http:\/\/ttt.skoletjenesten.no\/1-mai-uten-flagg\/\" data-type=\"link\" data-id=\"http:\/\/ttt.skoletjenesten.no\/1-mai-uten-flagg\/\" target=\"_blank\" rel=\"noreferrer noopener\">i dag flagges det ikke<\/a>. Men det er ogs\u00e5 fredag, s\u00e5 bloggen skal ut til alle abonnentene. Bortsett fra det manglende flagget, vil bloggeren helst ikke krenke (f. eks. ved demonstrativt utearbeid) de som markerer dagen. S\u00e5 det blir hjemmekontor, kanskje med avising av fryseren i lunsjpausen.<\/p>\n\n\n\n<p><em><a href=\"mailto:ttt@skoletjenesten.no?cc=&amp;bcc=&amp;subject=Vv%20260501&amp;amptarget=\" data-type=\"mailto\" data-id=\"mailto:ttt@skoletjenesten.no?cc=&amp;bcc=&amp;subject=Vv%20260329&amp;amptarget=\" target=\"_blank\" rel=\"noreferrer noopener\">Kommenter <em>denne notisen<\/em><\/a><\/em><\/p>\n\n\n\n<p class=\"has-text-align-center\">\u058e\u058e\u058e<\/p>\n\n\n<div class=\"wp-block-image is-style-twentytwentyone-border\">\n<figure class=\"alignright size-large\"><img loading=\"lazy\" decoding=\"async\" width=\"1024\" height=\"656\" src=\"https:\/\/oma.skoletjenesten.no\/wp-content\/uploads\/2026\/04\/Selvangivelse._-1024x656.jpg\" alt=\"\" class=\"wp-image-4750\" srcset=\"https:\/\/oma.skoletjenesten.no\/wp-content\/uploads\/2026\/04\/Selvangivelse._-1024x656.jpg 1024w, https:\/\/oma.skoletjenesten.no\/wp-content\/uploads\/2026\/04\/Selvangivelse._-300x192.jpg 300w, https:\/\/oma.skoletjenesten.no\/wp-content\/uploads\/2026\/04\/Selvangivelse._-768x492.jpg 768w, https:\/\/oma.skoletjenesten.no\/wp-content\/uploads\/2026\/04\/Selvangivelse._.jpg 1200w\" sizes=\"auto, (max-width: 1024px) 100vw, 1024px\" \/><figcaption class=\"wp-element-caption\"> Noen av oss husker dette.<\/figcaption><\/figure>\n<\/div>\n\n\n<p id=\"260430\"><strong><em>260430: Frist.<\/em><\/strong> Dagens program: Justere, signere og levere. Alt gjelder <a href=\"https:\/\/ttt.skoletjenesten.no\/selvangivelsesfrist-i-morgen\/\" data-type=\"link\" data-id=\"https:\/\/ttt.skoletjenesten.no\/selvangivelsesfrist-i-morgen\/\" target=\"_blank\" rel=\"noreferrer noopener\">selvangivelsen<\/a>, det myndighetene n\u00e5 kaller skattemeldingen. Den ble tidligere levert 31. januar, og det kunne v\u00e6re en frisk tur i vinterv\u00e6ret til likningskontoret i Sandvika. N\u00e5 leveres selvangivelsen som rekommandert sending via Posten i Sandvika Storsenter. Da har man kvittering p\u00e5 at den er levert. Det er langt \u00e5 kj\u00f8re med rullator, men klimamessig hyggeligere enn i januar. Og bloggeren er fritatt fra \u00e5 g\u00e5 i tog i morgen.<\/p>\n\n\n\n<p><em><a href=\"mailto:ttt@skoletjenesten.no?cc=&amp;bcc=&amp;subject=Vv%20260430&amp;amptarget=\" data-type=\"mailto\" data-id=\"mailto:ttt@skoletjenesten.no?cc=&amp;bcc=&amp;subject=Vv%20260329&amp;amptarget=\" target=\"_blank\" rel=\"noreferrer noopener\">Kommenter <em>denne notisen<\/em><\/a><\/em><\/p>\n\n\n\n<p class=\"has-text-align-center\">\u058e\u058e\u058e<\/p>\n\n\n<div class=\"wp-block-image is-style-twentytwentyone-border\">\n<figure class=\"alignright size-large\"><img loading=\"lazy\" decoding=\"async\" width=\"577\" height=\"1024\" src=\"https:\/\/oma.skoletjenesten.no\/wp-content\/uploads\/2026\/04\/Hvalrossen-Freya-Lakseberget-577x1024.jpg\" alt=\"\" class=\"wp-image-4761\" srcset=\"https:\/\/oma.skoletjenesten.no\/wp-content\/uploads\/2026\/04\/Hvalrossen-Freya-Lakseberget-577x1024.jpg 577w, https:\/\/oma.skoletjenesten.no\/wp-content\/uploads\/2026\/04\/Hvalrossen-Freya-Lakseberget-169x300.jpg 169w, https:\/\/oma.skoletjenesten.no\/wp-content\/uploads\/2026\/04\/Hvalrossen-Freya-Lakseberget-768x1364.jpg 768w, https:\/\/oma.skoletjenesten.no\/wp-content\/uploads\/2026\/04\/Hvalrossen-Freya-Lakseberget-865x1536.jpg 865w, https:\/\/oma.skoletjenesten.no\/wp-content\/uploads\/2026\/04\/Hvalrossen-Freya-Lakseberget.jpg 960w\" sizes=\"auto, (max-width: 577px) 100vw, 577px\" \/><figcaption class=\"wp-element-caption\">Hvalrossen Freya i Lakseberget sm\u00e5b\u00e5thavn (brunt dyr nesten ytterst). K-bryggen er hvalrossfri.<\/figcaption><\/figure>\n<\/div>\n\n\n<p id=\"260429\"><strong><em>260429: B\u00e5tplasser.<\/em><\/strong> B\u00e5tsesongen begynner offisielt fredag, 1. mai. Men bloggeren opprettholder sitt medlemskap i B\u00e6rum hageb\u00e5teigarlag, s\u00e5 det er to ledige plasser ved K-bryggen i Lakseberget sm\u00e5b\u00e5thavn. Disse kan leies \u2013 enkeltvis eller samlet \u2013 for en konkurransedyktig pris. Ta kontakt med bloggeren (f. eks. via <em>Kommenter denne notisen<\/em> rett nedenfor).<\/p>\n\n\n\n<p>.<\/p>\n\n\n\n<p>.<\/p>\n\n\n\n<p>.<\/p>\n\n\n\n<p><em><a href=\"mailto:ttt@skoletjenesten.no?cc=&amp;bcc=&amp;subject=Vv%20260429&amp;amptarget=\" data-type=\"mailto\" data-id=\"mailto:ttt@skoletjenesten.no?cc=&amp;bcc=&amp;subject=Vv%20260329&amp;amptarget=\" target=\"_blank\" rel=\"noreferrer noopener\">Kommenter <em>denne notisen<\/em><\/a><\/em><\/p>\n\n\n\n<p class=\"has-text-align-center\">\u058e\u058e\u058e<\/p>\n\n\n\n<figure class=\"wp-block-video alignright\"><video height=\"624\" style=\"aspect-ratio: 956 \/ 624;\" width=\"956\" controls src=\"https:\/\/oma.skoletjenesten.no\/wp-content\/uploads\/2026\/04\/Oekonomibilloep-1960-E18-ved-Strand.mp4\"><\/video><figcaption class=\"wp-element-caption\">Filmavisen 16. juni 1960.<\/figcaption><\/figure>\n\n\n\n<p id=\"260428\"><strong><em>260428: Biltrafikk.<\/em><\/strong> Det har v\u00e6rt en del uro blant tutti-frutti-partiene p\u00e5 Stortinget etter at Regjeringen fikk flertallet mot seg og m\u00e5 kutte drivstoff-avgifter slik at prisen kommer ned mot 20 kroner. Men selv Senterpartiet har ikke satt i gang med \u00e5 arrangere \u00f8konomil\u00f8p for biler (eller traktorer?). Et slikt l\u00f8p ble imidlertid arrangert i 1960 \u2013 av Mobil, som drev en bensinstasjonkjede. Bensinprisen l\u00e5 da p\u00e5 ca. kr 1,25, men justert for pengeverdien er den i realiteten h\u00f8yere i dag (med gjennomsnittlig timel\u00f8nn m\u00e5tte man arbeide lenger enn i dag for \u00e5 kunne kj\u00f8pe \u00e9n liter bensin). Filmen fra \u00f8konomil\u00f8pet i 1960 f\u00e5r plass her fordi den har flere klipp fra veistrekninger slik de s\u00e5 ut den gangen. Helt mot slutten ser man fotgjengerbroen som n\u00e5 er revet, og som krysset E-18 ved Shell-stasjonen p\u00e5 Strand \u2013 den er ogs\u00e5 borte.<\/p>\n\n\n\n<p><em><a href=\"mailto:ttt@skoletjenesten.no?cc=&amp;bcc=&amp;subject=Vv%20260428&amp;amptarget=\" data-type=\"mailto\" data-id=\"mailto:ttt@skoletjenesten.no?cc=&amp;bcc=&amp;subject=Vv%20260329&amp;amptarget=\" target=\"_blank\" rel=\"noreferrer noopener\">Kommenter <em>denne notisen<\/em><\/a><\/em><\/p>\n\n\n\n<p class=\"has-text-align-center\">\u058e\u058e\u058e<\/p>\n\n\n\n<p id=\"260427\"><strong><em>260427: Attentatfors\u00f8k?<\/em><\/strong> Det snakkes om <em>attentatfors\u00f8k<\/em>, alts\u00e5 et <em>fors\u00f8k p\u00e5 attentat<\/em>, og denne gangen stemmer det. For Cole Thomas Allen ble p\u00e5grepet <em>utenfor<\/em> lokalet i Washington der korrespondent-middagen fant sted, og n\u00e5dde ikke frem til sitt p\u00e5st\u00e5tte m\u00e5l. Men det h\u00f8res ut som om <em>attentatfors\u00f8k<\/em> ogs\u00e5 i denne sammenhengen brukes synonymt med <em>drapsfors\u00f8k<\/em>. <a href=\"https:\/\/naob.no\/ordbok\/attentat\" data-type=\"link\" data-id=\"https:\/\/naob.no\/ordbok\/attentat\" target=\"_blank\" rel=\"noreferrer noopener\">Det norske akademis ordbok<\/a> forklarer denne bruken av ordet attentat (punkt 2.1 under Betydning og bruk).<\/p>\n\n\n\n<p><em><a href=\"mailto:ttt@skoletjenesten.no?cc=&amp;bcc=&amp;subject=Vv%20260427&amp;amptarget=\" data-type=\"mailto\" data-id=\"mailto:ttt@skoletjenesten.no?cc=&amp;bcc=&amp;subject=Vv%20260329&amp;amptarget=\" target=\"_blank\" rel=\"noreferrer noopener\">Kommenter <em>denne notisen<\/em><\/a><\/em><\/p>\n\n\n\n<p class=\"has-text-align-center\">\u058e\u058e\u058e<\/p>\n\n\n<div class=\"wp-block-image is-style-twentytwentyone-border\">\n<figure class=\"alignright size-full\"><a href=\"https:\/\/oma.skoletjenesten.no\/wp-content\/uploads\/2026\/04\/Tsjernobyl_Opera-Bilde_2026-04-26_001424_www.google.no_.png\" target=\"_blank\" rel=\" noreferrer noopener\"><img loading=\"lazy\" decoding=\"async\" width=\"861\" height=\"624\" src=\"https:\/\/oma.skoletjenesten.no\/wp-content\/uploads\/2026\/04\/Tsjernobyl_Opera-Bilde_2026-04-26_001424_www.google.no_.png\" alt=\"\" class=\"wp-image-4731\" srcset=\"https:\/\/oma.skoletjenesten.no\/wp-content\/uploads\/2026\/04\/Tsjernobyl_Opera-Bilde_2026-04-26_001424_www.google.no_.png 861w, https:\/\/oma.skoletjenesten.no\/wp-content\/uploads\/2026\/04\/Tsjernobyl_Opera-Bilde_2026-04-26_001424_www.google.no_-300x217.png 300w, https:\/\/oma.skoletjenesten.no\/wp-content\/uploads\/2026\/04\/Tsjernobyl_Opera-Bilde_2026-04-26_001424_www.google.no_-768x557.png 768w\" sizes=\"auto, (max-width: 861px) 100vw, 861px\" \/><\/a><figcaption class=\"wp-element-caption\">Tsjernobyl (r\u00f8dt merke) ligger nord i Ukraina. Klikk for stort kart.<\/figcaption><\/figure>\n<\/div>\n\n\n<p id=\"260426\"><strong><em>260426: Kraftverk.<\/em><\/strong> Tsjernobyl ligger i Ukraina og heter Tsjornobyl p\u00e5 ukrainsk. Men det er det russiske navnet (fra Sovjetunionens tid) som er blitt verdensber\u00f8mt etter ulykken ved kjernekraftverket der for 40 \u00e5r siden i dag. <a href=\"https:\/\/snl.no\/Tsjernobyl-ulykken\" data-type=\"link\" data-id=\"https:\/\/snl.no\/Tsjernobyl-ulykken\" target=\"_blank\" rel=\"noreferrer noopener\">Tjornobyl-ulykken<\/a> var den ene av de tre ulykkene som skjedde med kjernekraftverk i forrige \u00e5rhundre. Bloggeren tror at risikoen for en tilsvarende ulykke ved det fremtidige <a href=\"https:\/\/torgeirs-tanker.skoletjenesten.no\/kadettangen-kjernekraftverk\/\" target=\"_blank\" rel=\"noreferrer noopener\">Kadettangen kjernekraftverk<\/a> er s\u00e5 godt som ikke-eksisterende. Se den danske fjernsynsserien <em><a href=\"https:\/\/tv.nrk.no\/serie\/atomkraft-ja-takk\/sesong\/1\" data-type=\"link\" data-id=\"https:\/\/tv.nrk.no\/serie\/atomkraft-ja-takk\/sesong\/1\" target=\"_blank\" rel=\"noreferrer noopener\">Atomkraft, ja takk<\/a><\/em>! og h\u00f8r BBC-programmet <em><a href=\"https:\/\/www.bbc.com\/audio\/play\/w3ct8kc9\" data-type=\"link\" data-id=\"https:\/\/www.bbc.com\/audio\/play\/w3ct8kc9\" target=\"_blank\" rel=\"noreferrer noopener\">Unexpected Elements<\/a><\/em> om Tsjornobyl-ulykken.<\/p>\n\n\n\n<p><em><a href=\"mailto:ttt@skoletjenesten.no?cc=&amp;bcc=&amp;subject=Vv%20260426&amp;amptarget=\" data-type=\"mailto\" data-id=\"mailto:ttt@skoletjenesten.no?cc=&amp;bcc=&amp;subject=Vv%20260329&amp;amptarget=\" target=\"_blank\" rel=\"noreferrer noopener\">Kommenter <em>denne notisen<\/em><\/a><\/em><\/p>\n\n\n\n<p class=\"has-text-align-center\">\u058e\u058e\u058e<\/p>\n\n\n<div class=\"wp-block-image is-style-twentytwentyone-border\">\n<figure class=\"alignright size-full\"><img loading=\"lazy\" decoding=\"async\" width=\"265\" height=\"307\" src=\"https:\/\/oma.skoletjenesten.no\/wp-content\/uploads\/2026\/04\/Loeslatt-av_Opera-Bilde_2025-10-18_214906_e-avis.aftenposten.no_.png\" alt=\"\" class=\"wp-image-4727\" srcset=\"https:\/\/oma.skoletjenesten.no\/wp-content\/uploads\/2026\/04\/Loeslatt-av_Opera-Bilde_2025-10-18_214906_e-avis.aftenposten.no_.png 265w, https:\/\/oma.skoletjenesten.no\/wp-content\/uploads\/2026\/04\/Loeslatt-av_Opera-Bilde_2025-10-18_214906_e-avis.aftenposten.no_-259x300.png 259w\" sizes=\"auto, (max-width: 265px) 100vw, 265px\" \/><figcaption class=\"wp-element-caption\">Aftenposten 18. oktober 2025.<\/figcaption><\/figure>\n<\/div>\n\n\n<p id=\"260425\"><strong><em>260425: Sj\u00f8r\u00f8veri?<\/em><\/strong> Adalah (arabisk: \u00abrettferdighet\u00bb) er en palestinsk organisasjon som \u2013 slik bloggeren oppfattet en oktober-notis i Aftenposten \u2013 driver en form for piratvirksomhet. If\u00f8lge Dagblad-notisen som Aftenposten bygger p\u00e5 (ved siden av), ble en norsk dame p\u00e5 uskyldig b\u00e5ttur til Gaza tatt til fange da b\u00e5ten ble bordet, men ble senere l\u00f8slatt av en representant for Adalah.<\/p>\n\n\n\n<p><em><a href=\"mailto:ttt@skoletjenesten.no?cc=&amp;bcc=&amp;subject=Vv%20260425&amp;amptarget=\" target=\"_blank\" rel=\"noreferrer noopener\">Kommenter&nbsp;<em>denne notisen<\/em><\/a><\/em><\/p>\n","protected":false},"excerpt":{"rendered":"<p>F\u00f8lg daglige oppdateringer kommende uke (2.-9. mai) p\u00e5 https:\/\/oma.skoletjenesten.no\/?p=4763. 260425: Sj\u00f8r\u00f8veri260426: Kraftverk260427: Attentatfors\u00f8k?260428: Biltrafikk260429: B\u00e5tplasser260430: Frist260501: Fridag 260501: Fridag. Det er 1. mai og fridag, ogs\u00e5 for en pensjonist som bloggeren. Han er nemlig flaggansvarlig her p\u00e5 bruket, og i dag flagges det ikke. Men det er ogs\u00e5 fredag, s\u00e5 bloggen skal ut til alle&hellip; <a class=\"more-link\" href=\"https:\/\/oma.skoletjenesten.no\/?p=4725\">Fortsett \u00e5 lese <span class=\"screen-reader-text\">\u058e\u058e Virtuell virkelighet \u058e\u058e uke 18\/26<\/span><\/a><\/p>\n","protected":false},"author":1,"featured_media":0,"comment_status":"open","ping_status":"open","sticky":false,"template":"","format":"standard","meta":{"footnotes":""},"categories":[1],"tags":[],"class_list":["post-4725","post","type-post","status-publish","format-standard","hentry","category-uncategorized","entry"],"_links":{"self":[{"href":"https:\/\/oma.skoletjenesten.no\/index.php?rest_route=\/wp\/v2\/posts\/4725","targetHints":{"allow":["GET"]}}],"collection":[{"href":"https:\/\/oma.skoletjenesten.no\/index.php?rest_route=\/wp\/v2\/posts"}],"about":[{"href":"https:\/\/oma.skoletjenesten.no\/index.php?rest_route=\/wp\/v2\/types\/post"}],"author":[{"embeddable":true,"href":"https:\/\/oma.skoletjenesten.no\/index.php?rest_route=\/wp\/v2\/users\/1"}],"replies":[{"embeddable":true,"href":"https:\/\/oma.skoletjenesten.no\/index.php?rest_route=%2Fwp%2Fv2%2Fcomments&post=4725"}],"version-history":[{"count":18,"href":"https:\/\/oma.skoletjenesten.no\/index.php?rest_route=\/wp\/v2\/posts\/4725\/revisions"}],"predecessor-version":[{"id":4768,"href":"https:\/\/oma.skoletjenesten.no\/index.php?rest_route=\/wp\/v2\/posts\/4725\/revisions\/4768"}],"wp:attachment":[{"href":"https:\/\/oma.skoletjenesten.no\/index.php?rest_route=%2Fwp%2Fv2%2Fmedia&parent=4725"}],"wp:term":[{"taxonomy":"category","embeddable":true,"href":"https:\/\/oma.skoletjenesten.no\/index.php?rest_route=%2Fwp%2Fv2%2Fcategories&post=4725"},{"taxonomy":"post_tag","embeddable":true,"href":"https:\/\/oma.skoletjenesten.no\/index.php?rest_route=%2Fwp%2Fv2%2Ftags&post=4725"}],"curies":[{"name":"wp","href":"https:\/\/api.w.org\/{rel}","templated":true}]}}