{"id":4665,"date":"2026-04-17T10:00:40","date_gmt":"2026-04-17T10:00:40","guid":{"rendered":"https:\/\/oma.skoletjenesten.no\/?p=4665"},"modified":"2026-04-24T17:18:03","modified_gmt":"2026-04-24T17:18:03","slug":"%d6%8e%d6%8e-virtuell-virkelighet-%d6%8e%d6%8e-5","status":"publish","type":"post","link":"https:\/\/oma.skoletjenesten.no\/?p=4665","title":{"rendered":"\u058e\u058e Virtuell virkelighet \u058e\u058e uke 17 2026"},"content":{"rendered":"\n<p class=\"has-small-font-size\"><a href=\"#260418\" data-type=\"internal\" data-id=\"#260418\">260418: Fridag<\/a><br><a href=\"#260419\" data-type=\"internal\" data-id=\"#260419\">260419: Politikerspr\u00e5k<\/a><br><a href=\"#260420\" data-type=\"internal\" data-id=\"#260420\">260420: Dagens NRK<\/a><br><a href=\"#260421\" data-type=\"internal\" data-id=\"#260421\">260421: Sionisme (x)<\/a><br><a href=\"#260422\" data-type=\"internal\" data-id=\"#260422\">260422: Spr\u00e5kmote<\/a><br><a href=\"#260423\" data-type=\"internal\" data-id=\"#260423\">260423: Merkedag<\/a><br><a href=\"#260424\" data-type=\"internal\" data-id=\"#260424\">260424: Omsorg<\/a><\/p>\n\n\n\n<hr class=\"wp-block-separator has-alpha-channel-opacity\"\/>\n\n\n\n<p><strong><em>260424: Omsorg.<\/em><\/strong> Det er forskjell p\u00e5 \u00e5 bry seg <em>med<\/em> og \u00e5 bry seg <em>om<\/em>. N\u00e5r bloggeren beveger seg utenfor ytterd\u00f8ren, opplever han stadig at omgivelsene bryr seg o<em>m<\/em>. <em><a href=\"https:\/\/oma.skoletjenesten.no\/?page_id=4713\" data-type=\"link\" data-id=\"https:\/\/oma.skoletjenesten.no\/?page_id=4713\" target=\"_blank\" rel=\"noreferrer noopener\">Les mer &#8230;<\/a><\/em><\/p>\n\n\n\n<p><em><a href=\"mailto:ttt@skoletjenesten.no?cc=&amp;bcc=&amp;subject=Vv%20260424&amp;amptarget=\" data-type=\"mailto\" data-id=\"mailto:ttt@skoletjenesten.no?cc=&amp;bcc=&amp;subject=Vv%20260329&amp;amptarget=\" target=\"_blank\" rel=\"noreferrer noopener\">Kommenter <em>denne notisen<\/em><\/a><\/em><\/p>\n\n\n\n<p class=\"has-text-align-center\">\u058e\u058e\u058e<\/p>\n\n\n<div class=\"wp-block-image\">\n<figure class=\"alignright size-large\"><img decoding=\"async\" src=\"http:\/\/ttt.skoletjenesten.no\/wp-content\/uploads\/2021\/04\/StGeorg_Saint-George-and-the-Dragon-300x300.jpg\" alt=\"\"\/><figcaption class=\"wp-element-caption\">St. Georg og dragen.<\/figcaption><\/figure>\n<\/div>\n\n\n<p id=\"260423\"><strong><em>260423: Merkedag.<\/em><\/strong> 23. april er <a href=\"https:\/\/snl.no\/Sankt_Georg\" data-type=\"link\" data-id=\"https:\/\/snl.no\/Sankt_Georg\">St. Georg<\/a>s dag. Som speider var bloggeren med p\u00e5 \u00e5 markere St. Georgs dag i nesten 20 \u00e5r \u2013 p\u00e5 denne dagen fornyer speiderne sitt speiderl\u00f8fte. Bloggeren meldte seg ut av Norsk speiderguttforbund (NSF) for 50 \u00e5r siden, men innest\u00e5r fortsatt for det han skrev i blogginnlegget <em><a href=\"https:\/\/ttt.skoletjenesten.no\/en-gang-speider-alltid-speider\/\" data-type=\"link\" data-id=\"https:\/\/ttt.skoletjenesten.no\/en-gang-speider-alltid-speider\/\" target=\"_blank\" rel=\"noreferrer noopener\">En gang speider, alltid speider!<\/a><\/em><\/p>\n\n\n\n<p><em><a href=\"mailto:ttt@skoletjenesten.no?cc=&amp;bcc=&amp;subject=Vv%20260423&amp;amptarget=\" data-type=\"mailto\" data-id=\"mailto:ttt@skoletjenesten.no?cc=&amp;bcc=&amp;subject=Vv%20260329&amp;amptarget=\" target=\"_blank\" rel=\"noreferrer noopener\">Kommenter <em>denne notisen<\/em><\/a><\/em><\/p>\n\n\n\n<p class=\"has-text-align-center\">\u058e\u058e\u058e<\/p>\n\n\n\n<p id=\"260422\"><strong><em>260422: Spr\u00e5kmote.<\/em><\/strong> Det nye moteordet er <span style=\"text-decoration: underline;\"><em>p\u00e5<\/em><\/span>. Anna Rut T\u00f8rresen forteller at Iran deltar <span style=\"text-decoration: underline;\"><em>p\u00e5<\/em><\/span> en fredssamtale; if\u00f8lge Christoffer Sand\u00f8y har vi f\u00e5tt mindre \u00e5 rutte <span style=\"text-decoration: underline;\"><em>p\u00e5<\/em><\/span>. Begge rapporterer for den skattefinansierte radiokanalen NRK.<\/p>\n\n\n\n<div class=\"wp-block-columns is-layout-flex wp-container-core-columns-is-layout-9d6595d7 wp-block-columns-is-layout-flex\">\n<div class=\"wp-block-column is-layout-flow wp-block-column-is-layout-flow\">\n<figure class=\"wp-block-audio\"><audio controls src=\"https:\/\/oma.skoletjenesten.no\/wp-content\/uploads\/2026\/04\/Delta-PAA-fredssamtaler_260421_NRK-AlltidNyheter_AnnaRutTorressen.mp3\"><\/audio><figcaption class=\"wp-element-caption\"> NRK Alltid Nyheter 21. april 2026.<\/figcaption><\/figure>\n<\/div>\n\n\n\n<div class=\"wp-block-column is-layout-flow wp-block-column-is-layout-flow\">\n<figure class=\"wp-block-audio\"><audio controls src=\"https:\/\/oma.skoletjenesten.no\/wp-content\/uploads\/2026\/04\/Mindre-aa-rutte-PAA_260421_NRK-AlltidNyheter_ChristopherSandoy.mp3\"><\/audio><figcaption class=\"wp-element-caption\"> NRK Alltid Nyheter 21. april 2026.<\/figcaption><\/figure>\n<\/div>\n<\/div>\n\n\n\n<p><em><a href=\"mailto:ttt@skoletjenesten.no?cc=&amp;bcc=&amp;subject=Vv%20260422&amp;amptarget=\" data-type=\"mailto\" data-id=\"mailto:ttt@skoletjenesten.no?cc=&amp;bcc=&amp;subject=Vv%20260329&amp;amptarget=\" target=\"_blank\" rel=\"noreferrer noopener\">Kommenter <em>denne notisen<\/em><\/a><\/em><\/p>\n\n\n\n<p class=\"has-text-align-center\">\u058e\u058e\u058e<\/p>\n\n\n\n<p id=\"260421\"><strong><em>260421: Sionisme.<\/em><\/strong> En <em>sionist<\/em> er \u2013 if\u00f8lge Store norske Leksikon \u2013 en tilhenger av \u00e5 opprettholde og styrke staten Israel. Parallelt med den definisjonen er vel de fleste nordmenn <em>norvagister<\/em>. <em><a href=\"https:\/\/oma.skoletjenesten.no\/?page_id=4689\" data-type=\"link\" data-id=\"https:\/\/oma.skoletjenesten.no\/?page_id=4689\" target=\"_blank\" rel=\"noreferrer noopener\">Les mer &#8230;<\/a><\/em><\/p>\n\n\n\n<p><em><a href=\"mailto:ttt@skoletjenesten.no?cc=&amp;bcc=&amp;subject=Vv%20260421&amp;amptarget=\" data-type=\"mailto\" data-id=\"mailto:ttt@skoletjenesten.no?cc=&amp;bcc=&amp;subject=Vv%20260329&amp;amptarget=\" target=\"_blank\" rel=\"noreferrer noopener\">Kommenter <em>denne notisen<\/em><\/a><\/em><\/p>\n\n\n\n<p class=\"has-text-align-center\">\u058e\u058e\u058e<\/p>\n\n\n\n<p id=\"260420\"><strong><em>260420: Dagens NRK.<\/em><\/strong> Her er tre klipp fra dagens skattefinansierte NRK:<\/p>\n\n\n\n<p class=\"has-small-font-size\">Maritim terminologi har NRK et perifert forhold til. Men blir <em>bordet <\/em>(det man sitter ved) uttalt med samme vokallyd som Yama Wolasmal bruker n\u00e5r han snakker om et skip som blir <em>bordet<\/em>?<\/p>\n\n\n\n<figure class=\"wp-block-audio\"><audio controls src=\"https:\/\/oma.skoletjenesten.no\/wp-content\/uploads\/2026\/04\/Bordet-uttalt-baardet.mp3\"><\/audio><figcaption class=\"wp-element-caption\">NRK Alltid Nyheter 20. april 2026.<\/figcaption><\/figure>\n\n\n\n<p class=\"has-small-font-size\">Palle Ydsteb\u00f8 har \u2013 etter bloggerens mening \u2013 en litt pussig uttale av <em>Gulfen<\/em>. Hvorfor ikke si <em>Gylfen<\/em>?<\/p>\n\n\n\n<figure class=\"wp-block-audio\"><audio controls src=\"https:\/\/oma.skoletjenesten.no\/wp-content\/uploads\/2026\/04\/Gulfen-uttalt-Goelfen.mp3\"><\/audio><figcaption class=\"wp-element-caption\">NRK Alltid Nyheter 20. april 2026.<\/figcaption><\/figure>\n\n\n\n<p class=\"has-small-font-size\">\u00abUSAs ambassad\u00f8r til Storbritannia\u00bb er uttrykket som brukes om den ambassad\u00f8ren USA har i Storbritannia. I NRK blir det motsatt. Og hvem snakker i bakgrunnen mens Ida Creed leser meldingen?<\/p>\n\n\n\n<figure class=\"wp-block-audio\"><audio controls src=\"https:\/\/oma.skoletjenesten.no\/wp-content\/uploads\/2026\/04\/Ambassadoer-til.mp3\"><\/audio><figcaption class=\"wp-element-caption\">NRK Alltid Nyheter 20. april 2026.<\/figcaption><\/figure>\n\n\n\n<p><em><a href=\"mailto:ttt@skoletjenesten.no?cc=&amp;bcc=&amp;subject=Vv%20260420&amp;amptarget=\" data-type=\"mailto\" data-id=\"mailto:ttt@skoletjenesten.no?cc=&amp;bcc=&amp;subject=Vv%20260329&amp;amptarget=\" target=\"_blank\" rel=\"noreferrer noopener\">Kommenter <em>denne notisen<\/em><\/a><\/em><\/p>\n\n\n\n<p class=\"has-text-align-center\">\u058e\u058e\u058e<\/p>\n\n\n\n<p id=\"260419\"><strong><em>260419: Politikerspr\u00e5k.<\/em><\/strong> Sta(t)sminister St\u00f8re har v\u00e6rt marineoffiser, s\u00e5 n\u00e5 han sier et <em>stred<\/em>, m\u00e5 vel vi landkrabber b\u00f8ye oss? Eller er det politikeren som pr\u00f8ver \u00e5 v\u00e6re folkelig i spr\u00e5ket?<\/p>\n\n\n\n<figure class=\"wp-block-audio\"><audio controls src=\"https:\/\/oma.skoletjenesten.no\/wp-content\/uploads\/2026\/04\/Et-lukket-HormusSTRED_260417_NRK-AlltidNyheter_JonasGahrSStoere_.mp3\"><\/audio><figcaption class=\"wp-element-caption\">Jonas Gahr St\u00f8re (Gacheteure?) bruker nyordet <em>stred<\/em>.<\/figcaption><\/figure>\n\n\n\n<p>Fiskeriminister Marianne Sivertsen N\u00e6ss kutter heller ut denne vanskelige norsken. <em>License to operate<\/em> er sikkert gangbart i fiskeridepartementet, men hvorfor bruke et tungvint uttrykk som \u00abi det lange l\u00f8p\u00bb n\u00e5r man kan si \u00abin the long run\u00bb?<\/p>\n\n\n\n<figure class=\"wp-block-audio\"><audio controls src=\"https:\/\/oma.skoletjenesten.no\/wp-content\/uploads\/2026\/04\/Norwenglish-License-to-operate_260412_NRK-Helgemorgen_MarianneSivertsenNaess.mp3\"><\/audio><figcaption class=\"wp-element-caption\">Marianne Sivertsen N\u00e6ss snakker norwenglish.<\/figcaption><\/figure>\n\n\n\n<p><em><a href=\"mailto:ttt@skoletjenesten.no?cc=&amp;bcc=&amp;subject=Vv%20260419&amp;amptarget=\" data-type=\"mailto\" data-id=\"mailto:ttt@skoletjenesten.no?cc=&amp;bcc=&amp;subject=Vv%20260329&amp;amptarget=\" target=\"_blank\" rel=\"noreferrer noopener\">Kommenter <em>denne notisen<\/em><\/a><\/em><\/p>\n\n\n\n<p class=\"has-text-align-center\">\u058e\u058e\u058e<\/p>\n\n\n\n<p id=\"260418\"><strong><em>260418: Fridag.<\/em><\/strong> Bloggeren har l\u00f8rdagsfri i dag!<\/p>\n","protected":false},"excerpt":{"rendered":"<p>260418: Fridag260419: Politikerspr\u00e5k260420: Dagens NRK260421: Sionisme (x)260422: Spr\u00e5kmote260423: Merkedag260424: Omsorg 260424: Omsorg. Det er forskjell p\u00e5 \u00e5 bry seg med og \u00e5 bry seg om. N\u00e5r bloggeren beveger seg utenfor ytterd\u00f8ren, opplever han stadig at omgivelsene bryr seg om. Les mer &#8230; Kommenter denne notisen \u058e\u058e\u058e 260423: Merkedag. 23. april er St. Georgs dag. Som&hellip; <a class=\"more-link\" href=\"https:\/\/oma.skoletjenesten.no\/?p=4665\">Fortsett \u00e5 lese <span class=\"screen-reader-text\">\u058e\u058e Virtuell virkelighet \u058e\u058e uke 17 2026<\/span><\/a><\/p>\n","protected":false},"author":1,"featured_media":0,"comment_status":"open","ping_status":"open","sticky":false,"template":"","format":"standard","meta":{"footnotes":""},"categories":[1],"tags":[],"class_list":["post-4665","post","type-post","status-publish","format-standard","hentry","category-uncategorized","entry"],"_links":{"self":[{"href":"https:\/\/oma.skoletjenesten.no\/index.php?rest_route=\/wp\/v2\/posts\/4665","targetHints":{"allow":["GET"]}}],"collection":[{"href":"https:\/\/oma.skoletjenesten.no\/index.php?rest_route=\/wp\/v2\/posts"}],"about":[{"href":"https:\/\/oma.skoletjenesten.no\/index.php?rest_route=\/wp\/v2\/types\/post"}],"author":[{"embeddable":true,"href":"https:\/\/oma.skoletjenesten.no\/index.php?rest_route=\/wp\/v2\/users\/1"}],"replies":[{"embeddable":true,"href":"https:\/\/oma.skoletjenesten.no\/index.php?rest_route=%2Fwp%2Fv2%2Fcomments&post=4665"}],"version-history":[{"count":17,"href":"https:\/\/oma.skoletjenesten.no\/index.php?rest_route=\/wp\/v2\/posts\/4665\/revisions"}],"predecessor-version":[{"id":4724,"href":"https:\/\/oma.skoletjenesten.no\/index.php?rest_route=\/wp\/v2\/posts\/4665\/revisions\/4724"}],"wp:attachment":[{"href":"https:\/\/oma.skoletjenesten.no\/index.php?rest_route=%2Fwp%2Fv2%2Fmedia&parent=4665"}],"wp:term":[{"taxonomy":"category","embeddable":true,"href":"https:\/\/oma.skoletjenesten.no\/index.php?rest_route=%2Fwp%2Fv2%2Fcategories&post=4665"},{"taxonomy":"post_tag","embeddable":true,"href":"https:\/\/oma.skoletjenesten.no\/index.php?rest_route=%2Fwp%2Fv2%2Ftags&post=4665"}],"curies":[{"name":"wp","href":"https:\/\/api.w.org\/{rel}","templated":true}]}}