{"id":4605,"date":"2026-04-10T15:27:54","date_gmt":"2026-04-10T15:27:54","guid":{"rendered":"https:\/\/oma.skoletjenesten.no\/?p=4605"},"modified":"2026-04-21T20:04:41","modified_gmt":"2026-04-21T20:04:41","slug":"%d6%8e%d6%8e-virtuell-virkelighet-%d6%8e%d6%8e-4","status":"publish","type":"post","link":"https:\/\/oma.skoletjenesten.no\/?p=4605","title":{"rendered":"\u058e\u058e Virtuell virkelighet \u058e\u058e uke 16\/26"},"content":{"rendered":"\n<p>Daglige oppdateringer kommende uke  (18. &#8211; 24. april) kommer p\u00e5 denne nettadressen: <a href=\"https:\/\/oma.skoletjenesten.no\/?p=4665\">https:\/\/oma.skoletjenesten.no\/?p=4665<\/a><\/p>\n\n\n\n<hr class=\"wp-block-separator has-alpha-channel-opacity\"\/>\n\n\n\n<p><a href=\"#260411\" data-type=\"internal\" data-id=\"#260411\">260411..: \u00c5rstall<\/a><br><a href=\"#260412\" data-type=\"internal\" data-id=\"#260412\">260412..: Navnetegninger<\/a><br><a href=\"#260413\" data-type=\"internal\" data-id=\"#260413\">260413..: Hormuz<\/a><br><a href=\"#260414\" data-type=\"internal\" data-id=\"#260414\">260414..: Kj\u00f8nnsbalanse?<\/a><br><a href=\"#260415\" data-type=\"internal\" data-id=\"#260415\">260415..: NRK-oversatt<\/a><br><a href=\"#260416\" data-type=\"internal\" data-id=\"#260416\">260416..: R\u00f8d linje<\/a><br><a href=\"#260417-1\">260417-1: Gr\u00f8nlands-Donald<\/a><br><a href=\"#260417-2\" data-type=\"internal\" data-id=\"#260417-2\">260417-2: Tale-Donald<\/a><\/p>\n\n\n\n<hr class=\"wp-block-separator has-alpha-channel-opacity\"\/>\n\n\n\n<p id=\"260417-2\"><strong><em>260417-2: Tale-Donald.<\/em><\/strong> President Donald er ingen stor taler etter bloggerens mening. Men han har hentet inspirasjon hist og her. N\u00e5r det gjelder stilen i ordvalget i omtalen av motstandere, synes bloggeren at president Donald minner om Vidkun Quisling.<\/p>\n\n\n\n<figure class=\"wp-block-audio\"><audio controls src=\"https:\/\/oma.skoletjenesten.no\/wp-content\/uploads\/2026\/04\/Qusling-Ordbruk.mp3\"><\/audio><figcaption class=\"wp-element-caption\">Vidkun Quisling omtaler motstandere.<\/figcaption><\/figure>\n\n\n\n<p id=\"260320\"><em><a href=\"mailto:ttt@skoletjenesten.no?cc=&amp;bcc=&amp;subject=Vv%20260417-2&amp;amptarget=\" target=\"_blank\" rel=\"noreferrer noopener\">Kommenter denne notisen<\/a><\/em><\/p>\n\n\n\n<p class=\"has-text-align-center\">\u058e\u058e\u058e<\/p>\n\n\n\n<p id=\"260417-1\"><strong><em>260417-1: Gr\u00f8nlands-Donald.<\/em><\/strong> President Donald har lest Shakespeare, men han er kanskje litt for br\u00e5 i reaksjonen p\u00e5 slottsvaktens utsagn \u00ab<a href=\"https:\/\/www.dictionary.com\/browse\/something-is-rotten-in-the-state-of-denmark\" data-type=\"link\" data-id=\"https:\/\/www.dictionary.com\/browse\/something-is-rotten-in-the-state-of-denmark\" target=\"_blank\" rel=\"noreferrer noopener\">Something is rotten in the state of Denmark.<\/a>\u00bb. Eller har han en langsiktig plan om at Gr\u00f8nland igjen skal bli norsk?<\/p>\n\n\n\n<p id=\"260320\"><em><a href=\"mailto:ttt@skoletjenesten.no?cc=&amp;bcc=&amp;subject=Vv%20260417-1&amp;amptarget=\" target=\"_blank\" rel=\"noreferrer noopener\">Kommenter denne notisen<\/a><\/em><\/p>\n\n\n\n<p class=\"has-text-align-center\">\u058e\u058e\u058e<\/p>\n\n\n<div class=\"wp-block-image is-style-twentytwentyone-border\">\n<figure class=\"alignright size-full\"><a href=\"https:\/\/oma.skoletjenesten.no\/wp-content\/uploads\/2026\/04\/Thin-red-line_1200px-thin_red_line_diorama_stirling_castle.jpg\" target=\"_blank\" rel=\" noreferrer noopener\"><img loading=\"lazy\" decoding=\"async\" width=\"800\" height=\"589\" src=\"https:\/\/oma.skoletjenesten.no\/wp-content\/uploads\/2026\/04\/Thin-red-line_1200px-thin_red_line_diorama_stirling_castle.jpg\" alt=\"\" class=\"wp-image-4647\" srcset=\"https:\/\/oma.skoletjenesten.no\/wp-content\/uploads\/2026\/04\/Thin-red-line_1200px-thin_red_line_diorama_stirling_castle.jpg 800w, https:\/\/oma.skoletjenesten.no\/wp-content\/uploads\/2026\/04\/Thin-red-line_1200px-thin_red_line_diorama_stirling_castle-300x221.jpg 300w, https:\/\/oma.skoletjenesten.no\/wp-content\/uploads\/2026\/04\/Thin-red-line_1200px-thin_red_line_diorama_stirling_castle-768x565.jpg 768w\" sizes=\"auto, (max-width: 800px) 100vw, 800px\" \/><\/a><figcaption class=\"wp-element-caption\">Den r\u00f8de linjen anno 1854. Klikk for stort bilde og  les om <em><a href=\"https:\/\/www.warhistoryonline.com\/history\/origin-expression-thin-red-line.html\" data-type=\"link\" data-id=\"https:\/\/www.warhistoryonline.com\/history\/origin-expression-thin-red-line.html\" target=\"_blank\" rel=\"noreferrer noopener\">The Thin, Red Line<\/a><\/em>.<\/figcaption><\/figure>\n<\/div>\n\n\n<p id=\"260416\"><strong><em>260416: R\u00f8d linje.<\/em><\/strong> Det har v\u00e6rt nok av v\u00e6pnede konflikter i det siste, og det er stadig snakk om \u00abden r\u00f8de linjen\u00bb for en av partene. Bloggeren har sett for seg kart med en r\u00f8d strek, men uttrykket \u00abden r\u00f8de linjen\u00bb stammer trolig fra Krym-krigen (1853-56) mellom Russland og en allianse av Tyrkia, Storbritannia, Frankrike, og Sardinia (selvstendig kongerike til Italias samling i 1861). <em>The Thin, Red Line<\/em> var skotske soldater med r\u00f8de uniformer (de var ikke s\u00e5 opptatt av kamuflasje p\u00e5 den tiden), som holdt tilbake et angrep fra russisk side.<\/p>\n\n\n\n<p id=\"260320\"><em><a href=\"mailto:ttt@skoletjenesten.no?cc=&amp;bcc=&amp;subject=Vv%20260416&amp;amptarget=\" target=\"_blank\" rel=\"noreferrer noopener\">Kommenter denne notisen<\/a><\/em><\/p>\n\n\n\n<p class=\"has-text-align-center\">\u058e\u058e\u058e<\/p>\n\n\n\n<figure class=\"wp-block-video alignright\"><video height=\"708\" style=\"aspect-ratio: 1350 \/ 708;\" width=\"1350\" controls src=\"https:\/\/oma.skoletjenesten.no\/wp-content\/uploads\/2026\/04\/Warehouse-Varehus_260409_NRK-Nyheter_KnutMagnusBerge.mp4\"><\/video><figcaption class=\"wp-element-caption\">NRK nyheter 9. april 2026.<\/figcaption><\/figure>\n\n\n\n<p id=\"260415\"><strong><em>260415: NRK-oversatt.<\/em><\/strong> Det er ikke overraskende at den\/de som skrev nyhetsmeldingen som ble lest opp i den skattefinansierte radiokanalen NRK om en p\u00e5satt storbrann i California, tror at det engelske ordet <em>warehouse<\/em> (= <em>lager<\/em>) betyr <em>varehus<\/em>. Det er mer overraskende at Knut Magnus Berge lot seg lure med, men det var kanskje av h\u00f8flighetsgrunner? Opplysningen i <em><a href=\"http:\/\/ttt.skoletjenesten.no\/wp-content\/uploads\/2026\/03\/Toilet%20Paper%20Warehouse%20in%20California%20Destroyed%20by%20Fire%3B%20Employee%20Arrested.pdf\" data-type=\"link\" data-id=\"http:\/\/ttt.skoletjenesten.no\/wp-content\/uploads\/2026\/03\/Toilet%20Paper%20Warehouse%20in%20California%20Destroyed%20by%20Fire%3B%20Employee%20Arrested.pdf\" target=\"_blank\" rel=\"noreferrer noopener\">Insurance Journal<\/a><\/em> om at det dreide seg om et \u00abToilet Paper Warehouse\u00bb, kan forklare hvorfor det var \u00abtitals pallar med papir\u00bb som ble p\u00e5tent.<\/p>\n\n\n\n<p id=\"260320\"><em><a href=\"mailto:ttt@skoletjenesten.no?cc=&amp;bcc=&amp;subject=Vv%20260415&amp;amptarget=\" target=\"_blank\" rel=\"noreferrer noopener\">Kommenter denne notisen<\/a><\/em><\/p>\n\n\n\n<p class=\"has-text-align-center\">\u058e\u058e\u058e<\/p>\n\n\n\n<p id=\"260414\"><strong><em>260414: Kj\u00f8nnsbalanse?<\/em><\/strong> Da Ansgar Gabrielsen var n\u00e6ringsminister (2001-2004), fikk han innf\u00f8rt et krav om at styret i et <a href=\"https:\/\/fiken.no\/forklarer\/asa\" data-type=\"link\" data-id=\"https:\/\/fiken.no\/forklarer\/asa\" target=\"_blank\" rel=\"noreferrer noopener\">allmennaksjeselskap (ASA)<\/a> skal best\u00e5 av <a href=\"https:\/\/e24.no\/naeringsliv\/i\/3JV51P\/han-skaffet-800-styrekvinner\" data-type=\"link\" data-id=\"https:\/\/e24.no\/naeringsliv\/i\/3JV51P\/han-skaffet-800-styrekvinner\" target=\"_blank\" rel=\"noreferrer noopener\">minst 40% kvinner<\/a>. Diskusjonen om hvorvidt kj\u00f8nn eller kompetanse er viktigst for \u00e5 v\u00e6re en god styrerepresentant, hadde p\u00e5g\u00e5tt lenge f\u00f8r den nye bestemmelsen kom. Og den p\u00e5g\u00e5r fortsatt, bl.a. i form av en lederartikkel og et svar p\u00e5 den i samme utgave (!) av Aftenposten.<\/p>\n\n\n\n<div class=\"wp-block-columns is-layout-flex wp-container-core-columns-is-layout-9d6595d7 wp-block-columns-is-layout-flex\">\n<div class=\"wp-block-column is-layout-flow wp-block-column-is-layout-flow\">\n<figure class=\"wp-block-image size-full is-style-twentytwentyone-border\"><a href=\"http:\/\/ttt.skoletjenesten.no\/wp-content\/uploads\/2026\/03\/Kompetanse-eller-kjoeenn_Aftenposten%2011.%20april%202026.pdf\" target=\"_blank\" rel=\" noreferrer noopener\"><img loading=\"lazy\" decoding=\"async\" width=\"532\" height=\"743\" src=\"https:\/\/oma.skoletjenesten.no\/wp-content\/uploads\/2026\/04\/Kompetanse-eller-kjoeenn_OK_Aftenposten-11.-april-2026.jpg\" alt=\"\" class=\"wp-image-4640\" srcset=\"https:\/\/oma.skoletjenesten.no\/wp-content\/uploads\/2026\/04\/Kompetanse-eller-kjoeenn_OK_Aftenposten-11.-april-2026.jpg 532w, https:\/\/oma.skoletjenesten.no\/wp-content\/uploads\/2026\/04\/Kompetanse-eller-kjoeenn_OK_Aftenposten-11.-april-2026-215x300.jpg 215w\" sizes=\"auto, (max-width: 532px) 100vw, 532px\" \/><\/a><figcaption class=\"wp-element-caption\">Aftenposten 11. april 2026. Klikk for \u00e5 lese.<\/figcaption><\/figure>\n<\/div>\n\n\n\n<div class=\"wp-block-column is-layout-flow wp-block-column-is-layout-flow\">\n<figure class=\"wp-block-image size-full is-style-twentytwentyone-border\"><a href=\"http:\/\/ttt.skoletjenesten.no\/wp-content\/uploads\/2026\/03\/Kompetanse-eller-kjoenn-2_Aftenposten%2011.%20april%202026.pdf\" target=\"_blank\" rel=\" noreferrer noopener\"><img loading=\"lazy\" decoding=\"async\" width=\"531\" height=\"736\" src=\"https:\/\/oma.skoletjenesten.no\/wp-content\/uploads\/2026\/04\/Kompetanse-eller-kjoenn-2_OK_Aftenposten-11.-april-2026.jpg\" alt=\"\" class=\"wp-image-4641\" srcset=\"https:\/\/oma.skoletjenesten.no\/wp-content\/uploads\/2026\/04\/Kompetanse-eller-kjoenn-2_OK_Aftenposten-11.-april-2026.jpg 531w, https:\/\/oma.skoletjenesten.no\/wp-content\/uploads\/2026\/04\/Kompetanse-eller-kjoenn-2_OK_Aftenposten-11.-april-2026-216x300.jpg 216w\" sizes=\"auto, (max-width: 531px) 100vw, 531px\" \/><\/a><figcaption class=\"wp-element-caption\">Aftenposten 11. april 2026. Klikk for \u00e5 lese.<\/figcaption><\/figure>\n<\/div>\n<\/div>\n\n\n\n<p id=\"260320\"><em><a href=\"mailto:ttt@skoletjenesten.no?cc=&amp;bcc=&amp;subject=Vv%20260414&amp;amptarget=\" target=\"_blank\" rel=\"noreferrer noopener\">Kommenter denne notisen<\/a><\/em><\/p>\n\n\n\n<p class=\"has-text-align-center\">\u058e\u058e\u058e<\/p>\n\n\n\n<p id=\"260413\"><strong><em>260413: Hormuz.<\/em><\/strong> If\u00f8lge Aida Korami, som er den skattefinansierte mediekanalen NRKs nyeste Midt\u00f8sten-korrespondent, har en rekke skip rent p\u00e5 land (\u00aber strandet\u00bb) utenfor Hormuz-stredet. Verdenspressen ellers har v\u00e6rt mer opptatt av skipene som befinner seg <em>innenfor<\/em> stredet og ikke slipper ut. Men Yama Wolasmal tror fortsatt at det heter et <em>stred<\/em>.<\/p>\n\n\n\n<div class=\"wp-block-columns is-layout-flex wp-container-core-columns-is-layout-9d6595d7 wp-block-columns-is-layout-flex\">\n<div class=\"wp-block-column is-layout-flow wp-block-column-is-layout-flow\">\n<figure class=\"wp-block-audio\"><audio controls src=\"https:\/\/oma.skoletjenesten.no\/wp-content\/uploads\/2026\/04\/Skip-strandet_260408_NRK-AlltidNyheter_AidaKorami_.mp3\"><\/audio><figcaption class=\"wp-element-caption\">NRK Alltid nyheter 8. april 2026: Strandete skip.<\/figcaption><\/figure>\n<\/div>\n\n\n\n<div class=\"wp-block-column is-layout-flow wp-block-column-is-layout-flow\">\n<figure class=\"wp-block-audio\"><audio controls src=\"https:\/\/oma.skoletjenesten.no\/wp-content\/uploads\/2026\/04\/Hormuz-et-STRED_260408_NRK-AlltieNyheter_YamaWolasmal_.mp3\"><\/audio><figcaption class=\"wp-element-caption\">NRK Alltid nyheter 8. april 2026: Et <em>stred<\/em>.<\/figcaption><\/figure>\n<\/div>\n<\/div>\n\n\n\n<div class=\"wp-block-columns is-layout-flex wp-container-core-columns-is-layout-9d6595d7 wp-block-columns-is-layout-flex\"><\/div>\n\n\n\n<p id=\"260320\"><em><a href=\"mailto:ttt@skoletjenesten.no?cc=&amp;bcc=&amp;subject=Vv%20260413&amp;amptarget=\" target=\"_blank\" rel=\"noreferrer noopener\">Kommenter denne notisen<\/a><\/em><\/p>\n\n\n\n<p class=\"has-text-align-center\">\u058e\u058e\u058e<\/p>\n\n\n<div class=\"wp-block-image is-style-twentytwentyone-border\">\n<figure class=\"alignright size-large\"><a href=\"https:\/\/oma.skoletjenesten.no\/wp-content\/uploads\/2026\/04\/Gjett-band_Opera-Bilde_2026-03-31_123232_e-avis.aftenposten.no_.png\" target=\"_blank\" rel=\" noreferrer noopener\"><img loading=\"lazy\" decoding=\"async\" width=\"1024\" height=\"707\" src=\"https:\/\/oma.skoletjenesten.no\/wp-content\/uploads\/2026\/04\/Gjett-band_Opera-Bilde_2026-03-31_123232_e-avis.aftenposten.no_-1024x707.png\" alt=\"\" class=\"wp-image-4631\" srcset=\"https:\/\/oma.skoletjenesten.no\/wp-content\/uploads\/2026\/04\/Gjett-band_Opera-Bilde_2026-03-31_123232_e-avis.aftenposten.no_-1024x707.png 1024w, https:\/\/oma.skoletjenesten.no\/wp-content\/uploads\/2026\/04\/Gjett-band_Opera-Bilde_2026-03-31_123232_e-avis.aftenposten.no_-300x207.png 300w, https:\/\/oma.skoletjenesten.no\/wp-content\/uploads\/2026\/04\/Gjett-band_Opera-Bilde_2026-03-31_123232_e-avis.aftenposten.no_-768x531.png 768w, https:\/\/oma.skoletjenesten.no\/wp-content\/uploads\/2026\/04\/Gjett-band_Opera-Bilde_2026-03-31_123232_e-avis.aftenposten.no_.png 1087w\" sizes=\"auto, (max-width: 1024px) 100vw, 1024px\" \/><\/a><figcaption class=\"wp-element-caption\">Aftenposten 31. mars 2026.<\/figcaption><\/figure>\n<\/div>\n\n\n<p id=\"260412\"><strong><em>260412: Navnetegninger.<\/em><\/strong> Sanggruppen som bloggeren var medlem av (den er n\u00e5 nedlagt) het <em>Hummer &amp; Canari<\/em> og hadde navn etter gruppens repertoar. Tegningen ved siden av viser seks band-navn som heller ikke er direkte knyttet til musikk. De som ikke uten videre kopler tegningene til kjente navn, kan klikke p\u00e5 illustrasjonen for \u00e5 se en st\u00f8rre versjon der fasiten under hver tegning er leselig.<\/p>\n\n\n\n<p id=\"260320\"><em><a href=\"mailto:ttt@skoletjenesten.no?cc=&amp;bcc=&amp;subject=Vv%20260412&amp;amptarget=\" target=\"_blank\" rel=\"noreferrer noopener\">Kommenter denne notisen<\/a><\/em><\/p>\n\n\n\n<p class=\"has-text-align-center\">\u058e\u058e\u058e<\/p>\n\n\n<div class=\"wp-block-image is-style-twentytwentyone-border\">\n<figure class=\"alignright size-full\"><img loading=\"lazy\" decoding=\"async\" width=\"579\" height=\"112\" src=\"https:\/\/oma.skoletjenesten.no\/wp-content\/uploads\/2026\/04\/Quiz-svar-Bismarck_Opera-Bilde_2026-04-11_131241_e-avis.aftenposten.no_.png\" alt=\"\" class=\"wp-image-4623\" srcset=\"https:\/\/oma.skoletjenesten.no\/wp-content\/uploads\/2026\/04\/Quiz-svar-Bismarck_Opera-Bilde_2026-04-11_131241_e-avis.aftenposten.no_.png 579w, https:\/\/oma.skoletjenesten.no\/wp-content\/uploads\/2026\/04\/Quiz-svar-Bismarck_Opera-Bilde_2026-04-11_131241_e-avis.aftenposten.no_-300x58.png 300w\" sizes=\"auto, (max-width: 579px) 100vw, 579px\" \/><figcaption class=\"wp-element-caption\">Aftenposten 11. april 2026. <\/figcaption><\/figure>\n<\/div>\n\n\n<p id=\"260411\"><strong><em>260411: \u00c5rstall. <\/em><\/strong>Svaret p\u00e5 quiz-sp\u00f8rsm\u00e5let ved siden av er \u2013 if\u00f8lge Aftenposten \u2013 Otto von Bismarck. Han levde fra 1815 til 1898 og var tysk kansler fra 1871 til 1890. Aftenpostens motto var tidligere \u00abSolid bakgrunn for egne meninger\u00bb.<\/p>\n\n\n\n<p id=\"260320\"><em><a href=\"mailto:ttt@skoletjenesten.no?cc=&amp;bcc=&amp;subject=Vv%20260411&amp;amptarget=\" target=\"_blank\" rel=\"noreferrer noopener\">Kommenter denne notisen<\/a><\/em><\/p>\n\n\n\n<p class=\"has-text-align-center\"><\/p>\n\n\n\n<p id=\"260411\"><\/p>\n","protected":false},"excerpt":{"rendered":"<p>Daglige oppdateringer kommende uke (18. &#8211; 24. april) kommer p\u00e5 denne nettadressen: https:\/\/oma.skoletjenesten.no\/?p=4665 260411..: \u00c5rstall260412..: Navnetegninger260413..: Hormuz260414..: Kj\u00f8nnsbalanse?260415..: NRK-oversatt260416..: R\u00f8d linje260417-1: Gr\u00f8nlands-Donald260417-2: Tale-Donald 260417-2: Tale-Donald. President Donald er ingen stor taler etter bloggerens mening. Men han har hentet inspirasjon hist og her. N\u00e5r det gjelder stilen i ordvalget i omtalen av motstandere, synes bloggeren at&hellip; <a class=\"more-link\" href=\"https:\/\/oma.skoletjenesten.no\/?p=4605\">Fortsett \u00e5 lese <span class=\"screen-reader-text\">\u058e\u058e Virtuell virkelighet \u058e\u058e uke 16\/26<\/span><\/a><\/p>\n","protected":false},"author":1,"featured_media":0,"comment_status":"open","ping_status":"open","sticky":false,"template":"","format":"standard","meta":{"footnotes":""},"categories":[11],"tags":[],"class_list":["post-4605","post","type-post","status-publish","format-standard","hentry","category-alternative-fakta","entry"],"_links":{"self":[{"href":"https:\/\/oma.skoletjenesten.no\/index.php?rest_route=\/wp\/v2\/posts\/4605","targetHints":{"allow":["GET"]}}],"collection":[{"href":"https:\/\/oma.skoletjenesten.no\/index.php?rest_route=\/wp\/v2\/posts"}],"about":[{"href":"https:\/\/oma.skoletjenesten.no\/index.php?rest_route=\/wp\/v2\/types\/post"}],"author":[{"embeddable":true,"href":"https:\/\/oma.skoletjenesten.no\/index.php?rest_route=\/wp\/v2\/users\/1"}],"replies":[{"embeddable":true,"href":"https:\/\/oma.skoletjenesten.no\/index.php?rest_route=%2Fwp%2Fv2%2Fcomments&post=4605"}],"version-history":[{"count":23,"href":"https:\/\/oma.skoletjenesten.no\/index.php?rest_route=\/wp\/v2\/posts\/4605\/revisions"}],"predecessor-version":[{"id":4698,"href":"https:\/\/oma.skoletjenesten.no\/index.php?rest_route=\/wp\/v2\/posts\/4605\/revisions\/4698"}],"wp:attachment":[{"href":"https:\/\/oma.skoletjenesten.no\/index.php?rest_route=%2Fwp%2Fv2%2Fmedia&parent=4605"}],"wp:term":[{"taxonomy":"category","embeddable":true,"href":"https:\/\/oma.skoletjenesten.no\/index.php?rest_route=%2Fwp%2Fv2%2Fcategories&post=4605"},{"taxonomy":"post_tag","embeddable":true,"href":"https:\/\/oma.skoletjenesten.no\/index.php?rest_route=%2Fwp%2Fv2%2Ftags&post=4605"}],"curies":[{"name":"wp","href":"https:\/\/api.w.org\/{rel}","templated":true}]}}