{"id":4566,"date":"2026-04-04T09:00:36","date_gmt":"2026-04-04T09:00:36","guid":{"rendered":"https:\/\/oma.skoletjenesten.no\/?p=4566"},"modified":"2026-04-11T15:29:54","modified_gmt":"2026-04-11T15:29:54","slug":"%d6%8e%d6%8e-virtuell-virkelighet-%d6%8e%d6%8e-3","status":"publish","type":"post","link":"https:\/\/oma.skoletjenesten.no\/?p=4566","title":{"rendered":"\u058e\u058e Virtuell virkelighet \u058e\u058e uke 15\/26"},"content":{"rendered":"\n<figure class=\"wp-block-image size-full\"><a href=\"https:\/\/oma.skoletjenesten.no\/?p=4605\" target=\"_blank\" rel=\" noreferrer noopener\"><img loading=\"lazy\" decoding=\"async\" width=\"438\" height=\"122\" src=\"https:\/\/oma.skoletjenesten.no\/wp-content\/uploads\/2026\/03\/image.png\" alt=\"\" class=\"wp-image-4410\" srcset=\"https:\/\/oma.skoletjenesten.no\/wp-content\/uploads\/2026\/03\/image.png 438w, https:\/\/oma.skoletjenesten.no\/wp-content\/uploads\/2026\/03\/image-300x84.png 300w\" sizes=\"auto, (max-width: 438px) 100vw, 438px\" \/><\/a><\/figure>\n\n\n\n<p class=\"has-small-font-size\"><a href=\"#260404-1\" data-type=\"internal\" data-id=\"#260404-1\">260404-1: Byttedeler<\/a><br><a href=\"#260404-2\" data-type=\"internal\" data-id=\"#260404-2\">260404-2: \u00abVanlig\u00bb dag<\/a><br><a href=\"#260405\" data-type=\"internal\" data-id=\"#260405\">260405..: Flaggtr\u00f8bbel<\/a><br><a href=\"#260406-1\" data-type=\"internal\" data-id=\"#260406-1\">260406-1: \u00c5 eldes<\/a><br><a href=\"#260406-2\" data-type=\"internal\" data-id=\"#260406-2\">260406-2: Novelle om f.eks. alderdom<\/a><br><a href=\"#260407\" data-type=\"internal\" data-id=\"#260407\">260407..: Stred(e)<\/a><br><a href=\"#260408\" data-type=\"internal\" data-id=\"#260408\">260408..: R\u00f8dt-politikere som Trump<\/a><br><a href=\"#260409\" data-type=\"internal\" data-id=\"#260409\">260409..: Skjebnedato<\/a><br><a href=\"#260410-1\" data-type=\"internal\" data-id=\"#260410-1\">260410-1: Ishockey!<\/a><br><a href=\"#260410-2\" data-type=\"internal\" data-id=\"#260410-2\">260410-2: TV-filter<\/a><\/p>\n\n\n\n<hr class=\"wp-block-separator has-alpha-channel-opacity\"\/>\n\n\n\n<p id=\"260410-2\"><strong><em>260410-2: TV-filter.<\/em><\/strong> Bloggeren har <em>ikke<\/em> v\u00e6rt modell for tegneserien nedenfor, og har heller ikke kommet med innspill til innholdet.<\/p>\n\n\n\n<figure class=\"wp-block-image size-large\"><a href=\"https:\/\/oma.skoletjenesten.no\/wp-content\/uploads\/2026\/04\/Langrennsfilter_Opera-Bilde_2026-02-08_203649_e-avis.aftenposten.no_.png\" target=\"_blank\" rel=\" noreferrer noopener\"><img loading=\"lazy\" decoding=\"async\" width=\"1024\" height=\"347\" src=\"https:\/\/oma.skoletjenesten.no\/wp-content\/uploads\/2026\/04\/Langrennsfilter_Opera-Bilde_2026-02-08_203649_e-avis.aftenposten.no_-1024x347.png\" alt=\"\" class=\"wp-image-4599\" srcset=\"https:\/\/oma.skoletjenesten.no\/wp-content\/uploads\/2026\/04\/Langrennsfilter_Opera-Bilde_2026-02-08_203649_e-avis.aftenposten.no_-1024x347.png 1024w, https:\/\/oma.skoletjenesten.no\/wp-content\/uploads\/2026\/04\/Langrennsfilter_Opera-Bilde_2026-02-08_203649_e-avis.aftenposten.no_-300x102.png 300w, https:\/\/oma.skoletjenesten.no\/wp-content\/uploads\/2026\/04\/Langrennsfilter_Opera-Bilde_2026-02-08_203649_e-avis.aftenposten.no_-768x260.png 768w, https:\/\/oma.skoletjenesten.no\/wp-content\/uploads\/2026\/04\/Langrennsfilter_Opera-Bilde_2026-02-08_203649_e-avis.aftenposten.no_.png 1116w\" sizes=\"auto, (max-width: 1024px) 100vw, 1024px\" \/><\/a><\/figure>\n\n\n\n<p><em><a href=\"mailto:ttt@skoletjenesten.no?cc=&amp;bcc=&amp;subject=Vv%20260410-2&amp;amptarget=\" data-type=\"mailto\" data-id=\"mailto:ttt@skoletjenesten.no?cc=&amp;bcc=&amp;subject=Vv%20260329&amp;amptarget=\" target=\"_blank\" rel=\"noreferrer noopener\">Kommenter <em>denne notisen<\/em><\/a><\/em><\/p>\n\n\n\n<p class=\"has-text-align-center\">\u058e\u058e\u058e<\/p>\n\n\n\n<figure class=\"wp-block-video alignright\"><video height=\"716\" style=\"aspect-ratio: 1028 \/ 716;\" width=\"1028\" controls src=\"https:\/\/oma.skoletjenesten.no\/wp-content\/uploads\/2026\/04\/Dameishockey-1960.mp4\"><\/video><figcaption class=\"wp-element-caption\">Filmavisen 1960.<\/figcaption><\/figure>\n\n\n\n<p class=\"260410-1\" id=\"260410-1\"><strong><em>260410-1: Ishockey!<\/em><\/strong> Sportsreportasjer i fjernsynet er ikke hva de en gang var.<\/p>\n\n\n\n<p>.<\/p>\n\n\n\n<p>.<\/p>\n\n\n\n<p><em><a href=\"mailto:ttt@skoletjenesten.no?cc=&amp;bcc=&amp;subject=Vv%20260410-1&amp;amptarget=\" data-type=\"mailto\" data-id=\"mailto:ttt@skoletjenesten.no?cc=&amp;bcc=&amp;subject=Vv%20260329&amp;amptarget=\" target=\"_blank\" rel=\"noreferrer noopener\">Kommenter <em>denne notisen<\/em><\/a><\/em><\/p>\n\n\n\n<p class=\"has-text-align-center\">\u058e\u058e\u058e<\/p>\n\n\n\n<p id=\"260409\"><strong><em>260409: Skjebnedato.<\/em><\/strong> P\u00e5 dagens dato i 1940 kunne denne meldingen h\u00f8res p\u00e5 BBC:<\/p>\n\n\n\n<figure class=\"wp-block-audio\"><audio controls src=\"https:\/\/oma.skoletjenesten.no\/wp-content\/uploads\/2026\/04\/9april1940-BBC.mp3\"><\/audio><figcaption class=\"wp-element-caption\">BBC Home Service 9. april 1940.<\/figcaption><\/figure>\n\n\n\n<p>At den norske regjeringen kunne forlate Oslo, slik BBC meldte, skyldtes en kombinasjon av gammelt utstyr og en gammel mann. Oscarsborg-kanonene som ble brukt 9. april 1940, var anskaffet p\u00e5 1890-tallet, og festningens sjef skulle snart g\u00e5 av med pensjon. Han hadde v\u00e6rt batterikomand\u00f8r der i 1905, og brukte sin erfaring fra den tiden da festningens avstandsm\u00e5ler sviktet. Det tyske slagskipet <a href=\"https:\/\/no.wikipedia.org\/wiki\/Oscarsborg_festning#Senkningen_av_%C2%ABBl%C3%BCcher%C2%BB\" data-type=\"link\" data-id=\"https:\/\/no.wikipedia.org\/wiki\/Oscarsborg_festning#Senkningen_av_%C2%ABBl%C3%BCcher%C2%BB\" target=\"_blank\" rel=\"noreferrer noopener\">BL\u00dcCHER ligger n\u00e5 p\u00e5 90 meters dyp<\/a> ved Askholmene nord i Dr\u00f8baksundet.<\/p>\n\n\n\n<p>F\u00f8r p\u00e5ske ble det gjort kjent at enkelte anskaffelser til den planlagte opprustningen av Forsvaret m\u00e5 utsettes. Skulle det oppst\u00e5 en liknende situasjon som 9. april 1940, f\u00e5r vi h\u00e5pe at det finnes en kombinasjon av eksisterende utstyr og et klokt menneske \u2013 tilsvarende Oscarsborg og Birger Eriksen.<\/p>\n\n\n\n<p><em><a href=\"mailto:ttt@skoletjenesten.no?cc=&amp;bcc=&amp;subject=Vv%20260409&amp;amptarget=\" data-type=\"mailto\" data-id=\"mailto:ttt@skoletjenesten.no?cc=&amp;bcc=&amp;subject=Vv%20260329&amp;amptarget=\" target=\"_blank\" rel=\"noreferrer noopener\">Kommenter <em>denne notisen<\/em><\/a><\/em><\/p>\n\n\n\n<p class=\"has-text-align-center\">\u058e\u058e\u058e<\/p>\n\n\n\n<p id=\"260408\"><strong><em>260408: R\u00f8dt-politikere som Trump.<\/em><\/strong> Mimir Kristjansson er stortingsrepresentant for partiet R\u00f8dt. Dessuten er han anmeldt for \u2013 og har innr\u00f8mmet \u2013 \u00e5 ha kommet med trusler i et innlegg p\u00e5 (a)sosiale medier. Kristjansson har tidligere utgitt bok om at han har alkoholproblemer. Han er tidligere omtalt i bloggen (bl. a. <a href=\"http:\/\/ttt.skoletjenesten.no\/tilbakeblikk-25-12-2020\/#Medielort\" data-type=\"link\" data-id=\"http:\/\/ttt.skoletjenesten.no\/tilbakeblikk-25-12-2020\/#Medielort\" target=\"_blank\" rel=\"noreferrer noopener\">her<\/a> og <a href=\"https:\/\/ttt.skoletjenesten.no\/tilbakeblikk-25-12-2020\/#streik\" data-type=\"link\" data-id=\"https:\/\/ttt.skoletjenesten.no\/tilbakeblikk-25-12-2020\/#streik\" target=\"_blank\" rel=\"noreferrer noopener\">her<\/a>), og f\u00f8yer seg inn i rekken av R\u00f8dt-politikere som likner Donald Trump i det at de ikke har noe moralsk kompass. Den forrige var tidligere leder for R\u00f8d ungdom, <a href=\"https:\/\/oma.skoletjenesten.no\/?p=2926\/#Ungdomspartileder\" data-type=\"link\" data-id=\"https:\/\/oma.skoletjenesten.no\/?p=2926\/#Ungdomspartileder\" target=\"_blank\" rel=\"noreferrer noopener\">Amrit Kaur<\/a>, som fleipet med et politisk drap i USA. F\u00f8r henne fikk <a href=\"https:\/\/torgeirs-tanker.skoletjenesten.no\/solbriller-i-stortinget\/\" data-type=\"link\" data-id=\"https:\/\/torgeirs-tanker.skoletjenesten.no\/solbriller-i-stortinget\/\" target=\"_blank\" rel=\"noreferrer noopener\">Bj\u00f8rnar Moxnes<\/a> stor oppmerksomhet som butikktyv.<\/p>\n\n\n\n<p><a href=\"https:\/\/torgeirs-tanker.skoletjenesten.no\/virtuell-virkelighet-24-23\/#Krim\" data-type=\"link\" data-id=\"https:\/\/torgeirs-tanker.skoletjenesten.no\/virtuell-virkelighet-24-23\/#Krim\" target=\"_blank\" rel=\"noreferrer noopener\">S\u00e6rpreget ved et politisk parti<\/a> st\u00e5r ikke alltid i form\u00e5lsparagrafen. Bloggeren minner likevel om at man ved stortingsvalg stemmer p\u00e5 personer, ikke p\u00e5 partier.<\/p>\n\n\n\n<p><em><a href=\"mailto:ttt@skoletjenesten.no?cc=&amp;bcc=&amp;subject=Vv%20260408&amp;amptarget=\" data-type=\"mailto\" data-id=\"mailto:ttt@skoletjenesten.no?cc=&amp;bcc=&amp;subject=Vv%20260329&amp;amptarget=\" target=\"_blank\" rel=\"noreferrer noopener\">Kommenter <em>denne notisen<\/em><\/a><\/em><\/p>\n\n\n\n<p class=\"has-text-align-center\">\u058e\u058e\u058e<\/p>\n\n\n\n<p id=\"260407\"><strong><em>260407: Stred(e).<\/em><\/strong> Bloggeren har tidligere <a href=\"https:\/\/oma.skoletjenesten.no\/?p=4323\/#260312-1\" data-type=\"link\" data-id=\"https:\/\/oma.skoletjenesten.no\/?p=4323\/#260312-1\">kommentert<\/a> det merkelige valget av tonem i uttalen av <em>stredet<\/em> (aktuelt i forbindelse med Hormuz-stredet). Han har lurt p\u00e5 om noen tror at det heter et <em>stred<\/em> (<a href=\"http:\/\/ttt.skoletjenesten.no\/wp-content\/uploads\/2026\/03\/Stred_Opera%20Bilde_2026-04-06_135814_ordbokene.no.png\" data-type=\"link\" data-id=\"http:\/\/ttt.skoletjenesten.no\/wp-content\/uploads\/2026\/03\/Stred_Opera%20Bilde_2026-04-06_135814_ordbokene.no.png\">det heter et <em>strede<\/em><\/a>), og det <em>har<\/em> noen trodd, i hvert fall Axel Segelcke, som hadde et innslag i 9-nyhetene 2. p\u00e5skedag:<\/p>\n\n\n\n<figure class=\"wp-block-audio\"><audio controls src=\"https:\/\/oma.skoletjenesten.no\/wp-content\/uploads\/2026\/04\/Stred-Stenging-av-nytt-STRED_2604066_NRK-Dagsnytt-0900_AxelSegelcke.mp3\"><\/audio><figcaption class=\"wp-element-caption\">NRK 6. april 2026.<\/figcaption><\/figure>\n\n\n\n<p><em><a href=\"mailto:ttt@skoletjenesten.no?cc=&amp;bcc=&amp;subject=Vv%20260407&amp;amptarget=\" data-type=\"mailto\" data-id=\"mailto:ttt@skoletjenesten.no?cc=&amp;bcc=&amp;subject=Vv%20260329&amp;amptarget=\" target=\"_blank\" rel=\"noreferrer noopener\">Kommenter <em>denne notisen<\/em><\/a><\/em><\/p>\n\n\n\n<p class=\"has-text-align-center\">\u058e\u058e\u058e<\/p>\n\n\n\n<p id=\"260406-2\"><strong><em>260406-2: Novelle om f.eks. alderdom.<\/em><\/strong> <em><a href=\"https:\/\/www.nb.no\/items\/df77fb285e738bde8101fd8187a94312?page=213&amp;searchText=\u00f8stenfor%20sol\" data-type=\"link\" data-id=\"https:\/\/www.nb.no\/items\/df77fb285e738bde8101fd8187a94312?page=213&amp;searchText=\u00f8stenfor%20sol\" target=\"_blank\" rel=\"noreferrer noopener\">Blomster til Algernon<\/a><\/em> er en novelle av Axel Segelcke i genren fabelprosa (science fiction). Den b\u00f8r leses av alle som har med gamle folk \u00e5 gj\u00f8re.<\/p>\n\n\n\n<p><em><a href=\"mailto:ttt@skoletjenesten.no?cc=&amp;bcc=&amp;subject=Vv%20260406-2&amp;amptarget=\" data-type=\"mailto\" data-id=\"mailto:ttt@skoletjenesten.no?cc=&amp;bcc=&amp;subject=Vv%20260329&amp;amptarget=\" target=\"_blank\" rel=\"noreferrer noopener\">Kommenter <em>denne notisen<\/em><\/a><\/em><\/p>\n\n\n\n<p class=\"has-text-align-center\">\u058e\u058e\u058e<\/p>\n\n\n<div class=\"wp-block-image is-style-twentytwentyone-border\">\n<figure class=\"alignright size-full\"><a href=\"http:\/\/ttt.skoletjenesten.no\/wp-content\/uploads\/2026\/03\/Aa-eldes_Aftenposten%204.%20april%202026.pdf\" target=\"_blank\" rel=\" noreferrer noopener\"><img loading=\"lazy\" decoding=\"async\" width=\"507\" height=\"748\" src=\"https:\/\/oma.skoletjenesten.no\/wp-content\/uploads\/2026\/04\/Aa-eldes_Opera-Bilde_2026-04-06_124604_Aa-eldes_Aftenposten20april202026.pdf.png\" alt=\"\" class=\"wp-image-4581\" srcset=\"https:\/\/oma.skoletjenesten.no\/wp-content\/uploads\/2026\/04\/Aa-eldes_Opera-Bilde_2026-04-06_124604_Aa-eldes_Aftenposten20april202026.pdf.png 507w, https:\/\/oma.skoletjenesten.no\/wp-content\/uploads\/2026\/04\/Aa-eldes_Opera-Bilde_2026-04-06_124604_Aa-eldes_Aftenposten20april202026.pdf-203x300.png 203w\" sizes=\"auto, (max-width: 507px) 100vw, 507px\" \/><\/a><figcaption class=\"wp-element-caption\">Aftenposten 4. april 2026. Klikk for \u00e5 lese.<\/figcaption><\/figure>\n<\/div>\n\n\n<p id=\"260406-1\"><strong><em>260406-1: \u00c5 eldes<\/em><\/strong><em><strong>.<\/strong><\/em> En NTB -artikkel i Aftenposten p\u00e5skeaften handler om hva Respons Analyse har funnet ut om hvordan folk ser p\u00e5 det \u00e5 bli gammel. Siden bloggeren <span style=\"text-decoration: underline;\"><em>er<\/em><\/span> gammel, kan han r\u00f8pe at det ikke er farlig.<\/p>\n\n\n\n<p>.<\/p>\n\n\n\n<p>.<\/p>\n\n\n\n<p>.<\/p>\n\n\n\n<p><em><a href=\"mailto:ttt@skoletjenesten.no?cc=&amp;bcc=&amp;subject=Vv%20260406-1&amp;amptarget=\" data-type=\"mailto\" data-id=\"mailto:ttt@skoletjenesten.no?cc=&amp;bcc=&amp;subject=Vv%20260329&amp;amptarget=\" target=\"_blank\" rel=\"noreferrer noopener\">Kommenter <em>denne notisen<\/em><\/a><\/em><\/p>\n\n\n\n<p class=\"has-text-align-center\">\u058e\u058e\u058e<\/p>\n\n\n\n<p id=\"260405\"><strong><em>260405: <\/em><\/strong><em><strong>Flaggtr\u00f8bbel<\/strong><\/em><em><strong>.<\/strong><\/em> Det er flaggdag i dag (1. p\u00e5skedag), men flaggstangen var ikke helt med p\u00e5 det. Eller var det flagglinen? I hvert fall m\u00e5tte flaggvakten (=bloggeren) gi opp \u00e5 heise flagget kl. 08:00. Han lot det ligge utover syrinbuskene og med valne fingre vendte han tilbake til sengen. Da han skulle fors\u00f8ke \u00e5 l\u00f8se problemet i tolvtiden, var flagget heist. N\u00e6rmeste nabo har tjenestegjort i HM Kongens Garde, og hadde gjort de n\u00f8dvendige operasjonene p\u00e5 eget initiativ. Han hadde til og med plassert flaggposen (bloggerens teknikk for \u00e5 heise flagget uten at det subber i bakken) utenfor bloggerens d\u00f8r.<\/p>\n\n\n\n<p><em><a href=\"mailto:ttt@skoletjenesten.no?cc=&amp;bcc=&amp;subject=Vv%20260405&amp;amptarget=\" data-type=\"mailto\" data-id=\"mailto:ttt@skoletjenesten.no?cc=&amp;bcc=&amp;subject=Vv%20260329&amp;amptarget=\" target=\"_blank\" rel=\"noreferrer noopener\">Kommenter <em>denne notisen<\/em><\/a><\/em><\/p>\n\n\n\n<p class=\"has-text-align-center\">\u058e\u058e\u058e<\/p>\n\n\n\n<p id=\"260404-2\"><strong><em>260404-2: <\/em><\/strong><em><strong>\u00abVanlig\u00bb dag<\/strong><\/em><em><strong>.<\/strong><\/em> Midt oppe i alle de hellige p\u00e5skedagene kommer dagen i dag, p\u00e5skeaften. Den er s\u00e5 \u00abuhellig\u00bb at til og med Vinmonopolet holder \u00e5pent. Da m\u00e5 det v\u00e6re tillatt \u00e5 sp\u00f8ke litt med det hellige:<\/p>\n\n\n\n<figure class=\"wp-block-image size-full is-resized is-style-twentytwentyone-border\"><img loading=\"lazy\" decoding=\"async\" width=\"586\" height=\"666\" src=\"https:\/\/oma.skoletjenesten.no\/wp-content\/uploads\/2026\/04\/Paaskepop_Opera-Bilde_2026-03-31_123517_e-avis.aftenposten.no_.png\" alt=\"\" class=\"wp-image-4576\" style=\"width:300px\" srcset=\"https:\/\/oma.skoletjenesten.no\/wp-content\/uploads\/2026\/04\/Paaskepop_Opera-Bilde_2026-03-31_123517_e-avis.aftenposten.no_.png 586w, https:\/\/oma.skoletjenesten.no\/wp-content\/uploads\/2026\/04\/Paaskepop_Opera-Bilde_2026-03-31_123517_e-avis.aftenposten.no_-264x300.png 264w\" sizes=\"auto, (max-width: 586px) 100vw, 586px\" \/><\/figure>\n\n\n\n<p><em><a href=\"mailto:ttt@skoletjenesten.no?cc=&amp;bcc=&amp;subject=Vv%20260404-1&amp;amptarget=\" data-type=\"mailto\" data-id=\"mailto:ttt@skoletjenesten.no?cc=&amp;bcc=&amp;subject=Vv%20260329&amp;amptarget=\" target=\"_blank\" rel=\"noreferrer noopener\">Kommenter <em>denne notisen<\/em><\/a><\/em><\/p>\n\n\n\n<p class=\"has-text-align-center\">\u058e\u058e\u058e<\/p>\n\n\n\n<p id=\"260404-1\"><strong><em>260404-1: <\/em><\/strong><em><strong>Byttedeler.<\/strong><\/em>&nbsp;Etter to vellykkede gr\u00e5 st\u00e6r-operasjoner er bloggeren n\u00e5 et ekte reservedelsmenneske. Det var ogs\u00e5 hans mor, som gjennom \u00e5rene fikk innsatt tre(!) kunstige hofteledd.<\/p>\n\n\n\n<p><em><a href=\"mailto:ttt@skoletjenesten.no?cc=&amp;bcc=&amp;subject=Vv%20260404-1&amp;amptarget=\" data-type=\"mailto\" data-id=\"mailto:ttt@skoletjenesten.no?cc=&amp;bcc=&amp;subject=Vv%20260329&amp;amptarget=\" target=\"_blank\" rel=\"noreferrer noopener\">Kommenter <em>denne notisen<\/em><\/a><\/em><\/p>\n","protected":false},"excerpt":{"rendered":"<p>260404-1: Byttedeler260404-2: \u00abVanlig\u00bb dag260405..: Flaggtr\u00f8bbel260406-1: \u00c5 eldes260406-2: Novelle om f.eks. alderdom260407..: Stred(e)260408..: R\u00f8dt-politikere som Trump260409..: Skjebnedato260410-1: Ishockey!260410-2: TV-filter 260410-2: TV-filter. Bloggeren har ikke v\u00e6rt modell for tegneserien nedenfor, og har heller ikke kommet med innspill til innholdet. Kommenter denne notisen \u058e\u058e\u058e 260410-1: Ishockey! Sportsreportasjer i fjernsynet er ikke hva de en gang var. . .&hellip; <a class=\"more-link\" href=\"https:\/\/oma.skoletjenesten.no\/?p=4566\">Fortsett \u00e5 lese <span class=\"screen-reader-text\">\u058e\u058e Virtuell virkelighet \u058e\u058e uke 15\/26<\/span><\/a><\/p>\n","protected":false},"author":1,"featured_media":0,"comment_status":"open","ping_status":"open","sticky":false,"template":"","format":"standard","meta":{"footnotes":""},"categories":[11],"tags":[],"class_list":["post-4566","post","type-post","status-publish","format-standard","hentry","category-alternative-fakta","entry"],"_links":{"self":[{"href":"https:\/\/oma.skoletjenesten.no\/index.php?rest_route=\/wp\/v2\/posts\/4566","targetHints":{"allow":["GET"]}}],"collection":[{"href":"https:\/\/oma.skoletjenesten.no\/index.php?rest_route=\/wp\/v2\/posts"}],"about":[{"href":"https:\/\/oma.skoletjenesten.no\/index.php?rest_route=\/wp\/v2\/types\/post"}],"author":[{"embeddable":true,"href":"https:\/\/oma.skoletjenesten.no\/index.php?rest_route=\/wp\/v2\/users\/1"}],"replies":[{"embeddable":true,"href":"https:\/\/oma.skoletjenesten.no\/index.php?rest_route=%2Fwp%2Fv2%2Fcomments&post=4566"}],"version-history":[{"count":25,"href":"https:\/\/oma.skoletjenesten.no\/index.php?rest_route=\/wp\/v2\/posts\/4566\/revisions"}],"predecessor-version":[{"id":4629,"href":"https:\/\/oma.skoletjenesten.no\/index.php?rest_route=\/wp\/v2\/posts\/4566\/revisions\/4629"}],"wp:attachment":[{"href":"https:\/\/oma.skoletjenesten.no\/index.php?rest_route=%2Fwp%2Fv2%2Fmedia&parent=4566"}],"wp:term":[{"taxonomy":"category","embeddable":true,"href":"https:\/\/oma.skoletjenesten.no\/index.php?rest_route=%2Fwp%2Fv2%2Fcategories&post=4566"},{"taxonomy":"post_tag","embeddable":true,"href":"https:\/\/oma.skoletjenesten.no\/index.php?rest_route=%2Fwp%2Fv2%2Ftags&post=4566"}],"curies":[{"name":"wp","href":"https:\/\/api.w.org\/{rel}","templated":true}]}}