{"id":4516,"date":"2026-04-03T10:00:09","date_gmt":"2026-04-03T10:00:09","guid":{"rendered":"https:\/\/oma.skoletjenesten.no\/?p=4516"},"modified":"2026-04-04T09:29:11","modified_gmt":"2026-04-04T09:29:11","slug":"%d6%8e%d6%8e-virtuell-virkelighet-%d6%8e%d6%8e-28-mars-2026","status":"publish","type":"post","link":"https:\/\/oma.skoletjenesten.no\/?p=4516","title":{"rendered":"\u058e\u058e Virtuell virkelighet \u058e\u058e uke 14\/26"},"content":{"rendered":"\n<figure class=\"wp-block-image size-full\"><a href=\"https:\/\/oma.skoletjenesten.no\/?p=4566\" target=\"_blank\" rel=\" noreferrer noopener\"><img loading=\"lazy\" decoding=\"async\" width=\"438\" height=\"122\" src=\"https:\/\/oma.skoletjenesten.no\/wp-content\/uploads\/2026\/03\/image.png\" alt=\"\" class=\"wp-image-4410\" srcset=\"https:\/\/oma.skoletjenesten.no\/wp-content\/uploads\/2026\/03\/image.png 438w, https:\/\/oma.skoletjenesten.no\/wp-content\/uploads\/2026\/03\/image-300x84.png 300w\" sizes=\"auto, (max-width: 438px) 100vw, 438px\" \/><\/a><\/figure>\n\n\n\n<p class=\"has-small-font-size\"><a href=\"#260328\" data-type=\"internal\" data-id=\"#260328\">260328: Tidsm\u00e5ling<\/a><br><a href=\"#260329\" data-type=\"internal\" data-id=\"#260329\">260329: Sandvika-restaurant<\/a><br><a href=\"#260330\" data-type=\"internal\" data-id=\"#260330\">260330: Hormuz-stenging<\/a><br><a href=\"#260331\" data-type=\"internal\" data-id=\"#260331\">260331: Prisniv\u00e5<\/a><br><a href=\"#260401\" data-type=\"internal\" data-id=\"#260401\">260401: Putin+Trump=sant<\/a><br><a href=\"#260402\" data-type=\"internal\" data-id=\"#260402\">260402: KI-trussel<\/a><br><a href=\"#260403\" data-type=\"internal\" data-id=\"#260403\">260403: Forsvarsadvokat!<\/a><\/p>\n\n\n\n<hr class=\"wp-block-separator has-alpha-channel-opacity\"\/>\n\n\n\n<p><strong><em>260403: <\/em><\/strong><em><strong>Forsvarsadvokat!<\/strong><\/em>&nbsp;Rettsforhandlingene i saken (sakene?) mot Marius Borg H\u00f8iby ble avsluttet for et par uker siden. Forsvarere for H\u00f8iby var Ellen Holager Anden\u00e6s og Petar Seculic.<\/p>\n\n\n\n<p>Bloggeren h\u00f8rte innledningsforedraget som Holager Anden\u00e6s holdt f\u00f8rste dag i retten. Han har videre registrert at hun har holdt seg i bakgrunnen i TV-intervjuer, og at Seculic stort sett har svart p\u00e5 sp\u00f8rsm\u00e5l. I et stort intervju i Aftenposten er Holager Anden\u00e6s kritisk til mediedekningen av rettssaken, og forteller ellers litt om seg selv.<\/p>\n\n\n\n<p>Hvis bloggeren noen gang skulle f\u00e5 bruk for en forsvarer, vil han gjerne ha en av samme type som Ellen Holager Anden\u00e6s.<\/p>\n\n\n\n<div class=\"wp-block-columns is-layout-flex wp-container-core-columns-is-layout-9d6595d7 wp-block-columns-is-layout-flex\">\n<div class=\"wp-block-column is-layout-flow wp-block-column-is-layout-flow\">\n<figure class=\"wp-block-image size-large is-style-twentytwentyone-border\"><a href=\"http:\/\/ttt.skoletjenesten.no\/wp-content\/uploads\/2026\/03\/Holager1_Aftenposten%201.%20april%202026.pdf\" target=\"_blank\" rel=\" noreferrer noopener\"><img loading=\"lazy\" decoding=\"async\" width=\"1024\" height=\"726\" src=\"https:\/\/oma.skoletjenesten.no\/wp-content\/uploads\/2026\/03\/Holager1_Opera-Bilde_2026-04-03_111328_e-avis.aftenposten.no_-1024x726.png\" alt=\"\" class=\"wp-image-4562\" srcset=\"https:\/\/oma.skoletjenesten.no\/wp-content\/uploads\/2026\/03\/Holager1_Opera-Bilde_2026-04-03_111328_e-avis.aftenposten.no_-1024x726.png 1024w, https:\/\/oma.skoletjenesten.no\/wp-content\/uploads\/2026\/03\/Holager1_Opera-Bilde_2026-04-03_111328_e-avis.aftenposten.no_-300x213.png 300w, https:\/\/oma.skoletjenesten.no\/wp-content\/uploads\/2026\/03\/Holager1_Opera-Bilde_2026-04-03_111328_e-avis.aftenposten.no_-768x544.png 768w, https:\/\/oma.skoletjenesten.no\/wp-content\/uploads\/2026\/03\/Holager1_Opera-Bilde_2026-04-03_111328_e-avis.aftenposten.no_.png 1061w\" sizes=\"auto, (max-width: 1024px) 100vw, 1024px\" \/><\/a><figcaption class=\"wp-element-caption\">Aftenposten 1. april 2026. Klikk for \u00e5 lese.<\/figcaption><\/figure>\n<\/div>\n\n\n\n<div class=\"wp-block-column is-layout-flow wp-block-column-is-layout-flow\">\n<figure class=\"wp-block-image size-large is-style-twentytwentyone-border\"><a href=\"http:\/\/ttt.skoletjenesten.no\/wp-content\/uploads\/2026\/03\/Holager2_Aftenposten%201.%20april%202026.pdf\" target=\"_blank\" rel=\" noreferrer noopener\"><img loading=\"lazy\" decoding=\"async\" width=\"1024\" height=\"737\" src=\"https:\/\/oma.skoletjenesten.no\/wp-content\/uploads\/2026\/03\/Holager2_Opera-Bilde_2026-04-03_111513_e-avis.aftenposten.no_-1024x737.png\" alt=\"\" class=\"wp-image-4563\" srcset=\"https:\/\/oma.skoletjenesten.no\/wp-content\/uploads\/2026\/03\/Holager2_Opera-Bilde_2026-04-03_111513_e-avis.aftenposten.no_-1024x737.png 1024w, https:\/\/oma.skoletjenesten.no\/wp-content\/uploads\/2026\/03\/Holager2_Opera-Bilde_2026-04-03_111513_e-avis.aftenposten.no_-300x216.png 300w, https:\/\/oma.skoletjenesten.no\/wp-content\/uploads\/2026\/03\/Holager2_Opera-Bilde_2026-04-03_111513_e-avis.aftenposten.no_-768x552.png 768w, https:\/\/oma.skoletjenesten.no\/wp-content\/uploads\/2026\/03\/Holager2_Opera-Bilde_2026-04-03_111513_e-avis.aftenposten.no_.png 1051w\" sizes=\"auto, (max-width: 1024px) 100vw, 1024px\" \/><\/a><figcaption class=\"wp-element-caption\">Klikk for \u00e5 lese resten.<\/figcaption><\/figure>\n<\/div>\n<\/div>\n\n\n\n<p><em><a href=\"mailto:ttt@skoletjenesten.no?cc=&amp;bcc=&amp;subject=Vv%20260403&amp;amptarget=\" data-type=\"mailto\" data-id=\"mailto:ttt@skoletjenesten.no?cc=&amp;bcc=&amp;subject=Vv%20260329&amp;amptarget=\" target=\"_blank\" rel=\"noreferrer noopener\">Kommenter <em>denne notisen<\/em><\/a><\/em><\/p>\n\n\n\n<p class=\"has-text-align-center\">\u058e\u058e\u058e<\/p>\n\n\n<div class=\"wp-block-image is-style-twentytwentyone-border\">\n<figure class=\"alignright size-large\"><a href=\"http:\/\/ttt.skoletjenesten.no\/wp-content\/uploads\/2026\/03\/KI_Aftenposten%2022.%20desember%202025.pdf\" target=\"_blank\" rel=\" noreferrer noopener\"><img loading=\"lazy\" decoding=\"async\" width=\"1024\" height=\"724\" src=\"https:\/\/oma.skoletjenesten.no\/wp-content\/uploads\/2026\/04\/KI_Aftenposten-22.-desember-2025Opera-Bilde_2026-04-02_112425_e-avis.aftenposten.no_-1024x724.jpg\" alt=\"\" class=\"wp-image-4554\" srcset=\"https:\/\/oma.skoletjenesten.no\/wp-content\/uploads\/2026\/04\/KI_Aftenposten-22.-desember-2025Opera-Bilde_2026-04-02_112425_e-avis.aftenposten.no_-1024x724.jpg 1024w, https:\/\/oma.skoletjenesten.no\/wp-content\/uploads\/2026\/04\/KI_Aftenposten-22.-desember-2025Opera-Bilde_2026-04-02_112425_e-avis.aftenposten.no_-300x212.jpg 300w, https:\/\/oma.skoletjenesten.no\/wp-content\/uploads\/2026\/04\/KI_Aftenposten-22.-desember-2025Opera-Bilde_2026-04-02_112425_e-avis.aftenposten.no_-768x543.jpg 768w, https:\/\/oma.skoletjenesten.no\/wp-content\/uploads\/2026\/04\/KI_Aftenposten-22.-desember-2025Opera-Bilde_2026-04-02_112425_e-avis.aftenposten.no_.jpg 1050w\" sizes=\"auto, (max-width: 1024px) 100vw, 1024px\" \/><\/a><figcaption class=\"wp-element-caption\">Aftenposten 22. desember 2025. Klikk for \u00e5 lese.<\/figcaption><\/figure>\n<\/div>\n\n\n<p id=\"260402\"><strong><em>260402: <\/em><\/strong><em><strong>KI-trussel<\/strong><\/em><em><strong>.<\/strong><\/em>&nbsp;Inga Str\u00fcmke er spesialist p\u00e5 kunstig intelligens. I en mandagskommentar i Aftenposten peker hun p\u00e5 en side av KI-bruk som er noks\u00e5 \u00e5penbar, men som bloggeren ikke hadde tenkt p\u00e5.<\/p>\n\n\n\n<p>Str\u00fcmke er f\u00f8rsteamanuensis ved NTNUs <em><a href=\"https:\/\/www.ntnu.edu\/ailab\" data-type=\"link\" data-id=\"https:\/\/www.ntnu.edu\/ailab\" target=\"_blank\" rel=\"noreferrer noopener\">Norwegian Open AI Lab<\/a><\/em>.. Bloggeren synes at <em>Norges<\/em> teknisk-naturvitenskapelige universitet kunne ha valgt et norsk navn p\u00e5 KI-avdelingen sin.<\/p>\n\n\n\n<figure class=\"wp-block-image size-large is-style-twentytwentyone-border\"><img loading=\"lazy\" decoding=\"async\" width=\"1024\" height=\"327\" src=\"https:\/\/oma.skoletjenesten.no\/wp-content\/uploads\/2026\/03\/AI.KI_tegneserie_Opera-Bilde_2026-01-21_215236_e-avis.aftenposten.no_-1024x327.png\" alt=\"\" class=\"wp-image-4559\" srcset=\"https:\/\/oma.skoletjenesten.no\/wp-content\/uploads\/2026\/03\/AI.KI_tegneserie_Opera-Bilde_2026-01-21_215236_e-avis.aftenposten.no_-1024x327.png 1024w, https:\/\/oma.skoletjenesten.no\/wp-content\/uploads\/2026\/03\/AI.KI_tegneserie_Opera-Bilde_2026-01-21_215236_e-avis.aftenposten.no_-300x96.png 300w, https:\/\/oma.skoletjenesten.no\/wp-content\/uploads\/2026\/03\/AI.KI_tegneserie_Opera-Bilde_2026-01-21_215236_e-avis.aftenposten.no_-768x245.png 768w, https:\/\/oma.skoletjenesten.no\/wp-content\/uploads\/2026\/03\/AI.KI_tegneserie_Opera-Bilde_2026-01-21_215236_e-avis.aftenposten.no_.png 1113w\" sizes=\"auto, (max-width: 1024px) 100vw, 1024px\" \/><\/figure>\n\n\n\n<p><em><a href=\"mailto:ttt@skoletjenesten.no?cc=&amp;bcc=&amp;subject=Vv%20260402&amp;amptarget=\" data-type=\"mailto\" data-id=\"mailto:ttt@skoletjenesten.no?cc=&amp;bcc=&amp;subject=Vv%20260329&amp;amptarget=\" target=\"_blank\" rel=\"noreferrer noopener\">Kommenter <em>denne notisen<\/em><\/a><\/em><\/p>\n\n\n\n<p class=\"has-text-align-center\">\u058e\u058e\u058e<\/p>\n\n\n<div class=\"wp-block-image is-style-twentytwentyone-border\">\n<figure class=\"alignright size-full\"><a href=\"https:\/\/www.google.no\/maps\/search\/glorieuses\u00f8yene\/@-14.5220877,44.9335125,3245044m\/data=!3m1!1e3?entry=ttu&amp;g_ep=EgoyMDI2MDMyOS4wIKXMDSoASAFQAw%3D%3D\" target=\"_blank\" rel=\" noreferrer noopener\"><img loading=\"lazy\" decoding=\"async\" width=\"977\" height=\"655\" src=\"https:\/\/oma.skoletjenesten.no\/wp-content\/uploads\/2026\/03\/Glorieusesoyene_Opera-Bilde_2026-03-31_234808_www.google.no_.png\" alt=\"\" class=\"wp-image-4548\" srcset=\"https:\/\/oma.skoletjenesten.no\/wp-content\/uploads\/2026\/03\/Glorieusesoyene_Opera-Bilde_2026-03-31_234808_www.google.no_.png 977w, https:\/\/oma.skoletjenesten.no\/wp-content\/uploads\/2026\/03\/Glorieusesoyene_Opera-Bilde_2026-03-31_234808_www.google.no_-300x201.png 300w, https:\/\/oma.skoletjenesten.no\/wp-content\/uploads\/2026\/03\/Glorieusesoyene_Opera-Bilde_2026-03-31_234808_www.google.no_-768x515.png 768w\" sizes=\"auto, (max-width: 977px) 100vw, 977px\" \/><\/a><figcaption class=\"wp-element-caption\">Putin og Trump trekker seg som presidenter og flytter til Glorieuses, Klikk for skalerbart kart.<\/figcaption><\/figure>\n<\/div>\n\n\n<p id=\"260401\"><strong><em>260401: <\/em><\/strong><em><strong>Putin+Trump=sant.<\/strong><\/em>&nbsp;Presidentene Donald Trump og Vladimir Putin har begge bestemt seg for \u00e5 tre tilbake. De flytter til <a href=\"https:\/\/no.wikipedia.org\/wiki\/Glorieuses\u00f8yene\" data-type=\"link\" data-id=\"https:\/\/no.wikipedia.org\/wiki\/Glorieuses\u00f8yene\" target=\"_blank\" rel=\"noreferrer noopener\">Glorieuses<\/a>, et fransk territorium nord for Madagaskar. Der skal de spille golf og skrive memoarer. Det var dette de snakket om privat  under m\u00f8tet i Alaska i august i fjor (begge snakker tysk; Putin bodde fem \u00e5r i Tyskland som KGB-agent, Trumps farfar og farmor var innvandrere fra Tyskland). Begge likte navnet p\u00e5 den nye postadressen. Og det var den franske president Macrons beslutning om \u00e5 la dem f\u00e5 stedet som var \u00e5rsaken til at hans kone ga ham en \u00f8refik (som ble filmet) under et bes\u00f8k til Vietnam i mai i fjor. Bloggens lesere anbefales ellers \u00e5 ta en titt p\u00e5 datoen i dag.<\/p>\n\n\n\n<p><em><a href=\"mailto:ttt@skoletjenesten.no?cc=&amp;bcc=&amp;subject=Vv%20260401&amp;amptarget=\" data-type=\"mailto\" data-id=\"mailto:ttt@skoletjenesten.no?cc=&amp;bcc=&amp;subject=Vv%20260329&amp;amptarget=\" target=\"_blank\" rel=\"noreferrer noopener\">Kommenter <em>denne notisen<\/em><\/a><\/em><\/p>\n\n\n\n<p class=\"has-text-align-center\">\u058e\u058e\u058e<\/p>\n\n\n\n<p id=\"260331\"><strong><em>260331: <\/em><\/strong><em><strong>Prisniv\u00e5<\/strong><\/em><em><strong>.<\/strong><\/em>&nbsp;If\u00f8lge <em>norgeskart.no<\/em> er det ganske mange steder som heter R\u00e5dyrveien. Det kan ikke v\u00e6re kommunale avgifter som gj\u00f8r det r\u00e5dyrt \u00e5 bo der, for de avgiftene er felles for hele kommunen. Etter hva bloggeren kan se av <em>Google Street View<\/em> er heller ikke boligene spesielt luksuri\u00f8se i de mange R\u00e5dyrveiene. Kan navnet v\u00e6re en form for statussymbol?<\/p>\n\n\n\n<div class=\"wp-block-columns is-layout-flex wp-container-core-columns-is-layout-9d6595d7 wp-block-columns-is-layout-flex\">\n<div class=\"wp-block-column is-layout-flow wp-block-column-is-layout-flow\">\n<figure class=\"wp-block-image size-full\"><img loading=\"lazy\" decoding=\"async\" width=\"539\" height=\"677\" src=\"https:\/\/oma.skoletjenesten.no\/wp-content\/uploads\/2026\/03\/Raadyrveien_Opera-Bilde_2026-03-31_101447_www.norgeskart.no_.png\" alt=\"\" class=\"wp-image-4543\" srcset=\"https:\/\/oma.skoletjenesten.no\/wp-content\/uploads\/2026\/03\/Raadyrveien_Opera-Bilde_2026-03-31_101447_www.norgeskart.no_.png 539w, https:\/\/oma.skoletjenesten.no\/wp-content\/uploads\/2026\/03\/Raadyrveien_Opera-Bilde_2026-03-31_101447_www.norgeskart.no_-239x300.png 239w\" sizes=\"auto, (max-width: 539px) 100vw, 539px\" \/><\/figure>\n<\/div>\n\n\n\n<div class=\"wp-block-column is-layout-flow wp-block-column-is-layout-flow\">\n<figure class=\"wp-block-image size-full\"><img loading=\"lazy\" decoding=\"async\" width=\"753\" height=\"922\" src=\"https:\/\/oma.skoletjenesten.no\/wp-content\/uploads\/2026\/03\/Raadyrveien.jpg\" alt=\"\" class=\"wp-image-4544\" srcset=\"https:\/\/oma.skoletjenesten.no\/wp-content\/uploads\/2026\/03\/Raadyrveien.jpg 753w, https:\/\/oma.skoletjenesten.no\/wp-content\/uploads\/2026\/03\/Raadyrveien-245x300.jpg 245w\" sizes=\"auto, (max-width: 753px) 100vw, 753px\" \/><\/figure>\n<\/div>\n<\/div>\n\n\n\n<p><em><a href=\"mailto:ttt@skoletjenesten.no?cc=&amp;bcc=&amp;subject=Vv%20260331&amp;amptarget=\" data-type=\"mailto\" data-id=\"mailto:ttt@skoletjenesten.no?cc=&amp;bcc=&amp;subject=Vv%20260329&amp;amptarget=\" target=\"_blank\" rel=\"noreferrer noopener\">Kommenter <em>denne notisen<\/em><\/a><\/em><\/p>\n\n\n\n<p class=\"has-text-align-center\">\u058e\u058e\u058e<\/p>\n\n\n\n<figure class=\"wp-block-video alignright\"><video height=\"1050\" style=\"aspect-ratio: 1680 \/ 1050;\" width=\"1680\" controls src=\"https:\/\/oma.skoletjenesten.no\/wp-content\/uploads\/2026\/03\/Beiruteksplosjon-200804.mp4\"><\/video><figcaption class=\"wp-element-caption\">Kunstgj\u00f8dsel i virksomhet i Beirut 2020.<\/figcaption><\/figure>\n\n\n\n<p id=\"260330\"><strong><em>260330: Hormuz-stenging<\/em><\/strong><em><strong>.<\/strong><\/em>&nbsp;Alle er opptatt av at Hormuz-stredet er stengt for oljetransport. Det er imidlrtid ikke olje, men kunstgj\u00f8dsel, som er viktigst for det freds-elskende prestestyret i Iran. Ayatollah-gutta vet godt at bomben som gikk av i regjeringskvartalet i Oslo 22. juli 2011 var laget av kunstgj\u00f8dsel. Viktigere for dem var kanskje eksplosjonen i Beirut 4. August 2020, da 2750 tonn (Wikipedia) uforsvarlig lagret kunstgj\u00f8dsel gikk i lufta og \u00f8dela mye av Hizbollahs iranske utstyr. Ved \u00e5 sperre Hormuz-stredet for transport av kunstgj\u00f8dsel, vil prestestyret hindre slik uautorisert bruk av landbruksproduktet, og samtidig markere seg \u2013 parallelt med president Donald \u2013 som kandidat til Nobels fredspris.<\/p>\n\n\n\n<p><em><a href=\"mailto:ttt@skoletjenesten.no?cc=&amp;bcc=&amp;subject=Vv%20260330&amp;amptarget=\" data-type=\"mailto\" data-id=\"mailto:ttt@skoletjenesten.no?cc=&amp;bcc=&amp;subject=Vv%20260329&amp;amptarget=\" target=\"_blank\" rel=\"noreferrer noopener\">Kommenter <em>denne notisen<\/em><\/a><\/em><\/p>\n\n\n\n<p class=\"has-text-align-center\">\u058e\u058e\u058e<\/p>\n\n\n\n<p id=\"260329\"><strong>26032<\/strong><em><strong>9<\/strong><\/em><em><strong>: Sandvika-restaurant.<\/strong><\/em>&nbsp;Da bloggeren vokste opp, var det to \u00abfine\u00bb spisesteder i Sandvika: L\u00f8kke restaurant og Sandvika gjestgiveri. N\u00e5 har R\u00f8de Kors overtatt L\u00f8kke, mens Gjestgiveriets lokaler er inntatt av en damefris\u00f8r. Til gjengjeld er det kanskje et tosifret antall spisesteder ellers i Sandvika \u2013 finere og mindre fine. Ett av dem, restaurant Caspar, har etablert seg p\u00e5 to steder. Forrige l\u00f8rdag var bloggeren og fire andre gjester p\u00e5 <em><a href=\"https:\/\/restaurantcaspar.no\/caspers-smorrebrod\/\" data-type=\"link\" data-id=\"https:\/\/restaurantcaspar.no\/caspers-smorrebrod\/\" target=\"_blank\" rel=\"noreferrer noopener\">Caspar Sm\u00f8rrebr\u00f8d<\/a><\/em>, avdelingen p\u00e5 L\u00f8kketangen. Der serveres danske sm\u00f8rrebr\u00f8d og norsk tradisjonsmat. Lydniv\u00e5et var litt h\u00f8yt til \u00e5 begynne med, men ble helt akseptabelt da et st\u00f8yende dameselskap(?) forlot lokalet. Maten var god og porsjonene rause. Vi hadde studert menyen p\u00e5 nettet p\u00e5 forh\u00e5nd, og var kjent med prisniv\u00e5et. Derfor tok vi desserten hjemme hos bloggeren, siden \u00e9n i selskapet kj\u00f8rte oss til og fra.<\/p>\n\n\n\n<p><em><a href=\"mailto:ttt@skoletjenesten.no?cc=&amp;bcc=&amp;subject=Vv%20260329&amp;amptarget=\" data-type=\"mailto\" data-id=\"mailto:ttt@skoletjenesten.no?cc=&amp;bcc=&amp;subject=Vv%20260329&amp;amptarget=\" target=\"_blank\" rel=\"noreferrer noopener\">Kommenter <em>denne notisen<\/em><\/a><\/em><\/p>\n\n\n\n<p class=\"has-text-align-center\">\u058e\u058e\u058e<\/p>\n\n\n<div class=\"wp-block-image is-style-twentytwentyone-border\">\n<figure class=\"alignright size-large\"><img decoding=\"async\" src=\"http:\/\/ttt.skoletjenesten.no\/wp-content\/uploads\/2021\/03\/Sommmertid_10052031-300x169.jpg\" alt=\"\"\/><figcaption class=\"wp-element-caption\">Frem om v\u00e5ren, tilbake om h\u00f8sten (\u00abmot sommeren\u00bb).<\/figcaption><\/figure>\n<\/div>\n\n\n<p id=\"260328\"><strong>26032<\/strong><em><strong>8<\/strong><\/em><em><strong>: Tidsm\u00e5ling.<\/strong><\/em>&nbsp;S\u00e5 er det sommertid igjen. Fenomenet ble forholdsvis grundig behandlet her i bloggen <a href=\"https:\/\/ttt.skoletjenesten.no\/sommertid\/\" data-type=\"link\" data-id=\"https:\/\/ttt.skoletjenesten.no\/sommertid\/\" target=\"_blank\" rel=\"noreferrer noopener\">for fem \u00e5r siden<\/a>. Sommertid gjelder bare det offisielle klokkeslettet, men vi m\u00e5 vel tro at vinteren er over n\u00e5. Det er den f\u00f8rste vinteren uten bruk av sn\u00f8freser siden vi drev med h\u00e5ndm\u00e5king her p\u00e5 bruket. Overgangen til sommertid krever heller ikke s\u00e6rlig innsats lenger. De fleste klokkene hos bloggeren stiller seg selv automatisk, og det er ikke n\u00f8dvendig \u00e5 st\u00e5 opp kl. 02:00 for \u00e5 gj\u00f8re det selv.<\/p>\n\n\n\n<p id=\"260320\"><em><a href=\"mailto:ttt@skoletjenesten.no?cc=&amp;bcc=&amp;subject=Vv%20260328&amp;amptarget=\" target=\"_blank\" rel=\"noreferrer noopener\">Kommenter denne notisen<\/a><\/em><\/p>\n","protected":false},"excerpt":{"rendered":"<p>260328: Tidsm\u00e5ling260329: Sandvika-restaurant260330: Hormuz-stenging260331: Prisniv\u00e5260401: Putin+Trump=sant260402: KI-trussel260403: Forsvarsadvokat! 260403: Forsvarsadvokat!&nbsp;Rettsforhandlingene i saken (sakene?) mot Marius Borg H\u00f8iby ble avsluttet for et par uker siden. Forsvarere for H\u00f8iby var Ellen Holager Anden\u00e6s og Petar Seculic. Bloggeren h\u00f8rte innledningsforedraget som Holager Anden\u00e6s holdt f\u00f8rste dag i retten. Han har videre registrert at hun har holdt seg i&hellip; <a class=\"more-link\" href=\"https:\/\/oma.skoletjenesten.no\/?p=4516\">Fortsett \u00e5 lese <span class=\"screen-reader-text\">\u058e\u058e Virtuell virkelighet \u058e\u058e uke 14\/26<\/span><\/a><\/p>\n","protected":false},"author":1,"featured_media":0,"comment_status":"open","ping_status":"open","sticky":false,"template":"","format":"standard","meta":{"footnotes":""},"categories":[11],"tags":[],"class_list":["post-4516","post","type-post","status-publish","format-standard","hentry","category-alternative-fakta","entry"],"_links":{"self":[{"href":"https:\/\/oma.skoletjenesten.no\/index.php?rest_route=\/wp\/v2\/posts\/4516","targetHints":{"allow":["GET"]}}],"collection":[{"href":"https:\/\/oma.skoletjenesten.no\/index.php?rest_route=\/wp\/v2\/posts"}],"about":[{"href":"https:\/\/oma.skoletjenesten.no\/index.php?rest_route=\/wp\/v2\/types\/post"}],"author":[{"embeddable":true,"href":"https:\/\/oma.skoletjenesten.no\/index.php?rest_route=\/wp\/v2\/users\/1"}],"replies":[{"embeddable":true,"href":"https:\/\/oma.skoletjenesten.no\/index.php?rest_route=%2Fwp%2Fv2%2Fcomments&post=4516"}],"version-history":[{"count":20,"href":"https:\/\/oma.skoletjenesten.no\/index.php?rest_route=\/wp\/v2\/posts\/4516\/revisions"}],"predecessor-version":[{"id":4568,"href":"https:\/\/oma.skoletjenesten.no\/index.php?rest_route=\/wp\/v2\/posts\/4516\/revisions\/4568"}],"wp:attachment":[{"href":"https:\/\/oma.skoletjenesten.no\/index.php?rest_route=%2Fwp%2Fv2%2Fmedia&parent=4516"}],"wp:term":[{"taxonomy":"category","embeddable":true,"href":"https:\/\/oma.skoletjenesten.no\/index.php?rest_route=%2Fwp%2Fv2%2Fcategories&post=4516"},{"taxonomy":"post_tag","embeddable":true,"href":"https:\/\/oma.skoletjenesten.no\/index.php?rest_route=%2Fwp%2Fv2%2Ftags&post=4516"}],"curies":[{"name":"wp","href":"https:\/\/api.w.org\/{rel}","templated":true}]}}