{"id":4461,"date":"2026-03-20T10:02:06","date_gmt":"2026-03-20T10:02:06","guid":{"rendered":"https:\/\/oma.skoletjenesten.no\/?p=4461"},"modified":"2026-03-29T12:53:29","modified_gmt":"2026-03-29T12:53:29","slug":"%d6%8e%d6%8e-virtuell-virkelighet-%d6%8e%d6%8e-2","status":"publish","type":"post","link":"https:\/\/oma.skoletjenesten.no\/?p=4461","title":{"rendered":"\u058e\u058e Virtuell virkelighet \u058e\u058e uke 13\/26"},"content":{"rendered":"\n<figure class=\"wp-block-image size-full\"><a href=\"https:\/\/oma.skoletjenesten.no\/?p=4516\" target=\"_blank\" rel=\" noreferrer noopener\"><img loading=\"lazy\" decoding=\"async\" width=\"438\" height=\"122\" src=\"https:\/\/oma.skoletjenesten.no\/wp-content\/uploads\/2026\/03\/image.png\" alt=\"\" class=\"wp-image-4410\" srcset=\"https:\/\/oma.skoletjenesten.no\/wp-content\/uploads\/2026\/03\/image.png 438w, https:\/\/oma.skoletjenesten.no\/wp-content\/uploads\/2026\/03\/image-300x84.png 300w\" sizes=\"auto, (max-width: 438px) 100vw, 438px\" \/><\/a><\/figure>\n\n\n\n<p><a href=\"#260321\" data-type=\"internal\" data-id=\"#260321\">260321: Nu lysner det, br\u00f8dre!<\/a><br><a href=\"#260322\" data-type=\"internal\" data-id=\"#260322\">260322: Vestre<\/a><br><a href=\"#260323\" data-type=\"internal\" data-id=\"#260323\">260323: Det er nok, n\u00e5 (x)<\/a><br><a href=\"#260324\" data-type=\"internal\" data-id=\"#260324\">260324: Trafikksyn<\/a><br><a href=\"#260325\" data-type=\"internal\" data-id=\"#260325\">260325: Flaggbevegelse<\/a><br><a href=\"#260326\" data-type=\"internal\" data-id=\"#260326\">260326: Helsevesen<\/a><br><a href=\"#260327\" data-type=\"internal\" data-id=\"#260327\">260327: Navn<\/a><\/p>\n\n\n\n<p id=\"260327\"><strong style=\"font-style: italic;\">260327<\/strong><em><strong>: Navn.<\/strong><\/em> Bloggeren behersker ikke ungarsk, men han er noks\u00e5 sikker p\u00e5 at landets statsminister, Viktor Orb\u00e1n, uttaler f\u00f8rste bokstav i navnet sitt med \u00e5-lyd, som i <em>ofte<\/em>. <em>Ungarn<\/em> blir p\u00e5 norsk uttalt etter m\u00f8nster av adjektivet <em>ung<\/em>. Etter den uttalen som ofte h\u00f8res i den skattefinansierte radiokanalen NRK, skulle man tro at statsministeren i Ungarn heter Urban. Men s\u00e5 kan det jo hende at han f\u00e5r avl\u00f8sning ved parlamentsvalget i april.<\/p>\n\n\n\n<figure class=\"wp-block-audio\"><audio controls src=\"https:\/\/oma.skoletjenesten.no\/wp-content\/uploads\/2026\/03\/Orban-Ungarn-Uttale_260319_NRK-AlltidNyheter_AndersBoerringbo_.mp3\"><\/audio><figcaption class=\"wp-element-caption\">Anders\u00a0<em>B\u00f8rringbo<\/em> er europakorrespondent, men har en ikke-europeisk uttale av <em>Ungarn<\/em>.<\/figcaption><\/figure>\n\n\n\n<p>Forresten: N\u00e5r vi kaller landet <em>Ungarn<\/em> \u2013 hvorfor kaller vi ikke nesten-nabolandet i s\u00f8r <em>Bulgarn<\/em>?<\/p>\n\n\n\n<p id=\"260320\"><em><a href=\"mailto:ttt@skoletjenesten.no?cc=&amp;bcc=&amp;subject=Vv%20260327&amp;amptarget=\" target=\"_blank\" rel=\"noreferrer noopener\">Kommenter denne notisen<\/a><\/em><\/p>\n\n\n\n<p class=\"has-text-align-center\">\u058e\u058e\u058e<\/p>\n\n\n\n<p id=\"260326\"><strong style=\"font-style: italic;\">260326<\/strong><em><strong>: Helsevesen.<\/strong><\/em> Dagens oppdatering kommer senere enn vanlig fordi bloggeren ble operert for gr\u00e5 st\u00e6r  (\u00f8ye nr. 2 av 2) i formiddag. Operasjonen taler til fordel for den private delen av helsevesenet, mens Pasientreiser \u00e5penbart er sv\u00e6rt personavhengig.<\/p>\n\n\n\n<p id=\"260320\"><em><a href=\"mailto:ttt@skoletjenesten.no?cc=&amp;bcc=&amp;subject=Vv%20260326&amp;amptarget=\" target=\"_blank\" rel=\"noreferrer noopener\">Kommenter denne notisen<\/a><\/em><\/p>\n\n\n\n<p class=\"has-text-align-center\">\u058e\u058e\u058e<\/p>\n\n\n\n<figure class=\"wp-block-video alignright\"><video height=\"1050\" style=\"aspect-ratio: 1680 \/ 1050;\" width=\"1680\" controls src=\"https:\/\/oma.skoletjenesten.no\/wp-content\/uploads\/2026\/03\/Flaggene-VEIVER.mp4\"><\/video><figcaption class=\"wp-element-caption\">Pernille Bolander lar flaggene <em>veive<\/em>.<\/figcaption><\/figure>\n\n\n\n<p id=\"260325\"><strong style=\"font-style: italic;\">260325<\/strong><em><strong>: Flaggbevegelse.<\/strong><\/em> Tidligere var det utenrikskorrespondenter i den skattefinansierte mediekanalen NRK \u2013 folk med fjern tilknytning til norsk tale og trolig mye bruk av engelsk til daglig \u2013 som snakket om \u00e5 <em>veive<\/em> (wave) med flagget. Meteorolog Pernille Bolander tar uttrykket et hakk videre, og lar <em>flaggene<\/em> veive. I den f\u00f8rste <a href=\"http:\/\/ttt.skoletjenesten.no\/wp-content\/uploads\/2026\/03\/Flaggsang.mp4\" target=\"_blank\" rel=\"noreferrer noopener\">flaggsangen<\/a> bloggeren l\u00e6rte, <em>vaiet<\/em> flagget.<\/p>\n\n\n\n<p id=\"260320\"><em><a href=\"mailto:ttt@skoletjenesten.no?cc=&amp;bcc=&amp;subject=Vv%20260325&amp;amptarget=\" target=\"_blank\" rel=\"noreferrer noopener\">Kommenter denne notisen<\/a><\/em><\/p>\n\n\n\n<p class=\"has-text-align-center\">\u058e\u058e\u058e<\/p>\n\n\n\n<p id=\"260324\"><strong style=\"font-style: italic;\">260324<\/strong><em><strong>: Trafikksyn.<\/strong><\/em> Tegneserien nedenfor dukket opp mens bloggeren planla sin transport til \u00f8yelegen, der han skal opereres for gr\u00e5 st\u00e6r i \u00f8ye nr. 2 (av 2). Operasjonen tar 15-20 minutter og er mindre plagsom enn \u00e5 fjerne tannsten. Bloggerens transport blir med Pasientreiser, ikke med egen bil.<\/p>\n\n\n\n<figure class=\"wp-block-image size-large is-style-twentytwentyone-border\"><a href=\"https:\/\/oma.skoletjenesten.no\/wp-content\/uploads\/2026\/03\/Foererhund_Opera-Bilde_2026-02-02_205101_e-avis.aftenposten.no_.png\" target=\"_blank\" rel=\" noreferrer noopener\"><img loading=\"lazy\" decoding=\"async\" width=\"1024\" height=\"345\" src=\"https:\/\/oma.skoletjenesten.no\/wp-content\/uploads\/2026\/03\/Foererhund_Opera-Bilde_2026-02-02_205101_e-avis.aftenposten.no_-1024x345.png\" alt=\"\" class=\"wp-image-4494\" srcset=\"https:\/\/oma.skoletjenesten.no\/wp-content\/uploads\/2026\/03\/Foererhund_Opera-Bilde_2026-02-02_205101_e-avis.aftenposten.no_-1024x345.png 1024w, https:\/\/oma.skoletjenesten.no\/wp-content\/uploads\/2026\/03\/Foererhund_Opera-Bilde_2026-02-02_205101_e-avis.aftenposten.no_-300x101.png 300w, https:\/\/oma.skoletjenesten.no\/wp-content\/uploads\/2026\/03\/Foererhund_Opera-Bilde_2026-02-02_205101_e-avis.aftenposten.no_-768x259.png 768w, https:\/\/oma.skoletjenesten.no\/wp-content\/uploads\/2026\/03\/Foererhund_Opera-Bilde_2026-02-02_205101_e-avis.aftenposten.no_.png 1069w\" sizes=\"auto, (max-width: 1024px) 100vw, 1024px\" \/><\/a><\/figure>\n\n\n\n<p id=\"260320\"><em><a href=\"mailto:ttt@skoletjenesten.no?cc=&amp;bcc=&amp;subject=Vv%20260324&amp;amptarget=\" target=\"_blank\" rel=\"noreferrer noopener\">Kommenter denne notisen<\/a><\/em><\/p>\n\n\n\n<p class=\"has-text-align-center\">\u058e\u058e\u058e<\/p>\n\n\n\n<p class=\"260323\"><strong style=\"font-style: italic;\">260323<\/strong><em><strong>:   Det er nok, n\u00e5.<\/strong><\/em> Bloggeren skrev om kronprinsesse Mette Marit og Epstein i en <a href=\"https:\/\/oma.skoletjenesten.no\/?p=4074\/#260208\" data-type=\"link\" data-id=\"https:\/\/oma.skoletjenesten.no\/?p=4074\/#260208\" target=\"_blank\" rel=\"noreferrer noopener\">notis 8. februar<\/a>. Aftenpostens politiske redakt\u00f8r Kjetil B. Alstadheim skrev om det samme etter at hun ble intervjuet av NRK sist fredag, og for \u00e9n gangs skyld er bloggeren uenig med Alstadheim. Han skriver bl. a.: \u00abIntervjuet var et n\u00f8dvendig f\u00f8rste skritt for at kronprinsessen kan legge Epstein-historien bak seg.\u00bb Hun la den bak seg i 2012, da hun br\u00f8t forbindelsen med Epstein \u2013 syv \u00e5r f\u00f8r noen av de andre vi vet om. <em><a href=\"https:\/\/oma.skoletjenesten.no\/?page_id=4482\" data-type=\"link\" data-id=\"https:\/\/oma.skoletjenesten.no\/?page_id=4482\" target=\"_blank\" rel=\"noreferrer noopener\">Les mer &#8230;<\/a><\/em><\/p>\n\n\n\n<p id=\"260320\"><em><a href=\"mailto:ttt@skoletjenesten.no?cc=&amp;bcc=&amp;subject=Vv%20260323&amp;amptarget=\" target=\"_blank\" rel=\"noreferrer noopener\">Kommenter denne notisen<\/a><\/em><\/p>\n\n\n\n<p class=\"has-text-align-center\">\u058e\u058e\u058e<\/p>\n\n\n<div class=\"wp-block-image is-style-twentytwentyone-border\">\n<figure class=\"alignright size-full\"><a href=\"http:\/\/ttt.skoletjenesten.no\/wp-content\/uploads\/2026\/03\/Vestre---Privat-helse_Aftenposten%20Aften%2023.%20april%202024.pdf\" target=\"_blank\" rel=\" noreferrer noopener\"><img loading=\"lazy\" decoding=\"async\" width=\"514\" height=\"722\" src=\"https:\/\/oma.skoletjenesten.no\/wp-content\/uploads\/2026\/03\/Vestre-Privat-helse_Opera-Bilde_2026-03-22_132101_Vestre-Privat-helse_ftenposten2023.202024.pdf.png\" alt=\"\" class=\"wp-image-4478\" srcset=\"https:\/\/oma.skoletjenesten.no\/wp-content\/uploads\/2026\/03\/Vestre-Privat-helse_Opera-Bilde_2026-03-22_132101_Vestre-Privat-helse_ftenposten2023.202024.pdf.png 514w, https:\/\/oma.skoletjenesten.no\/wp-content\/uploads\/2026\/03\/Vestre-Privat-helse_Opera-Bilde_2026-03-22_132101_Vestre-Privat-helse_ftenposten2023.202024.pdf-214x300.png 214w\" sizes=\"auto, (max-width: 514px) 100vw, 514px\" \/><\/a><figcaption class=\"wp-element-caption\">Aftenposten Aften 23. april 2024. Klikk for \u00e5 lese.<\/figcaption><\/figure>\n<\/div>\n\n\n<p id=\"260322\"><strong style=\"font-style: italic;\">26032<\/strong><em><strong>2: Vestre.<\/strong><\/em> Jan Christian Vestre er sta(t)sr\u00e5d for helse og omsorg. F\u00f8r han ble politiker, var han daglig leder for familiefirmaet Vestre AS. Da hadde han privat helseforsikring, noe Aftenposten skrev om:<br>\u00abAftenposten har stilt sp\u00f8rsm\u00e5l om han ser problemer ved \u00e5 ha gitt sine ansatte privat helseforsikring n\u00e5r Arbeiderpartiet \u00f8nsker \u00e5 stramme inn bruken av private helsetjenester. Vestre svarer ikke direkte.\u00bb (Les <a href=\"http:\/\/ttt.skoletjenesten.no\/wp-content\/uploads\/2026\/03\/Vestre---Privat-helse_Aftenposten%20Aften%2023.%20april%202024.pdf\" data-type=\"link\" data-id=\"http:\/\/ttt.skoletjenesten.no\/wp-content\/uploads\/2026\/03\/Vestre---Privat-helse_Aftenposten%20Aften%2023.%20april%202024.pdf\" target=\"_blank\" rel=\"noreferrer noopener\">hele artikkelen<\/a>)<\/p>\n\n\n\n<p>Som helseta(t)sr\u00e5d ser det ut som Vestre har gitt seg inn p\u00e5 det private igjen. I hvert fall er er det noe som heter Vestre Viken helseforetak.<\/p>\n\n\n\n<p id=\"260320\"><em><a href=\"mailto:ttt@skoletjenesten.no?cc=&amp;bcc=&amp;subject=Vv%20260322&amp;amptarget=\" target=\"_blank\" rel=\"noreferrer noopener\">Kommenter denne notisen<\/a><\/em><\/p>\n\n\n\n<p class=\"has-text-align-center\">\u058e\u058e\u058e<\/p>\n\n\n\n<p class=\"has-text-align-left\" id=\"260321\"><strong style=\"font-style: italic;\">26032<\/strong><em><strong>1: Nu lysner det, br\u00f8dre! <\/strong><\/em> V\u00e5rjevnd\u00f8gn betyr at dag og natt er like lange, s\u00e5 fremover blir det stadig lysere. <a href=\"https:\/\/www.timeanddate.no\/astronomi\/vaarjevndogn\" data-type=\"link\" data-id=\"https:\/\/www.timeanddate.no\/astronomi\/vaarjevndogn\" target=\"_blank\" rel=\"noreferrer noopener\">Astronomisk sett<\/a> var v\u00e5rjevnd\u00f8gn i g\u00e5r kl. 15:46 (if\u00f8lge Google, som ogs\u00e5 oppgir at det var helligdag!). Ute er det noen f\u00e5 plussgrader og barmark. Dette har v\u00e6rt en akseptabel vinter, men med litt mye sn\u00f8 (10-15 cm totalt?).<\/p>\n\n\n\n<p id=\"260320\"><em><a href=\"mailto:ttt@skoletjenesten.no?cc=&amp;bcc=&amp;subject=Vv%20260321&amp;amptarget=\" target=\"_blank\" rel=\"noreferrer noopener\">Kommenter denne notisen<\/a><\/em><\/p>\n","protected":false},"excerpt":{"rendered":"<p>260321: Nu lysner det, br\u00f8dre!260322: Vestre260323: Det er nok, n\u00e5 (x)260324: Trafikksyn260325: Flaggbevegelse260326: Helsevesen260327: Navn 260327: Navn. Bloggeren behersker ikke ungarsk, men han er noks\u00e5 sikker p\u00e5 at landets statsminister, Viktor Orb\u00e1n, uttaler f\u00f8rste bokstav i navnet sitt med \u00e5-lyd, som i ofte. Ungarn blir p\u00e5 norsk uttalt etter m\u00f8nster av adjektivet ung. Etter den&hellip; <a class=\"more-link\" href=\"https:\/\/oma.skoletjenesten.no\/?p=4461\">Fortsett \u00e5 lese <span class=\"screen-reader-text\">\u058e\u058e Virtuell virkelighet \u058e\u058e uke 13\/26<\/span><\/a><\/p>\n","protected":false},"author":1,"featured_media":0,"comment_status":"open","ping_status":"open","sticky":false,"template":"","format":"standard","meta":{"footnotes":""},"categories":[11],"tags":[],"class_list":["post-4461","post","type-post","status-publish","format-standard","hentry","category-alternative-fakta","entry"],"_links":{"self":[{"href":"https:\/\/oma.skoletjenesten.no\/index.php?rest_route=\/wp\/v2\/posts\/4461","targetHints":{"allow":["GET"]}}],"collection":[{"href":"https:\/\/oma.skoletjenesten.no\/index.php?rest_route=\/wp\/v2\/posts"}],"about":[{"href":"https:\/\/oma.skoletjenesten.no\/index.php?rest_route=\/wp\/v2\/types\/post"}],"author":[{"embeddable":true,"href":"https:\/\/oma.skoletjenesten.no\/index.php?rest_route=\/wp\/v2\/users\/1"}],"replies":[{"embeddable":true,"href":"https:\/\/oma.skoletjenesten.no\/index.php?rest_route=%2Fwp%2Fv2%2Fcomments&post=4461"}],"version-history":[{"count":19,"href":"https:\/\/oma.skoletjenesten.no\/index.php?rest_route=\/wp\/v2\/posts\/4461\/revisions"}],"predecessor-version":[{"id":4525,"href":"https:\/\/oma.skoletjenesten.no\/index.php?rest_route=\/wp\/v2\/posts\/4461\/revisions\/4525"}],"wp:attachment":[{"href":"https:\/\/oma.skoletjenesten.no\/index.php?rest_route=%2Fwp%2Fv2%2Fmedia&parent=4461"}],"wp:term":[{"taxonomy":"category","embeddable":true,"href":"https:\/\/oma.skoletjenesten.no\/index.php?rest_route=%2Fwp%2Fv2%2Fcategories&post=4461"},{"taxonomy":"post_tag","embeddable":true,"href":"https:\/\/oma.skoletjenesten.no\/index.php?rest_route=%2Fwp%2Fv2%2Ftags&post=4461"}],"curies":[{"name":"wp","href":"https:\/\/api.w.org\/{rel}","templated":true}]}}