{"id":4391,"date":"2026-03-14T16:26:05","date_gmt":"2026-03-14T16:26:05","guid":{"rendered":"https:\/\/oma.skoletjenesten.no\/?p=4391"},"modified":"2026-03-29T12:52:33","modified_gmt":"2026-03-29T12:52:33","slug":"%d6%8e%d6%8e-virtuell-virkelighet-%d6%8e%d6%8e-260314","status":"publish","type":"post","link":"https:\/\/oma.skoletjenesten.no\/?p=4391","title":{"rendered":"\u058e\u058e Virtuell virkelighet \u058e\u058e Uke 12\/26"},"content":{"rendered":"\n<figure class=\"wp-block-image size-full\"><a href=\"https:\/\/oma.skoletjenesten.no\/?p=4461\" target=\"_blank\" rel=\" noreferrer noopener\"><img loading=\"lazy\" decoding=\"async\" width=\"438\" height=\"122\" src=\"https:\/\/oma.skoletjenesten.no\/wp-content\/uploads\/2026\/03\/image.png\" alt=\"\" class=\"wp-image-4410\" srcset=\"https:\/\/oma.skoletjenesten.no\/wp-content\/uploads\/2026\/03\/image.png 438w, https:\/\/oma.skoletjenesten.no\/wp-content\/uploads\/2026\/03\/image-300x84.png 300w\" sizes=\"auto, (max-width: 438px) 100vw, 438px\" \/><\/a><\/figure>\n\n\n\n<p class=\"has-small-font-size\"><a href=\"#260314\" data-type=\"internal\" data-id=\"#260314\">260314..: Plassering<\/a><br><a href=\"#260315\" data-type=\"internal\" data-id=\"#260315\">260315..: Pause<\/a><br><a href=\"#260316\" data-type=\"internal\" data-id=\"#260316\">260316..: Trekkdyr<\/a><br><a href=\"#260317-1\" data-type=\"internal\" data-id=\"#260317-1\">260317-1: Hormuz<\/a><br><a href=\"#260317-2\" data-type=\"internal\" data-id=\"#260317-2\">260317-2: Feiring<\/a><br><a href=\"#260318\" data-type=\"internal\" data-id=\"#260318\">260318..: K-kraft<\/a><br><a href=\"#260319\" data-type=\"internal\" data-id=\"#260319\">260319..: Shipping<\/a><br><a href=\"#260320\" data-type=\"internal\" data-id=\"#260320\">260320..: Ibsen-boikott?<\/a><\/p>\n\n\n<div class=\"wp-block-image is-style-twentytwentyone-border\">\n<figure class=\"alignright size-large\"><img loading=\"lazy\" decoding=\"async\" width=\"755\" height=\"1024\" src=\"https:\/\/oma.skoletjenesten.no\/wp-content\/uploads\/2026\/03\/HenrikIbsen-755x1024.jpg\" alt=\"\" class=\"wp-image-4443\" srcset=\"https:\/\/oma.skoletjenesten.no\/wp-content\/uploads\/2026\/03\/HenrikIbsen-755x1024.jpg 755w, https:\/\/oma.skoletjenesten.no\/wp-content\/uploads\/2026\/03\/HenrikIbsen-221x300.jpg 221w, https:\/\/oma.skoletjenesten.no\/wp-content\/uploads\/2026\/03\/HenrikIbsen-768x1041.jpg 768w, https:\/\/oma.skoletjenesten.no\/wp-content\/uploads\/2026\/03\/HenrikIbsen.jpg 781w\" sizes=\"auto, (max-width: 755px) 100vw, 755px\" \/><figcaption class=\"wp-element-caption\">Henfik Ibsen 81828-1906?.<\/figcaption><\/figure>\n<\/div>\n\n\n<p id=\"260320\"><strong style=\"font-style: italic;\">260320<\/strong><em><strong>: Ibsen-boikott?<\/strong><\/em> Det er 198 \u00e5r i dag siden Henrik Ibsen ble f\u00f8dt. For noe over to \u00e5r og tre m\u00e5neder siden nevnte bloggeren Ibsens f\u00f8dselsdag i et <a href=\"https:\/\/oma.skoletjenesten.no\/wp-content\/uploads\/2025\/03\/Spraaksnakk_Spm.jpg\" data-type=\"link\" data-id=\"https:\/\/oma.skoletjenesten.no\/wp-content\/uploads\/2025\/03\/Spraaksnakk_Spm.jpg\" target=\"_blank\" rel=\"noreferrer noopener\">sp\u00f8rsm\u00e5l til NRK-programmet <em>Spr\u00e5ksnakk<\/em><\/a> \u2013 og uttrykte h\u00e5p om svar f\u00f8r Ibsens f\u00f8dselsdag. Siden han ikke nevnte i hvilket \u00e5r (det sto \u00abIbsens 125-\u00e5rsdag, men da m\u00e5 jo NRK kjenne til f\u00f8dsels\u00e5ret hans), kan <em>Spr\u00e5ksnakk<\/em> fortsatt dr\u00f8ye med svaret. Men bloggeren synes det er litt rart \u00e5 h\u00f8re programleder Lydia Gieselmann be lytterne om \u00e5 sende inn sp\u00f8rsm\u00e5l n\u00e5r jeg vet at de har et par ubesvarte slike fra meg, og jeg ikke har f\u00e5tt noen melding om at mine sp\u00f8rsm\u00e5l er uinteressante for programmet.<\/p>\n\n\n\n<p id=\"260320\"><em><a href=\"mailto:ttt@skoletjenesten.no?cc=&amp;bcc=&amp;subject=Vv%20260320&amp;amptarget=\" target=\"_blank\" rel=\"noreferrer noopener\">Kommenter denne notisen<\/a><\/em><\/p>\n\n\n\n<p class=\"has-text-align-center\">\u058e\u058e\u058e<\/p>\n\n\n\n<p id=\"260319\"><strong style=\"font-style: italic;\">26031<\/strong><strong><em>9<\/em><\/strong><em><strong>: Shipping.<\/strong><\/em> Dagsrevyen \u2013 i den skattefinansierte fjernsynskanalen NRK \u2013 har sine ord i behold n\u00e5r den bruker uttrykket \u00abnorsk-tilknyttet\u00bb om de \u00abnorske\u00bb skipene som befinner seg i Persiagulfen og som ikke kan\/vil passere Hormuz-stredet. Det ene av de fem norske rederiene som var nevnt her i bloggen for en uke siden (<a href=\"https:\/\/www.frontlineplc.cy\/fleet\/\" data-type=\"link\" data-id=\"https:\/\/www.frontlineplc.cy\/fleet\/\" target=\"_blank\" rel=\"noreferrer noopener\">Frontline<\/a>, <a href=\"https:\/\/www.stolt-nielsen.com\" data-type=\"link\" data-id=\"https:\/\/www.stolt-nielsen.com\" target=\"_blank\" rel=\"noreferrer noopener\">Stolt-Nielsen<\/a>, <a href=\"https:\/\/knutsenoas.com\" data-type=\"link\" data-id=\"https:\/\/knutsenoas.com\" target=\"_blank\" rel=\"noreferrer noopener\">Knutsen O.A.S.<\/a>, <a href=\"https:\/\/www.odfjell.com\" data-type=\"link\" data-id=\"https:\/\/www.odfjell.com\" target=\"_blank\" rel=\"noreferrer noopener\">Odfjell<\/a>, <a href=\"https:\/\/solvangship.no\" data-type=\"link\" data-id=\"https:\/\/solvangship.no\" target=\"_blank\" rel=\"noreferrer noopener\">Solvang<\/a>), holder til p\u00e5 Kypros. Og bare tre av de 76 skipene i det Kypros-baserte rederiet Frontlines fl\u00e5teliste er registrert p\u00e5 Kypros; de fleste seiler under <a href=\"https:\/\/snl.no\/Marshall\u00f8yene\" target=\"_blank\" rel=\"noreferrer noopener\">Marshall\u00f8yene<\/a>s flagg. Basert p\u00e5 stikkpr\u00f8ver ser det ut som Odfjell-skipene er registrert i det ordin\u00e6re norske skipsregisteret (<a href=\"https:\/\/snl.no\/Norsk_ordin\u00e6rt_skipsregister\" data-type=\"link\" data-id=\"https:\/\/snl.no\/Norsk_ordin\u00e6rt_skipsregister\" target=\"_blank\" rel=\"noreferrer noopener\">NOR<\/a>), mens Solvang-skipene er  <a href=\"https:\/\/snl.no\/Norsk_internasjonalt_skipsregister\" data-type=\"link\" data-id=\"https:\/\/snl.no\/Norsk_internasjonalt_skipsregister\" target=\"_blank\" rel=\"noreferrer noopener\">NIS<\/a>-registrert. Men stort sett er det nok andre tilstander enn da Nordahl Grieg skrev diktet <em><a href=\"https:\/\/no.wikisource.org\/wiki\/Flagget\" data-type=\"link\" data-id=\"https:\/\/no.wikisource.org\/wiki\/Flagget\" target=\"_blank\" rel=\"noreferrer noopener\">Flagget<\/a><\/em>.<\/p>\n\n\n\n<p><em><a href=\"mailto:ttt@skoletjenesten.no?cc=&amp;bcc=&amp;subject=Vv%20260319&amp;amptarget=\" target=\"_blank\" rel=\"noreferrer noopener\">Kommenter denne notisen<\/a><\/em><\/p>\n\n\n\n<p class=\"has-text-align-center\">\u058e\u058e\u058e<\/p>\n\n\n<div class=\"wp-block-image is-style-twentytwentyone-border\">\n<figure class=\"alignright size-large\"><a href=\"http:\/\/ttt.skoletjenesten.no\/wp-content\/uploads\/2026\/03\/Kjernekraft-nei_Aftenposten%2010.%20mars%202026.pdf\" target=\"_blank\" rel=\" noreferrer noopener\"><img loading=\"lazy\" decoding=\"async\" width=\"1024\" height=\"730\" src=\"https:\/\/oma.skoletjenesten.no\/wp-content\/uploads\/2026\/03\/Kjernekraft_OK_Opera-Bilde_2026-03-18_114103_e-avis.aftenposten.no_-1024x730.jpg\" alt=\"\" class=\"wp-image-4421\" srcset=\"https:\/\/oma.skoletjenesten.no\/wp-content\/uploads\/2026\/03\/Kjernekraft_OK_Opera-Bilde_2026-03-18_114103_e-avis.aftenposten.no_-1024x730.jpg 1024w, https:\/\/oma.skoletjenesten.no\/wp-content\/uploads\/2026\/03\/Kjernekraft_OK_Opera-Bilde_2026-03-18_114103_e-avis.aftenposten.no_-300x214.jpg 300w, https:\/\/oma.skoletjenesten.no\/wp-content\/uploads\/2026\/03\/Kjernekraft_OK_Opera-Bilde_2026-03-18_114103_e-avis.aftenposten.no_-768x547.jpg 768w, https:\/\/oma.skoletjenesten.no\/wp-content\/uploads\/2026\/03\/Kjernekraft_OK_Opera-Bilde_2026-03-18_114103_e-avis.aftenposten.no_.jpg 1065w\" sizes=\"auto, (max-width: 1024px) 100vw, 1024px\" \/><\/a><figcaption class=\"wp-element-caption\">Aftenposten 10, mars 2026. Klikk for \u00e5 lese.<\/figcaption><\/figure>\n<\/div>\n\n\n<p id=\"260318\"><strong style=\"font-style: italic;\">26031<\/strong><strong><em>8<\/em><\/strong><em><strong>: K-kraft.<\/strong><\/em> De siste femti \u00e5rene har det v\u00e6rt tre store ulykker \u2013 <a href=\"https:\/\/snl.no\/Three_Mile_Island\" data-type=\"link\" data-id=\"https:\/\/snl.no\/Three_Mile_Island\" target=\"_blank\" rel=\"noreferrer noopener\">Three Mile Island<\/a>, <a href=\"https:\/\/snl.no\/Tsjernobyl-ulykken\" data-type=\"link\" data-id=\"https:\/\/snl.no\/Tsjernobyl-ulykken\" target=\"_blank\" rel=\"noreferrer noopener\">Tsjernobyl<\/a> og <a href=\"https:\/\/snl.no\/Fukushima_-_kjernekraftulykke\" data-type=\"link\" data-id=\"https:\/\/snl.no\/Fukushima_-_kjernekraftulykke\" target=\"_blank\" rel=\"noreferrer noopener\">Fukushima<\/a> \u2013 ved de mer enn to hundre kjernekraftverkene i verden. I Aftenposteen bruker Finn Arne J\u00f8rgensen Fukushima-katastrofen som utgangspunkt i et debattinnlegg der han argumenterer mot kjernekraft. Det blir som \u00e5 bruke personsikkerheten i en T-Ford fra 1920 som argument mot bilkj\u00f8ring i dag. Men dette gjelder riaikovurdering, og da kan man undre seg over hvilken risikovurdering som l\u00e5 bak den mange\u00e5rige flyplassen p\u00e5 Fornebu, med inn- og utflyging over Oslo sentrum. Eller engste seg for hva som finnes av farlig last i de mange bilene som passerer p\u00e5 E18 nedenfor bloggens hovedkvarter. Bloggeren kommer nok ikke til \u00e5 oppleve ferdigstillelsen av <a href=\"https:\/\/torgeirs-tanker.skoletjenesten.no\/kadettangen-kjernekraftverk\/\" data-type=\"link\" data-id=\"https:\/\/torgeirs-tanker.skoletjenesten.no\/kadettangen-kjernekraftverk\/\" target=\"_blank\" rel=\"noreferrer noopener\">Kadettangen kjernekraftverk<\/a>, mwn kan berolige nabolaget, som sannsynligvis vil f\u00e5 str\u00f8m derfra. (Les ogs\u00e5 tilbakeblikkene om kjernekraft <a href=\"https:\/\/torgeirs-tanker.skoletjenesten.no\/tilbakeblikk-14-07-2023\/\" target=\"_blank\" rel=\"noreferrer noopener\">14.07.2023<\/a>, <a href=\"https:\/\/oma.skoletjenesten.no\/?p=2447\">11.07.2025<\/a> og <a href=\"https:\/\/oma.skoletjenesten.no\/?p=2885\" target=\"_blank\" rel=\"noreferrer noopener\">12.09.2025<\/a>).<\/p>\n\n\n\n<p><em><a href=\"mailto:ttt@skoletjenesten.no?cc=&amp;bcc=&amp;subject=Vv%20260318&amp;amptarget=\" target=\"_blank\" rel=\"noreferrer noopener\">Kommenter denne notisen<\/a><\/em><\/p>\n\n\n\n<p class=\"has-text-align-center\">\u058e\u058e\u058e<\/p>\n\n\n<div class=\"wp-block-image is-style-twentytwentyone-border\">\n<figure class=\"alignright size-full\"><img loading=\"lazy\" decoding=\"async\" width=\"499\" height=\"302\" src=\"https:\/\/oma.skoletjenesten.no\/wp-content\/uploads\/2026\/03\/StPatricksDay_bundoran-st-patricks-day-parade.jpg\" alt=\"\" class=\"wp-image-4418\" srcset=\"https:\/\/oma.skoletjenesten.no\/wp-content\/uploads\/2026\/03\/StPatricksDay_bundoran-st-patricks-day-parade.jpg 499w, https:\/\/oma.skoletjenesten.no\/wp-content\/uploads\/2026\/03\/StPatricksDay_bundoran-st-patricks-day-parade-300x182.jpg 300w\" sizes=\"auto, (max-width: 499px) 100vw, 499px\" \/><\/figure>\n<\/div>\n\n\n<p id=\"260317-2\"><em><strong>260317-2: Feiring.<\/strong><\/em> I dag feires <a href=\"https:\/\/snl.no\/St._Patrick%27s_Day\" target=\"_blank\" rel=\"noreferrer noopener\">Saint Patrick&#8217;s Day<\/a>, den irske nasjonaldagen, over hele verden.<\/p>\n\n\n\n<p>.<\/p>\n\n\n\n<p>.<\/p>\n\n\n\n<p><em><a href=\"mailto:ttt@skoletjenesten.no?cc=&amp;bcc=&amp;subject=Vv%20260317-2&amp;amptarget=\" target=\"_blank\" rel=\"noreferrer noopener\">Kommenter denne notisen<\/a><\/em><\/p>\n\n\n\n<p class=\"has-text-align-center\">\u058e\u058e\u058e<\/p>\n\n\n\n<p id=\"260317-1\"><em><strong>260317-1: Hormuz.<\/strong><\/em> Bloggeren mener \u00e5 ha h\u00f8rt en nyhetsmelding om at sta(t)sminister St\u00f8re sier det er uaktuelt for Norge \u00e5 sende marinefart\u00f8yer til Hormuz-stredet, slik president Donald har bedt om. Men St\u00f8re har jo \u2013 if\u00f8lge <a href=\"https:\/\/www.stortinget.no\/no\/Representanter-og-komiteer\/Representantene\/Representant\/?perid=JGS\" data-type=\"link\" data-id=\"https:\/\/www.stortinget.no\/no\/Representanter-og-komiteer\/Representantene\/Representant\/?perid=JGS\" target=\"_blank\" rel=\"noreferrer noopener\">Stortingets nettsider<\/a> \u2013 ett \u00e5rs sj\u00f8krigsskole og ett \u00e5rs tjeneste som fenrik i marinen. Og siden minesveiperen <a href=\"https:\/\/no.wikipedia.org\/wiki\/KNM_\u00abAlta\u00bb_(M314)\" target=\"_blank\" rel=\"noreferrer noopener\">KNM ALTA<\/a> kom til Oslofjorden i 1996, har det ikke v\u00e6rt miner i fjorden. KNM ALTA ligger ved Akershuskaia og trenger bare en liten teknisk oppgradering for \u00e5 bli klar for tjeneste i Hormuz-stredet.<\/p>\n\n\n\n<p><em><a href=\"mailto:ttt@skoletjenesten.no?cc=&amp;bcc=&amp;subject=Vv%20260317-1&amp;amptarget=\" target=\"_blank\" rel=\"noreferrer noopener\">Kommenter denne notisen<\/a><\/em><\/p>\n\n\n\n<p class=\"has-text-align-center\">\u058e\u058e\u058e<\/p>\n\n\n\n<p id=\"260316\"><em><strong>260316: Trekkdyr.<\/strong><\/em> L\u00f8rdag skrev bloggeren om trekkhundkj\u00f8ring. Men det finnes ogs\u00e5 andre trekkdyr:<\/p>\n\n\n\n<figure class=\"wp-block-video\"><video height=\"1050\" style=\"aspect-ratio: 1680 \/ 1050;\" width=\"1680\" controls src=\"https:\/\/oma.skoletjenesten.no\/wp-content\/uploads\/2026\/03\/Trekksau-NorgeRundt.mp4\"><\/video><figcaption class=\"wp-element-caption\">NRK <em>Norge rundt<\/em> 1 mars 2024-<\/figcaption><\/figure>\n\n\n\n<p><em><a href=\"mailto:ttt@skoletjenesten.no?cc=&amp;bcc=&amp;subject=Vv%20260316&amp;amptarget=\" target=\"_blank\" rel=\"noreferrer noopener\">Kommenter denne notisen<\/a><\/em><\/p>\n\n\n\n<p class=\"has-text-align-center\">\u058e\u058e\u058e<\/p>\n\n\n\n<p id=\"260315\"><em><strong>260315: Pause.<\/strong><\/em> Det er s\u00f8ndag. Bloggeren er ikke medlem av noe trossamfunn. Likevel:<\/p>\n\n\n\n<figure class=\"wp-block-image size-full is-resized\"><img loading=\"lazy\" decoding=\"async\" width=\"252\" height=\"30\" src=\"https:\/\/oma.skoletjenesten.no\/wp-content\/uploads\/2026\/03\/3-bud-Hviledagen-hellig_Opera-Bilde_2026-03-15_013317_digitaltmuseum.no_-1.png\" alt=\"\" class=\"wp-image-4406\" style=\"width:400px\"\/><\/figure>\n\n\n\n<p><em><a href=\"mailto:ttt@skoletjenesten.no?cc=&amp;bcc=&amp;subject=Vv%20260315&amp;amptarget=\" target=\"_blank\" rel=\"noreferrer noopener\">Kommenter denne notisen<\/a><\/em><\/p>\n\n\n\n<p class=\"has-text-align-center\">\u058e\u058e\u058e<\/p>\n\n\n<div class=\"wp-block-image is-style-twentytwentyone-border\">\n<figure class=\"alignright size-full\"><a href=\"http:\/\/ttt.skoletjenesten.no\/wp-content\/uploads\/2026\/03\/Bak-sleden_260313_NRK-AlltidNyheter_ChetanRastogi.mp3\" target=\"_blank\" rel=\" noreferrer noopener\"><img loading=\"lazy\" decoding=\"async\" width=\"800\" height=\"545\" src=\"https:\/\/oma.skoletjenesten.no\/wp-content\/uploads\/2026\/03\/Hundeslede_Opera-Bilde_2026-03-14_135231_www.nrk_.no_.jpg\" alt=\"\" class=\"wp-image-4396\" srcset=\"https:\/\/oma.skoletjenesten.no\/wp-content\/uploads\/2026\/03\/Hundeslede_Opera-Bilde_2026-03-14_135231_www.nrk_.no_.jpg 800w, https:\/\/oma.skoletjenesten.no\/wp-content\/uploads\/2026\/03\/Hundeslede_Opera-Bilde_2026-03-14_135231_www.nrk_.no_-300x204.jpg 300w, https:\/\/oma.skoletjenesten.no\/wp-content\/uploads\/2026\/03\/Hundeslede_Opera-Bilde_2026-03-14_135231_www.nrk_.no_-768x523.jpg 768w\" sizes=\"auto, (max-width: 800px) 100vw, 800px\" \/><\/a><figcaption class=\"wp-element-caption\">Fra Finnmarksl\u00f8pet 2026: Hundekj\u00f8reren st\u00e5r <em>bakp\u00e5<\/em> sleden. Klikk p\u00e5 bildet for \u00e5 h\u00f8re hvor NRK mener at han st\u00e5r.<\/figcaption><\/figure>\n<\/div>\n\n\n<p id=\"260314\"><em><strong>260314: Plassering.<\/strong><\/em> Det er lenge siden Vazelina Bilopph\u00f8ggers mente at styreposisjonen i en sm\u00e5b\u00e5t (\u00abgammal snekke med god gammal l\u00e5t\u00bb) er \u00ab<a href=\"https:\/\/www.youtube.com\/watch?v=Ij3Jl8_JJgA\" data-type=\"link\" data-id=\"https:\/\/www.youtube.com\/watch?v=Ij3Jl8_JJgA\" target=\"_blank\" rel=\"noreferrer noopener\">bakom roret<\/a>\u00bb. Der er det v\u00e5tt! N\u00e5 har den skattefinansierte mediekanalen NRK fulgt opp med \u00e5 angi styreposisjonen for en som kj\u00f8rer hundeslede: Bak sleden. Den som har forfattet meldingen som Chetan Rastogi leste opp, kjenner \u00e5penbart ikke til ordet <em>bakp\u00e5<\/em>, der de hundekj\u00f8rerne bloggeren har observert, har st\u00e5tt.<\/p>\n\n\n\n<p><em><a href=\"mailto:ttt@skoletjenesten.no?cc=&amp;bcc=&amp;subject=Vv%20260314&amp;amptarget=\" target=\"_blank\" rel=\"noreferrer noopener\">Kommenter denne notisen<\/a><\/em><\/p>\n\n\n\n<p><\/p>\n","protected":false},"excerpt":{"rendered":"<p>260314..: Plassering260315..: Pause260316..: Trekkdyr260317-1: Hormuz260317-2: Feiring260318..: K-kraft260319..: Shipping260320..: Ibsen-boikott? 260320: Ibsen-boikott? Det er 198 \u00e5r i dag siden Henrik Ibsen ble f\u00f8dt. For noe over to \u00e5r og tre m\u00e5neder siden nevnte bloggeren Ibsens f\u00f8dselsdag i et sp\u00f8rsm\u00e5l til NRK-programmet Spr\u00e5ksnakk \u2013 og uttrykte h\u00e5p om svar f\u00f8r Ibsens f\u00f8dselsdag. Siden han ikke nevnte i&hellip; <a class=\"more-link\" href=\"https:\/\/oma.skoletjenesten.no\/?p=4391\">Fortsett \u00e5 lese <span class=\"screen-reader-text\">\u058e\u058e Virtuell virkelighet \u058e\u058e Uke 12\/26<\/span><\/a><\/p>\n","protected":false},"author":1,"featured_media":0,"comment_status":"open","ping_status":"open","sticky":false,"template":"","format":"standard","meta":{"footnotes":""},"categories":[11],"tags":[],"class_list":["post-4391","post","type-post","status-publish","format-standard","hentry","category-alternative-fakta","entry"],"_links":{"self":[{"href":"https:\/\/oma.skoletjenesten.no\/index.php?rest_route=\/wp\/v2\/posts\/4391","targetHints":{"allow":["GET"]}}],"collection":[{"href":"https:\/\/oma.skoletjenesten.no\/index.php?rest_route=\/wp\/v2\/posts"}],"about":[{"href":"https:\/\/oma.skoletjenesten.no\/index.php?rest_route=\/wp\/v2\/types\/post"}],"author":[{"embeddable":true,"href":"https:\/\/oma.skoletjenesten.no\/index.php?rest_route=\/wp\/v2\/users\/1"}],"replies":[{"embeddable":true,"href":"https:\/\/oma.skoletjenesten.no\/index.php?rest_route=%2Fwp%2Fv2%2Fcomments&post=4391"}],"version-history":[{"count":36,"href":"https:\/\/oma.skoletjenesten.no\/index.php?rest_route=\/wp\/v2\/posts\/4391\/revisions"}],"predecessor-version":[{"id":4477,"href":"https:\/\/oma.skoletjenesten.no\/index.php?rest_route=\/wp\/v2\/posts\/4391\/revisions\/4477"}],"wp:attachment":[{"href":"https:\/\/oma.skoletjenesten.no\/index.php?rest_route=%2Fwp%2Fv2%2Fmedia&parent=4391"}],"wp:term":[{"taxonomy":"category","embeddable":true,"href":"https:\/\/oma.skoletjenesten.no\/index.php?rest_route=%2Fwp%2Fv2%2Fcategories&post=4391"},{"taxonomy":"post_tag","embeddable":true,"href":"https:\/\/oma.skoletjenesten.no\/index.php?rest_route=%2Fwp%2Fv2%2Ftags&post=4391"}],"curies":[{"name":"wp","href":"https:\/\/api.w.org\/{rel}","templated":true}]}}