{"id":4323,"date":"2026-03-07T10:50:25","date_gmt":"2026-03-07T10:50:25","guid":{"rendered":"https:\/\/oma.skoletjenesten.no\/?p=4323"},"modified":"2026-03-29T12:54:38","modified_gmt":"2026-03-29T12:54:38","slug":"%d6%8e%d6%8e-virtuell-virkelighet-%d6%8e%d6%8e-07-03-2026","status":"publish","type":"post","link":"https:\/\/oma.skoletjenesten.no\/?p=4323","title":{"rendered":"\u058e\u058e Virtuell virkelighet \u058e\u058e Uke 11\/26"},"content":{"rendered":"\n<figure class=\"wp-block-image size-full\"><a href=\"https:\/\/oma.skoletjenesten.no\/?p=4391\" target=\"_blank\" rel=\" noreferrer noopener\"><img loading=\"lazy\" decoding=\"async\" width=\"438\" height=\"122\" src=\"https:\/\/oma.skoletjenesten.no\/wp-content\/uploads\/2026\/03\/image.png\" alt=\"\" class=\"wp-image-4410\" srcset=\"https:\/\/oma.skoletjenesten.no\/wp-content\/uploads\/2026\/03\/image.png 438w, https:\/\/oma.skoletjenesten.no\/wp-content\/uploads\/2026\/03\/image-300x84.png 300w\" sizes=\"auto, (max-width: 438px) 100vw, 438px\" \/><\/a><\/figure>\n\n\n\n<p><a href=\"#260307\" data-type=\"internal\" data-id=\"#260307\">260307\u2026: Datotull<\/a><br><a href=\"#260308\" data-type=\"internal\" data-id=\"#260308\">260308\u2026: Tog?<\/a><br><a href=\"#260309\" data-type=\"internal\" data-id=\"#260309\">260309\u2026: Minnedikt<\/a><br><a href=\"#260310\" data-type=\"internal\" data-id=\"#260310\">260310\u2026: \u00abUl\u00f8nnsom\u00bb transport<\/a> (x)<br><a href=\"#260311\" data-type=\"internal\" data-id=\"#260311\">260311\u2026: Fredspresident?<\/a><br><a href=\"#260312-1\" data-type=\"internal\" data-id=\"#260312-1\">260312-1.: Hormuz-1<\/a><br><a href=\"#260312-2\" data-type=\"internal\" data-id=\"#260312-2\">260312-2.: Hormuz-2<\/a><br><a href=\"#260313-1\" data-type=\"internal\" data-id=\"#260313-1\">260313-1: Melodi<\/a><br><a href=\"#260313-2\" data-type=\"internal\" data-id=\"#260313-2\">260313-2: Skipsfart<\/a><\/p>\n\n\n\n<hr class=\"wp-block-separator has-alpha-channel-opacity\"\/>\n\n\n\n<p id=\"260313-2\"><em><strong><a href=\"#260313-2\" data-type=\"internal\" data-id=\"#260313-2\">260313-2: Skipsfart<\/a>.<\/strong><\/em> Hormuz-stredet er \u2013 etter hva bloggeren har funnet ut \u2013 omtrent like bredt som Den engelske kanal. Blogglesere som vil f\u00f8lge med p\u00e5 skipstrafikken der, kan bruke nettstedet <em><a href=\"https:\/\/www.marinetraffic.com\" data-type=\"link\" data-id=\"https:\/\/www.marinetraffic.com\" target=\"_blank\" rel=\"noreferrer noopener\">MarineTraffic.com<\/a><\/em>. Der finner man alle skip som er tilknyttet systemet \u2013 over hele verden.<br>Fem norske redninger som opererer tankskip, er: <a href=\"https:\/\/www.frontlineplc.cy\/fleet\/\" data-type=\"link\" data-id=\"https:\/\/www.frontlineplc.cy\/fleet\/\" target=\"_blank\" rel=\"noreferrer noopener\">Frontline<\/a>, <a href=\"https:\/\/www.stolt-nielsen.com\" data-type=\"link\" data-id=\"https:\/\/www.stolt-nielsen.com\" target=\"_blank\" rel=\"noreferrer noopener\">Stolt-Nielsen<\/a>, <a href=\"https:\/\/knutsenoas.com\" data-type=\"link\" data-id=\"https:\/\/knutsenoas.com\" target=\"_blank\" rel=\"noreferrer noopener\">Knutsen O.A.S.<\/a>, <a href=\"https:\/\/www.odfjell.com\" data-type=\"link\" data-id=\"https:\/\/www.odfjell.com\" target=\"_blank\" rel=\"noreferrer noopener\">Odfjell<\/a> og <a href=\"https:\/\/solvangship.no\" data-type=\"link\" data-id=\"https:\/\/solvangship.no\" target=\"_blank\" rel=\"noreferrer noopener\">Solvang<\/a>. <\/p>\n\n\n\n<p>Bruk marine MarineTraffic.com og rederienes nettsider til \u00e5 finne norske skip i Persiagulfen og f\u00f8lg dem p\u00e5 den spennende seilasen.<\/p>\n\n\n\n<p><em><a href=\"mailto:ttt@skoletjenesten.no?cc=&amp;bcc=&amp;subject=Vv%20260313-2&amp;amptarget=\" target=\"_blank\" rel=\"noreferrer noopener\">Kommenter denne notisen<\/a><\/em><\/p>\n\n\n\n<p class=\"has-text-align-center\">\u058e\u058e\u058e<\/p>\n\n\n\n<p id=\"260313-1\"><em><strong>260313-1: Melodi.<\/strong><\/em> Mandag presenterte bloggeren sin foretrukne (og egenkomponerte) melodi til Erik Byes minnedikt om Alf Pr\u00f8ysen. I dag kan han presentere teksten sunget med gitarakkompagnement. Fremf\u00f8ringen er ved K\u00e5re Beate Empetre.<\/p>\n\n\n\n<figure class=\"wp-block-audio\"><audio controls src=\"https:\/\/oma.skoletjenesten.no\/wp-content\/uploads\/2026\/03\/20__Alf_Mel-m-komp_OK.mp3\"><\/audio><figcaption class=\"wp-element-caption\">K\u00e5re Beate Empetre frenf\u00f8rer Erik Byes dujt Alf med melodi av bloggereeeen. <\/figcaption><\/figure>\n\n\n\n<p><em><a href=\"mailto:ttt@skoletjenesten.no?cc=&amp;bcc=&amp;subject=Vv%20260313-1&amp;amptarget=\" target=\"_blank\" rel=\"noreferrer noopener\">Kommenter denne notisen<\/a><\/em><\/p>\n\n\n\n<p class=\"has-text-align-center\">\u058e\u058e\u058e<\/p>\n\n\n\n<p id=\"260312-2\"><em><strong>260312-2:  Hormuz-2.<\/strong><\/em> Knut Arild Hareide, som tidligere var leder for Kristelig Folkeparti, er n\u00e5 administrerende direkt\u00f8r i Norges rederiforbund. Ubekreftede rykter forteller at han har f\u00e5tt folkene i beredskapsrommet (som f\u00f8lger tankskipstrafikken gjennom Hormuz-stredet tett) til \u00e5 delta i unison avsynging av <em>Jesus, styr du mine tanke<\/em>r.<\/p>\n\n\n\n<p><em><a href=\"mailto:ttt@skoletjenesten.no?cc=&amp;bcc=&amp;subject=Vv%20260312-2&amp;amptarget=\" target=\"_blank\" rel=\"noreferrer noopener\">Kommenter denne notisen<\/a><\/em><\/p>\n\n\n\n<p class=\"has-text-align-center\">\u058e\u058e\u058e<\/p>\n\n\n\n<p id=\"260312-1\"><em><strong>260312-1: Hormuz-1.<\/strong><\/em> Hormuz-stredet er aktuelt i forbindelse med krigen mellom Iran og Sambandsstatene\/Israel. Iran nekter tankskip \u00e5 passere, og p\u00e5virker dermed oljeprisen internasjonalt. Ordet <em>stredet<\/em> uttales med tonem 2, som <em>kledet<\/em> og <em>kjedet<\/em>. Det later til \u00e5 v\u00e6re ukjent for de fleste nyhetsmedarbeidere, f. eks. Knut Magnus Berge og Marit Kolberg:<\/p>\n\n\n\n<figure class=\"wp-block-audio\"><audio controls src=\"https:\/\/oma.skoletjenesten.no\/wp-content\/uploads\/2026\/03\/Uttale-Stredet-260311_NRKK-AlltidNyheter_KnuMagnusBerge-MaritKolberg_.mp3\"><\/audio><figcaption class=\"wp-element-caption\">NRK Alltid Nyheter 11. mars 2026. Knut Magnus Berge og Marit Kolberg tror kanskje at Hormuz-stredet er et <em>stred<\/em> (engelsk: <em>strait<\/em>)<\/figcaption><\/figure>\n\n\n\n<p><em><a href=\"mailto:ttt@skoletjenesten.no?cc=&amp;bcc=&amp;subject=Vv%20260311&amp;amptarget=\" target=\"_blank\" rel=\"noreferrer noopener\">Kommenter denne notisen<\/a><\/em><\/p>\n\n\n\n<p class=\"has-text-align-center\">\u058e\u058e\u058e<\/p>\n\n\n\n<p id=\"260311\"><em><strong>260311: Fredspresident?<\/strong><\/em> President Donald i Sambandsstatene er litt over gjennomsnittet interessert i \u00e5 f\u00e5 Nobels fredspris. Dette til tross for at han var noks\u00e5 krigersk allerede i valgkampen i 2016 \u2013 i hvert fall if\u00f8lge <a href=\"http:\/\/ttt.skoletjenesten.no\/wp-content\/uploads\/2018\/10\/150916_NRK-Dagsrevyen_Oversetter_Wall-blir-til-war.mp4\" data-type=\"link\" data-id=\"http:\/\/ttt.skoletjenesten.no\/wp-content\/uploads\/2018\/10\/150916_NRK-Dagsrevyen_Oversetter_Wall-blir-til-war.mp4\" target=\"_blank\" rel=\"noreferrer noopener\">oversettelsen i den skattefinansierte fjernsynskanalen NRK<\/a>.<\/p>\n\n\n\n<p>Etter at Donald tiltr\u00e5dte som president i januar i fjor, har han ogs\u00e5 v\u00e6rt \u2013 om ikke krigersk \u2013 s\u00e5 i hvert fall noks\u00e5 ufredelig. Om vi ser bort fra at han har mobilisert nasjonalgarden og innvandringspolitiet ICE mot egne innbyggere, har han ogs\u00e5 beordret krig mot Venezuela og Iran. Han f\u00f8rer vel ogs\u00e5 en slags tollkrig mot hele verden. Og Sambandsstatenes naboer Gr\u00f8nland, Canada og Mexico har f\u00e5tt sitt. Bloggeren tror at Donald i sin ungdom h\u00f8rte for mye p\u00e5 Tom Lehrers <em><a href=\"https:\/\/oma.skoletjenesten.no\/?p=1414\/#send-the-marines\" data-type=\"link\" data-id=\"https:\/\/oma.skoletjenesten.no\/?p=1414\/#send-the-marines\" target=\"_blank\" rel=\"noreferrer noopener\">Send the Marines<\/a><\/em> og at han ikke skj\u00f8nte at dette var ironi.<\/p>\n\n\n\n<p><em><a href=\"mailto:ttt@skoletjenesten.no?cc=&amp;bcc=&amp;subject=Vv%20260311&amp;amptarget=\" target=\"_blank\" rel=\"noreferrer noopener\">Kommenter denne notisen<\/a><\/em><\/p>\n\n\n\n<p class=\"has-text-align-center\">\u058e\u058e\u058e<\/p>\n\n\n\n<p id=\"260310\"><em><strong>260310: \u00abUl\u00f8nnsom\u00bb transport.<\/strong><\/em> Det var mye styr med statsbudsjettet i h\u00f8st, blant annet fordi bevilgning til gratisferger i distriktene var blitt str\u00f8ket selv om dette var blitt garantert. Bloggeren undrer seg over at de ikke-kystn\u00e6re distriktene ikke har insistert p\u00e5 tilsvarende gratis transport. Arbeidet med \u00e5rets budsjett begynner i dag. <em><a href=\"https:\/\/oma.skoletjenesten.no\/?page_id=4344\" data-type=\"link\" data-id=\"https:\/\/oma.skoletjenesten.no\/?page_id=4344\" target=\"_blank\" rel=\"noreferrer noopener\">Les mer &#8230;<\/a><\/em><\/p>\n\n\n\n<p><em><a href=\"mailto:ttt@skoletjenesten.no?cc=&amp;bcc=&amp;subject=Vv%20260310&amp;amptarget=\" target=\"_blank\" rel=\"noreferrer noopener\">Kommenter denne notisen<\/a><\/em><\/p>\n\n\n\n<p class=\"has-text-align-center\">\u058e\u058e\u058e<\/p>\n\n\n<div class=\"wp-block-image is-style-twentytwentyone-border\">\n<figure class=\"alignright size-full\"><a href=\"http:\/\/ttt.skoletjenesten.no\/wp-content\/uploads\/2025\/03\/Alf---ErikBye_Aftenposten%201.%20desember%201970.pdf\" target=\"_blank\" rel=\" noreferrer noopener\"><img loading=\"lazy\" decoding=\"async\" width=\"569\" height=\"756\" src=\"https:\/\/oma.skoletjenesten.no\/wp-content\/uploads\/2026\/01\/Alf-ErikBye_OK_Opera-Bilde_2026-03-08_141106_e-avis.aftenposten.no_.jpg\" alt=\"\" class=\"wp-image-4337\" srcset=\"https:\/\/oma.skoletjenesten.no\/wp-content\/uploads\/2026\/01\/Alf-ErikBye_OK_Opera-Bilde_2026-03-08_141106_e-avis.aftenposten.no_.jpg 569w, https:\/\/oma.skoletjenesten.no\/wp-content\/uploads\/2026\/01\/Alf-ErikBye_OK_Opera-Bilde_2026-03-08_141106_e-avis.aftenposten.no_-226x300.jpg 226w\" sizes=\"auto, (max-width: 569px) 100vw, 569px\" \/><\/a><figcaption class=\"wp-element-caption\">Aftenposten 1. desember 1970. Klikk for \u00e5 lese.<\/figcaption><\/figure>\n<\/div>\n\n\n<p id=\"260309\"><em><strong>260309: Minnedikt.<\/strong><\/em>&nbsp;P\u00e5 konserten&nbsp;<em><a href=\"https:\/\/oma.skoletjenesten.no\/?p=4245\/#260303\" data-type=\"link\" data-id=\"https:\/\/oma.skoletjenesten.no\/?p=4245\/#260303\" target=\"_blank\" rel=\"noreferrer noopener\">Erik Bye i 100<\/a><\/em>&nbsp;forrige s\u00f8ndag ble f\u00f8rste avdeling avsluttet med hans minnedikt om Alf Pr\u00f8ysen \u2013 men med feil melodi. Den beste melodien mener bloggeren at han har laget selv. Det gjorde han etter \u00e5 ha lest Erik Byes tekst i Aftenposten. Der sto den sammen med reportasjen fra Pr\u00f8ysens bisettelse.<\/p>\n\n\n\n<figure class=\"wp-block-audio\"><audio controls src=\"https:\/\/oma.skoletjenesten.no\/wp-content\/uploads\/2026\/01\/Alf_Meopdi_OK.mp3\"><\/audio><figcaption class=\"wp-element-caption\">Bloggerens melodi til Erik Byes minnexikt (Aftenposten-klippet ovwnfor).<\/figcaption><\/figure>\n\n\n\n<p><em><a href=\"mailto:ttt@skoletjenesten.no?cc=&amp;bcc=&amp;subject=Vv%20260309&amp;amptarget=\" target=\"_blank\" rel=\"noreferrer noopener\">Kommenter denne notisen<\/a><\/em><\/p>\n\n\n\n<p class=\"has-text-align-center\">\u058e\u058e\u058e<\/p>\n\n\n\n<p id=\"260308\"><em><strong>260308: Tog?<\/strong><\/em> I dag markeres noe som kalles <em>Den internasjonale kvinnedagen<\/em>. Bloggeren er skeptisk til massesuggesjon og demonstrasjonstog med plakater som skal gi uttrykk for \u00abfelles mening\u00bb. Han kommer derfor ikke til \u00e5 delta i noen av dagens arrangementer. Les ellers blogginnlegget <em><a href=\"https:\/\/torgeirs-tanker.skoletjenesten.no\/mars-og-novemberdager\/\" data-type=\"link\" data-id=\"https:\/\/torgeirs-tanker.skoletjenesten.no\/mars-og-novemberdager\/\" target=\"_blank\" rel=\"noreferrer noopener\">Mars- og novemberdager<\/a><\/em> fra mars 2022.<\/p>\n\n\n\n<p><em><a href=\"mailto:ttt@skoletjenesten.no?cc=&amp;bcc=&amp;subject=Vv%20260308&amp;amptarget=\" target=\"_blank\" rel=\"noreferrer noopener\">Kommenter denne notisen<\/a><\/em><\/p>\n\n\n\n<p class=\"has-text-align-center\">\u058e\u058e\u058e<\/p>\n\n\n<div class=\"wp-block-image\">\n<figure class=\"alignright size-full is-resized\"><img loading=\"lazy\" decoding=\"async\" width=\"567\" height=\"151\" src=\"https:\/\/oma.skoletjenesten.no\/wp-content\/uploads\/2026\/03\/Screenshot_OK_20260307-120648.jpg\" alt=\"\" class=\"wp-image-4329\" style=\"aspect-ratio:3.7553622015378387;width:278px;height:auto\" srcset=\"https:\/\/oma.skoletjenesten.no\/wp-content\/uploads\/2026\/03\/Screenshot_OK_20260307-120648.jpg 567w, https:\/\/oma.skoletjenesten.no\/wp-content\/uploads\/2026\/03\/Screenshot_OK_20260307-120648-300x80.jpg 300w\" sizes=\"auto, (max-width: 567px) 100vw, 567px\" \/><figcaption class=\"wp-element-caption\">Villedende melding til bloggabonnentene i g\u00e5r, 6. mars.<\/figcaption><\/figure>\n<\/div>\n\n\n<p id=\"260307\"><em><strong>260307: Datotull.<\/strong><\/em> De av bloggens abonnenter som stoler blindt p\u00e5 bloggeren (det b\u00f8r de slutte med!), trodde kanskje at de hadde tatt feil av datoen i g\u00e5r. I meldingen til abonnentene var nemlig g\u00e5rsdagens utgave datert 3. mars. Bloggeren beklager feilen, som skyldtes tidspress (i tillegg til vanlig sl\u00f8vsinn).<\/p>\n\n\n\n<p><em><a href=\"mailto:ttt@skoletjenesten.no?cc=&amp;bcc=&amp;subject=Vv%20260307&amp;amptarget=\" target=\"_blank\" rel=\"noreferrer noopener\">Kommenter denne notisen<\/a><\/em><\/p>\n","protected":false},"excerpt":{"rendered":"<p>260307\u2026: Datotull260308\u2026: Tog?260309\u2026: Minnedikt260310\u2026: \u00abUl\u00f8nnsom\u00bb transport (x)260311\u2026: Fredspresident?260312-1.: Hormuz-1260312-2.: Hormuz-2260313-1: Melodi260313-2: Skipsfart 260313-2: Skipsfart. Hormuz-stredet er \u2013 etter hva bloggeren har funnet ut \u2013 omtrent like bredt som Den engelske kanal. Blogglesere som vil f\u00f8lge med p\u00e5 skipstrafikken der, kan bruke nettstedet MarineTraffic.com. Der finner man alle skip som er tilknyttet systemet \u2013 over hele&hellip; <a class=\"more-link\" href=\"https:\/\/oma.skoletjenesten.no\/?p=4323\">Fortsett \u00e5 lese <span class=\"screen-reader-text\">\u058e\u058e Virtuell virkelighet \u058e\u058e Uke 11\/26<\/span><\/a><\/p>\n","protected":false},"author":1,"featured_media":0,"comment_status":"open","ping_status":"open","sticky":false,"template":"","format":"standard","meta":{"footnotes":""},"categories":[11],"tags":[],"class_list":["post-4323","post","type-post","status-publish","format-standard","hentry","category-alternative-fakta","entry"],"_links":{"self":[{"href":"https:\/\/oma.skoletjenesten.no\/index.php?rest_route=\/wp\/v2\/posts\/4323","targetHints":{"allow":["GET"]}}],"collection":[{"href":"https:\/\/oma.skoletjenesten.no\/index.php?rest_route=\/wp\/v2\/posts"}],"about":[{"href":"https:\/\/oma.skoletjenesten.no\/index.php?rest_route=\/wp\/v2\/types\/post"}],"author":[{"embeddable":true,"href":"https:\/\/oma.skoletjenesten.no\/index.php?rest_route=\/wp\/v2\/users\/1"}],"replies":[{"embeddable":true,"href":"https:\/\/oma.skoletjenesten.no\/index.php?rest_route=%2Fwp%2Fv2%2Fcomments&post=4323"}],"version-history":[{"count":27,"href":"https:\/\/oma.skoletjenesten.no\/index.php?rest_route=\/wp\/v2\/posts\/4323\/revisions"}],"predecessor-version":[{"id":4412,"href":"https:\/\/oma.skoletjenesten.no\/index.php?rest_route=\/wp\/v2\/posts\/4323\/revisions\/4412"}],"wp:attachment":[{"href":"https:\/\/oma.skoletjenesten.no\/index.php?rest_route=%2Fwp%2Fv2%2Fmedia&parent=4323"}],"wp:term":[{"taxonomy":"category","embeddable":true,"href":"https:\/\/oma.skoletjenesten.no\/index.php?rest_route=%2Fwp%2Fv2%2Fcategories&post=4323"},{"taxonomy":"post_tag","embeddable":true,"href":"https:\/\/oma.skoletjenesten.no\/index.php?rest_route=%2Fwp%2Fv2%2Ftags&post=4323"}],"curies":[{"name":"wp","href":"https:\/\/api.w.org\/{rel}","templated":true}]}}