{"id":4245,"date":"2026-03-06T10:00:58","date_gmt":"2026-03-06T10:00:58","guid":{"rendered":"https:\/\/oma.skoletjenesten.no\/?p=4245"},"modified":"2026-03-07T11:15:18","modified_gmt":"2026-03-07T11:15:18","slug":"%d6%8e%d6%8e-virtuell-virkelighet-%d6%8e%d6%8e-28-02-2026","status":"publish","type":"post","link":"https:\/\/oma.skoletjenesten.no\/?p=4245","title":{"rendered":"\u058e\u058e Virtuell virkelighet \u058e\u058e Uke 10\/26"},"content":{"rendered":"\n<p id=\"260306\"><a href=\"#260228-1\" data-type=\"internal\" data-id=\"#260228-1:\">260228-1: Absurditeter<\/a><br><a href=\"#260228-2\" data-type=\"internal\" data-id=\"#260228-2\">260228-2: Klima-optimisme<\/a><br><a href=\"#260301\" data-type=\"internal\" data-id=\"#260301\">260301..: Presidenter<\/a><br><a href=\"#260302.\" data-type=\"internal\" data-id=\"#260302.\">260302..: Tilfluktsrom<\/a><br><a href=\"#260303\" data-type=\"internal\" data-id=\"#260303\">260303..: Erik Bye<\/a><br><a href=\"#260304\" data-type=\"internal\" data-id=\"#260304.\">260304..: Rytmeinstrument<\/a><br><a href=\"#260305\" data-type=\"internal\" data-id=\"#260305.\">260305..: Beredskap<\/a><br><a href=\"#260306\" data-type=\"internal\" data-id=\"#260306.\">260306..: Fugle\u00f8yne<\/a><\/p>\n\n\n\n<hr class=\"wp-block-separator has-alpha-channel-opacity\"\/>\n\n\n\n<p id=\"260306\"><em><strong>260306: Fugle\u00f8yne.<\/strong><\/em> Denne notisen er skrevet med \u00e9n ekte og \u00e9n kunstig pupill. Bloggeren ble operert for katarakt (gr\u00e5 st\u00e6r) i g\u00e5r. Han har med andre ord f\u00e5tt et nytt syn p\u00e5 tilv\u00e6relsen.<\/p>\n\n\n\n<p><em><a href=\"mailto:ttt@skoletjenesten.no?cc=&amp;bcc=&amp;subject=Vv%20260306&amp;amptarget=\" target=\"_blank\" rel=\"noreferrer noopener\">Kommenter denne notisen<\/a><\/em><\/p>\n\n\n\n<p class=\"has-text-align-center\">\u058e\u058e\u058e<\/p>\n\n\n<div class=\"wp-block-image is-style-twentytwentyone-border\">\n<figure class=\"alignright size-full\"><img loading=\"lazy\" decoding=\"async\" width=\"457\" height=\"157\" src=\"https:\/\/oma.skoletjenesten.no\/wp-content\/uploads\/2026\/02\/Krigsutflytting-fra-trygge-omraader_260227_Opera-Bilde_2026-02-28_151035_e-avis.aftenposten.no_.png\" alt=\"\" class=\"wp-image-4286\" srcset=\"https:\/\/oma.skoletjenesten.no\/wp-content\/uploads\/2026\/02\/Krigsutflytting-fra-trygge-omraader_260227_Opera-Bilde_2026-02-28_151035_e-avis.aftenposten.no_.png 457w, https:\/\/oma.skoletjenesten.no\/wp-content\/uploads\/2026\/02\/Krigsutflytting-fra-trygge-omraader_260227_Opera-Bilde_2026-02-28_151035_e-avis.aftenposten.no_-300x103.png 300w\" sizes=\"auto, (max-width: 457px) 100vw, 457px\" \/><figcaption class=\"wp-element-caption\">Aftenposten 27, februar 2026.<\/figcaption><\/figure>\n<\/div>\n\n\n<p id=\"260305\"><em><strong>260305: Beredskap.<\/strong><\/em> Kan vi stole p\u00e5 myndighetene i en krisesituasjon der Norge blir utsatt for et milit\u00e6rt angrep? Bloggeren er litt i tvil etter \u00e5 ha lest hva Aftenposten skriver om krigsutflytting (klippet ovenfor).<\/p>\n\n\n\n<p id=\"260305\"><em><a href=\"mailto:ttt@skoletjenesten.no?cc=&amp;bcc=&amp;subject=Vv%20260306&amp;amptarget=\" target=\"_blank\" rel=\"noreferrer noopener\">Kommenter <\/a><a href=\"mailto:ttt@skoletjenesten.no?cc=&amp;bcc=&amp;subject=Vv%20260306&amp;amptarget=\" target=\"_blank\" rel=\"noreferrer noopener\">denne notisen<\/a><\/em><\/p>\n\n\n\n<p class=\"has-text-align-center\">\u058e\u058e\u058e<\/p>\n\n\n\n<p id=\"260304\"><em><strong>260304: Rytmeinstrument.<\/strong><\/em> Klippet i g\u00e5r, der dieselmotoren om bord i Erik Byes PR\u00d8VEN fungerte som rytmeinstrument, fikk bloggeren til \u00e5 tenke p\u00e5 innspillingen av <em>Sweet Georgia Brown<\/em> i blogginnlegget om John Deere (februar 2020), der en <a href=\"https:\/\/ttt.skoletjenesten.no\/john-deere-fikk-aldri-se-en-traktor\/#traktorrytme\" data-type=\"link\" data-id=\"https:\/\/ttt.skoletjenesten.no\/john-deere-fikk-aldri-se-en-traktor\/#traktorrytme\">traktor er rytmeinstrument<\/a>.<\/p>\n\n\n\n<p><em><a href=\"mailto:ttt@skoletjenesten.no?cc=&amp;bcc=&amp;subject=Vv%20260304&amp;amptarget=\" target=\"_blank\" rel=\"noreferrer noopener\">Kommenter denne notisen<\/a><\/em><\/p>\n\n\n\n<p class=\"has-text-align-center\">\u058e\u058e\u058e<\/p>\n\n\n\n<p id=\"260303\"><em><strong>260303: Erik Bye.<\/strong><\/em> S\u00f8ndag deltok bloggeren i feiringen av en hundre\u00e5rsdag. Det var hundre \u00e5r siden Erik Bye ble f\u00f8dt, og begivenheten ble markert med et tre timer langt program i Oslo konserthus. Man kunne godt kalle det et sceneshow, det var i hvert fall i hvert fall godt! <em><a href=\"https:\/\/oma.skoletjenesten.no\/?page_id=4265\" data-type=\"link\" data-id=\"https:\/\/oma.skoletjenesten.no\/?page_id=4265\">Les mer &#8230;<\/a><\/em><\/p>\n\n\n\n<p><em><a href=\"mailto:ttt@skoletjenesten.no?cc=&amp;bcc=&amp;subject=Vv%20260303&amp;amptarget=\" target=\"_blank\" rel=\"noreferrer noopener\">Kommenter denne notisen<\/a><\/em><\/p>\n\n\n\n<p class=\"has-text-align-center\">\u058e\u058e\u058e<\/p>\n\n\n<div class=\"wp-block-image is-style-twentytwentyone-border\">\n<figure class=\"alignright size-full\"><a href=\"http:\/\/ttt.skoletjenesten.no\/wp-content\/uploads\/2025\/03\/Flyalarm_Aftenposten%2027.%20februar%202026.pdf\" target=\"_blank\" rel=\" noreferrer noopener\"><img loading=\"lazy\" decoding=\"async\" width=\"461\" height=\"260\" src=\"https:\/\/oma.skoletjenesten.no\/wp-content\/uploads\/2026\/02\/300-mill-tilfluktsromplasser_OK_Opera-Bilde_2026-02-28_150604_e-avis.aftenposten.no_.jpg\" alt=\"\" class=\"wp-image-4262\" srcset=\"https:\/\/oma.skoletjenesten.no\/wp-content\/uploads\/2026\/02\/300-mill-tilfluktsromplasser_OK_Opera-Bilde_2026-02-28_150604_e-avis.aftenposten.no_.jpg 461w, https:\/\/oma.skoletjenesten.no\/wp-content\/uploads\/2026\/02\/300-mill-tilfluktsromplasser_OK_Opera-Bilde_2026-02-28_150604_e-avis.aftenposten.no_-300x169.jpg 300w\" sizes=\"auto, (max-width: 461px) 100vw, 461px\" \/><\/a><figcaption class=\"wp-element-caption\">Aftenposten 27. februar 2026. Klikk for \u00e5 lese hele oppslaget.<\/figcaption><\/figure>\n<\/div>\n\n\n<p class=\"260302\" id=\"260302\"><em><strong><a href=\"#260302\" data-type=\"internal\" data-id=\"#260302\">260302: Tilfluktsrom.<\/a><\/strong><\/em> If\u00f8lge Herman Osnes Opdal og Hannah Emilie B\u00f8thun i Aftenposten har vi i Norge plass til omtrent 300 millioner personer i landets omtrent 600 tilfluktsrom. Det er jo noen millioner mer enn folketallet, men kanskje de fleste tilfluktsrommene ligger i Finnmark? Uansett: Opplysningen st\u00e5r \u2013 av vanskelig forst\u00e5elige i grunner \u2013 under overskriften \u00abBehov for flere tilfluktsrom\u00bb.<\/p>\n\n\n\n<p><em><a href=\"mailto:ttt@skoletjenesten.no?cc=&amp;bcc=&amp;subject=Vv%20260302&amp;amptarget=\" target=\"_blank\" rel=\"noreferrer noopener\">Kommenter denne notisen<\/a><\/em><\/p>\n\n\n\n<p class=\"has-text-align-center\">\u058e\u058e\u058e<\/p>\n\n\n\n<p class=\"260301\" id=\"260301\"><em><strong>260301: Presidenter.<\/strong><\/em> Ayatollah Khamenei (fullt navn: Seyyed Ali Hosseini Khamenei) var \u2013 s\u00e5 vidt bloggeren kan forst\u00e5 \u2013 en av de f\u00f8rste som falt i den nye krigen i Midt\u00f8sten. Han var Irans president, og en landsmann av ham er president (stortingspresident) i Norge. Her er Masud Gharakhani formelt den som har h\u00f8yest rang etter kongen. Gharahkani kommer neppe til \u00e5 lide samme skjebne som Khamenei, men det blir jo spennende \u00e5 se hva som dukker opp i eventuelle nye Epstein-dokumenter.<\/p>\n\n\n\n<p>Ellers er det interessant \u00e5 legge merke til at den skattefinansierte radiokanalen NRK ikke kjenner den avd\u00f8de iranske presidentens navn \u2013 37 \u00e5r Etter at han tiltr\u00e5dte, og dagen etter at han omkom i et bombeangrep.<\/p>\n\n\n\n<figure class=\"wp-block-audio\"><audio controls src=\"https:\/\/oma.skoletjenesten.no\/wp-content\/uploads\/2026\/02\/Khamenei\u2013Uttale_260301-NRK-Dagsnytt1000_TetjeTobiasToenne.mp3\"><\/audio><figcaption class=\"wp-element-caption\">NRK Dagsnytt, Terje Tobias T\u00f8nne, 1. mars 2026 kl. 10:00 <\/figcaption><\/figure>\n\n\n\n<p><em><a href=\"mailto:ttt@skoletjenesten.no?cc=&amp;bcc=&amp;subject=Vv%20260301&amp;amptarget=\" target=\"_blank\" rel=\"noreferrer noopener\">Kommenter denne notisen<\/a><\/em><\/p>\n\n\n\n<p class=\"has-text-align-center\">\u058e\u058e\u058e<\/p>\n\n\n<div class=\"wp-block-image is-style-twentytwentyone-border\">\n<figure class=\"alignright size-large\"><a href=\"https:\/\/oma.skoletjenesten.no\/wp-content\/uploads\/2026\/02\/20_IMG_20260228_122407201-scaled.jpg\" target=\"_blank\" rel=\" noreferrer noopener\"><img loading=\"lazy\" decoding=\"async\" width=\"1024\" height=\"768\" src=\"https:\/\/oma.skoletjenesten.no\/wp-content\/uploads\/2026\/02\/20_IMG_20260228_122407201-1024x768.jpg\" alt=\"\" class=\"wp-image-4254\" srcset=\"https:\/\/oma.skoletjenesten.no\/wp-content\/uploads\/2026\/02\/20_IMG_20260228_122407201-1024x768.jpg 1024w, https:\/\/oma.skoletjenesten.no\/wp-content\/uploads\/2026\/02\/20_IMG_20260228_122407201-300x225.jpg 300w, https:\/\/oma.skoletjenesten.no\/wp-content\/uploads\/2026\/02\/20_IMG_20260228_122407201-768x576.jpg 768w, https:\/\/oma.skoletjenesten.no\/wp-content\/uploads\/2026\/02\/20_IMG_20260228_122407201-1536x1152.jpg 1536w, https:\/\/oma.skoletjenesten.no\/wp-content\/uploads\/2026\/02\/20_IMG_20260228_122407201-2048x1536.jpg 2048w, https:\/\/oma.skoletjenesten.no\/wp-content\/uploads\/2026\/02\/20_IMG_20260228_122407201-1568x1176.jpg 1568w\" sizes=\"auto, (max-width: 1024px) 100vw, 1024px\" \/><\/a><figcaption class=\"wp-element-caption\">Langsets g\u00e5rdsplass 28. februar 2026.<\/figcaption><\/figure>\n<\/div>\n\n\n<p class=\"260228-2\" id=\"260228-2\"><em><strong>260228-2: Klima-optimisme.<\/strong><\/em> Februar er den siste av de tre vinterm\u00e5nedene. I dag er siste dag i februar, det er varmegrader og fortsatt tre uker til v\u00e5rjevnd\u00f8gn. Dette lover bra!<\/p>\n\n\n\n<p><em><a href=\"mailto:ttt@skoletjenesten.no?cc=&amp;bcc=&amp;subject=Vv%20260228-2&amp;amptarget=\" target=\"_blank\" rel=\"noreferrer noopener\">Kommenter denne notisen<\/a><\/em><\/p>\n\n\n\n<p class=\"has-text-align-center\">\u058e\u058e\u058e<\/p>\n\n\n\n<p class=\"260228-1\" id=\"260228-1\"><em><strong>260228-1: Absurditeter.<\/strong><\/em> Det skjer mye absurd i Orienten for tiden. Tenk om de som st\u00e5r bak absuditetene kunne ha n\u00f8yd seg med absurde tegneserier:<\/p>\n\n\n\n<figure class=\"wp-block-image size-large is-style-twentytwentyone-border\"><a href=\"https:\/\/oma.skoletjenesten.no\/wp-content\/uploads\/2026\/02\/10_Hestemedisin-Tserie_Opera-Bilde_2026-02-16_183653_e-avis.aftenposten.no_.png\" target=\"_blank\" rel=\" noreferrer noopener\"><img loading=\"lazy\" decoding=\"async\" width=\"1024\" height=\"324\" src=\"https:\/\/oma.skoletjenesten.no\/wp-content\/uploads\/2026\/02\/10_Hestemedisin-Tserie_Opera-Bilde_2026-02-16_183653_e-avis.aftenposten.no_-1024x324.png\" alt=\"\" class=\"wp-image-4253\" srcset=\"https:\/\/oma.skoletjenesten.no\/wp-content\/uploads\/2026\/02\/10_Hestemedisin-Tserie_Opera-Bilde_2026-02-16_183653_e-avis.aftenposten.no_-1024x324.png 1024w, https:\/\/oma.skoletjenesten.no\/wp-content\/uploads\/2026\/02\/10_Hestemedisin-Tserie_Opera-Bilde_2026-02-16_183653_e-avis.aftenposten.no_-300x95.png 300w, https:\/\/oma.skoletjenesten.no\/wp-content\/uploads\/2026\/02\/10_Hestemedisin-Tserie_Opera-Bilde_2026-02-16_183653_e-avis.aftenposten.no_-768x243.png 768w, https:\/\/oma.skoletjenesten.no\/wp-content\/uploads\/2026\/02\/10_Hestemedisin-Tserie_Opera-Bilde_2026-02-16_183653_e-avis.aftenposten.no_.png 1520w\" sizes=\"auto, (max-width: 1024px) 100vw, 1024px\" \/><\/a><\/figure>\n\n\n\n<p><em><a href=\"mailto:ttt@skoletjenesten.no?cc=&amp;bcc=&amp;subject=Vv%20260228-1&amp;amptarget=\" target=\"_blank\" rel=\"noreferrer noopener\">Kommenter denne notisen<\/a><\/em><\/p>\n\n\n\n<p class=\"has-text-align-center\"><\/p>\n\n\n\n<p><\/p>\n","protected":false},"excerpt":{"rendered":"<p>260228-1: Absurditeter260228-2: Klima-optimisme260301..: Presidenter260302..: Tilfluktsrom260303..: Erik Bye260304..: Rytmeinstrument260305..: Beredskap260306..: Fugle\u00f8yne 260306: Fugle\u00f8yne. Denne notisen er skrevet med \u00e9n ekte og \u00e9n kunstig pupill. Bloggeren ble operert for katarakt (gr\u00e5 st\u00e6r) i g\u00e5r. Han har med andre ord f\u00e5tt et nytt syn p\u00e5 tilv\u00e6relsen. Kommenter denne notisen \u058e\u058e\u058e 260305: Beredskap. Kan vi stole p\u00e5 myndighetene i&hellip; <a class=\"more-link\" href=\"https:\/\/oma.skoletjenesten.no\/?p=4245\">Fortsett \u00e5 lese <span class=\"screen-reader-text\">\u058e\u058e Virtuell virkelighet \u058e\u058e Uke 10\/26<\/span><\/a><\/p>\n","protected":false},"author":1,"featured_media":0,"comment_status":"open","ping_status":"open","sticky":false,"template":"","format":"standard","meta":{"footnotes":""},"categories":[11],"tags":[],"class_list":["post-4245","post","type-post","status-publish","format-standard","hentry","category-alternative-fakta","entry"],"_links":{"self":[{"href":"https:\/\/oma.skoletjenesten.no\/index.php?rest_route=\/wp\/v2\/posts\/4245","targetHints":{"allow":["GET"]}}],"collection":[{"href":"https:\/\/oma.skoletjenesten.no\/index.php?rest_route=\/wp\/v2\/posts"}],"about":[{"href":"https:\/\/oma.skoletjenesten.no\/index.php?rest_route=\/wp\/v2\/types\/post"}],"author":[{"embeddable":true,"href":"https:\/\/oma.skoletjenesten.no\/index.php?rest_route=\/wp\/v2\/users\/1"}],"replies":[{"embeddable":true,"href":"https:\/\/oma.skoletjenesten.no\/index.php?rest_route=%2Fwp%2Fv2%2Fcomments&post=4245"}],"version-history":[{"count":29,"href":"https:\/\/oma.skoletjenesten.no\/index.php?rest_route=\/wp\/v2\/posts\/4245\/revisions"}],"predecessor-version":[{"id":4315,"href":"https:\/\/oma.skoletjenesten.no\/index.php?rest_route=\/wp\/v2\/posts\/4245\/revisions\/4315"}],"wp:attachment":[{"href":"https:\/\/oma.skoletjenesten.no\/index.php?rest_route=%2Fwp%2Fv2%2Fmedia&parent=4245"}],"wp:term":[{"taxonomy":"category","embeddable":true,"href":"https:\/\/oma.skoletjenesten.no\/index.php?rest_route=%2Fwp%2Fv2%2Fcategories&post=4245"},{"taxonomy":"post_tag","embeddable":true,"href":"https:\/\/oma.skoletjenesten.no\/index.php?rest_route=%2Fwp%2Fv2%2Ftags&post=4245"}],"curies":[{"name":"wp","href":"https:\/\/api.w.org\/{rel}","templated":true}]}}