{"id":4142,"date":"2026-02-15T13:08:52","date_gmt":"2026-02-15T13:08:52","guid":{"rendered":"https:\/\/oma.skoletjenesten.no\/?p=4142"},"modified":"2026-02-20T15:14:23","modified_gmt":"2026-02-20T15:14:23","slug":"%d6%8e%d6%8e-virtuell-virkelighet-%d6%8e%d6%8e-14-02-26","status":"publish","type":"post","link":"https:\/\/oma.skoletjenesten.no\/?p=4142","title":{"rendered":"\u058e\u058e Virtuell virkelighet \u058e\u058e uke 8\/26"},"content":{"rendered":"<div class=\"wp-block-image is-style-twentytwentyone-border\">\n<figure class=\"aligncenter size-large is-resized\"><a href=\"https:\/\/oma.skoletjenesten.no\/?p=3997#260206\" target=\"_blank\" rel=\" noreferrer noopener\"><img decoding=\"async\" src=\"https:\/\/oma.skoletjenesten.no\/wp-content\/uploads\/2026\/01\/OLfri-soneOK2.jpg\" alt=\"\" style=\"width:300px\"\/><\/a><\/figure>\n<\/div>\n\n\n<hr class=\"wp-block-separator has-alpha-channel-opacity\"\/>\n\n\n\n<p><em>Denne spalten oppdateres daglig. Kommende uke (21-27.02) er daglig oppdatering \u00e5 finne p\u00e5<\/em> <a href=\"https:\/\/oma.skoletjenesten.no\/?p=4195\">https:\/\/oma.skoletjenesten.no\/?p=4195<\/a><\/p>\n\n\n\n<p><a href=\"#260214\" data-type=\"internal\" data-id=\"#260214\">260214: M\u00fcnchen (x)<\/a><br><a href=\"#260215\" data-type=\"internal\" data-id=\"#260215\">260215: Ella!<\/a><br><a href=\"#260216\" data-type=\"internal\" data-id=\"#260216\">260216: Kriseh\u00e5ndtering<\/a><br><a href=\"#260217\" data-type=\"internal\" data-id=\"#260217\">260217: Nytt\u00e5r<\/a><br><a href=\"#260218\" data-type=\"internal\" data-id=\"#260218\">260218: E-saker<\/a><br><a href=\"#260219\" data-type=\"internal\" data-id=\"#260219\">260219: Navneuttale<\/a><br><a href=\"#260220\" data-type=\"internal\" data-id=\"#260219\">260220: Krystallkulenytt<\/a><\/p>\n\n\n\n<hr class=\"wp-block-separator has-alpha-channel-opacity\"\/>\n\n\n\n<p id=\"260220\"><em><strong>260220: Krystallkulenytt.<\/strong><\/em> En gang handlet nyhetssendingene om det som hadde hendt. N\u00e5 er journalistene mer opptatt av \u00e5 f\u00e5 vite hva som kommer til \u00e5 hende. Men det er sjelden det illustreres s\u00e5 klart kom her:<\/p>\n\n\n\n<figure class=\"wp-block-audio\"><audio controls src=\"https:\/\/oma.skoletjenesten.no\/wp-content\/uploads\/2026\/02\/Hva-skal-skje-naa_260219_NRK-AlltidNyheter_IdaCreed_-1.mp3\"><\/audio><figcaption class=\"wp-element-caption\">NRK Alltid nyheter 19. februar 2026, Ida Creed.<\/figcaption><\/figure>\n\n\n\n<p><em><a href=\"mailto:ttt@skoletjenesten.no?cc=&amp;bcc=&amp;subject=Vv%20260220&amp;amptarget=\" target=\"_blank\" rel=\"noreferrer noopener\">Kommenter denne notisen<\/a><\/em><\/p>\n\n\n\n<p class=\"has-text-align-center\">\u058e\u058e\u058e<\/p>\n\n\n\n<p id=\"260219\"><em><strong>260219: Navneuttale.<\/strong><\/em> Den skattefinansierte radiokanalen NRK har n\u00e5 begynt \u00e5 uttale norske navn slik de skrives \u2013 dvs. bokstavrett. Navnet <em>J\u00e6ge<\/em>r \u2013 uttalt med tydelig \u00e6-lyd \u2013 har v\u00e6rt nevnt <a href=\"https:\/\/oma.skoletjenesten.no\/?p=2449\/#j\u00e6ger\" data-type=\"link\" data-id=\"https:\/\/oma.skoletjenesten.no\/?p=2449\/#j\u00e6ger\" target=\"_blank\" rel=\"noreferrer noopener\">tidligere i blogge<\/a>n. Kl\u00e6bo faller i samme gruppe.<\/p>\n\n\n\n<figure class=\"wp-block-audio\"><audio controls src=\"https:\/\/oma.skoletjenesten.no\/wp-content\/uploads\/2026\/02\/KlAEbo\u2013Uttale.mp3\"><\/audio><figcaption class=\"wp-element-caption\">NRK Alltid nyheter 18. februar 2026.<\/figcaption><\/figure>\n\n\n\n<p>Det nye er uttalen av det som til n\u00e5 har v\u00e6rt stum <span style=\"text-decoration: underline;\">e<\/span>, som i Eirik La<span style=\"text-decoration: underline;\">e<\/span> Solberg.<\/p>\n\n\n\n<figure class=\"wp-block-audio\"><audio controls src=\"https:\/\/oma.skoletjenesten.no\/wp-content\/uploads\/2026\/02\/LaE\u2013Utale._260218_NRK-Dagssnytt0730_MaritBalsvikWinge_.mp3\"><\/audio><figcaption class=\"wp-element-caption\">NRK Alltid nyheter 18. februar 2026<\/figcaption><\/figure>\n\n\n\n<p>Bloggeren ser frem til \u00e5 h\u00f8re om FNs f\u00f8rste generalsekret\u00e6r Trygve Li<span style=\"text-decoration: underline;\">e<\/span> og om eventyrsamlerne Asbj\u00f8rnsen og Mo<span style=\"text-decoration: underline;\">e<\/span>.<\/p>\n\n\n\n<p><em><a href=\"mailto:ttt@skoletjenesten.no?cc=&amp;bcc=&amp;subject=Vv%20260219&amp;amptarget=\" target=\"_blank\" rel=\"noreferrer noopener\">Kommenter denne notisen<\/a><\/em><\/p>\n\n\n\n<p class=\"has-text-align-center\">\u058e\u058e\u058e<\/p>\n\n\n<div class=\"wp-block-image is-style-twentytwentyone-border\">\n<figure class=\"alignright size-large\"><a href=\"http:\/\/ttt.skoletjenesten.no\/wp-content\/uploads\/2025\/02\/Epstein%E2%80%93Etterpaaklokskap_Aftenposten%2017.%20februar%202026.pdf\" target=\"_blank\" rel=\" noreferrer noopener\"><img loading=\"lazy\" decoding=\"async\" width=\"1024\" height=\"736\" src=\"https:\/\/oma.skoletjenesten.no\/wp-content\/uploads\/2026\/02\/Epstein\u2013Etterpaaklokskap_OK_Aftenposten-17.-februar-2026_e-avis.aftenposten.no_-1024x736.jpg\" alt=\"\" class=\"wp-image-4170\" srcset=\"https:\/\/oma.skoletjenesten.no\/wp-content\/uploads\/2026\/02\/Epstein\u2013Etterpaaklokskap_OK_Aftenposten-17.-februar-2026_e-avis.aftenposten.no_-1024x736.jpg 1024w, https:\/\/oma.skoletjenesten.no\/wp-content\/uploads\/2026\/02\/Epstein\u2013Etterpaaklokskap_OK_Aftenposten-17.-februar-2026_e-avis.aftenposten.no_-300x216.jpg 300w, https:\/\/oma.skoletjenesten.no\/wp-content\/uploads\/2026\/02\/Epstein\u2013Etterpaaklokskap_OK_Aftenposten-17.-februar-2026_e-avis.aftenposten.no_-768x552.jpg 768w, https:\/\/oma.skoletjenesten.no\/wp-content\/uploads\/2026\/02\/Epstein\u2013Etterpaaklokskap_OK_Aftenposten-17.-februar-2026_e-avis.aftenposten.no_.jpg 1045w\" sizes=\"auto, (max-width: 1024px) 100vw, 1024px\" \/><\/a><figcaption class=\"wp-element-caption\">Aftenposten 17. februar 2026. Klikk for \u00e5 lese.<\/figcaption><\/figure>\n<\/div>\n\n\n<p id=\"260218\"><em><strong>260218: E-saker.<\/strong><\/em> \u00abEpstein-saken\u00bb er egentlig flere saker. Utgangspunktet er en overgrepssak i Sambandsstatene. Avsl\u00f8ringene der \u2013 s\u00e6rlig i de frigitte filene fra etterforskningen \u2013 har s\u00e5 f\u00f8rt til saker i flere andre land. Den norske varianten kunne vi godt kalle \u00ab<a href=\"https:\/\/naob.no\/ordbok\/kokkelimonke_2\" data-type=\"link\" data-id=\"https:\/\/naob.no\/ordbok\/kokkelimonke_2\" target=\"_blank\" rel=\"noreferrer noopener\">kokkelimonke<\/a>-saken\u00bb; med tiden blir kanskje ogs\u00e5 den knyttet til et personnavn. For bloggeren virker det som om kokkelimonke-saken handler om to grupperinger: Den ene med folk som bevisst har bedrevet kokkelimonke, den andre med folk som p\u00e5 forskjellige vis har rotet seg bort i dette. Det er vel s\u00e6rlig den siste gruppen professorene Thorvald H\u00e6rem og Jan Kjetil Arnulf skriver om i Aftenposten-kronikken <em>Etterp\u00e5klokskap \u00f8ker skammen<\/em> (se hosst\u00e5ende klipp).<\/p>\n\n\n\n<p><em><a href=\"mailto:ttt@skoletjenesten.no?cc=&amp;bcc=&amp;subject=Vv%20260218&amp;amptarget=\" target=\"_blank\" rel=\"noreferrer noopener\">Kommenter denne notisen<\/a><\/em><\/p>\n\n\n\n<p class=\"has-text-align-center\">\u058e\u058e\u058e<\/p>\n\n\n\n<p id=\"260217\"><em><strong>260217: Nytt\u00e5r.<\/strong><\/em> I dag begynner omtrent 16 prosent av verdens befolkning p\u00e5 et nytt \u00e5r; det er kinesisk nytt\u00e5r. Kina bruker samme kalender som oss \u00abtil hverdags\u00bb, men etter tradisjonell kinesisk kalender er det i dag f\u00f8rste dag i <em>hestens \u00e5r<\/em>. Den som vil gj\u00f8re seg kjent med sitt kinesiske dyretegn, kan bruke en <a href=\"https:\/\/no.wikipedia.org\/wiki\/Den_kinesiske_kalender#Sekstisyklusen\" data-type=\"link\" data-id=\"https:\/\/no.wikipedia.org\/wiki\/Den_kinesiske_kalender#Sekstisyklusen\" target=\"_blank\" rel=\"noreferrer noopener\">tabell<\/a> i Wikipedia-artikkelen om kinesisk kalender (bloggeren er hund). I den skattefinansierte radiokanalen NRK fortalte Philip Lothe om mattradisjoner i forbindelse med den kinesiske nytt\u00e5rsfeiringen. For \u00e5 vise at NRK ikke tar hensyn hverken til udemokratiske verdensmakter eller til sine lyttere, er innslaget gjort med d\u00e5rlig mikrofon og mye bakgrunnsst\u00f8y:<\/p>\n\n\n\n<figure class=\"wp-block-audio\"><audio controls src=\"https:\/\/oma.skoletjenesten.no\/wp-content\/uploads\/2026\/02\/20_NRKlyd-Daarlig-mikrofon-Bakgrunnsstoy_260217_NRK-AlltidNyheter_PhilipLote_Om-kinesisk-nyttaar.mp3\"><\/audio><figcaption class=\"wp-element-caption\">NRK Alltid Nyheter 17. februar 2026. Opptak fra mobiltelefon.<\/figcaption><\/figure>\n\n\n\n<p><em><a href=\"mailto:ttt@skoletjenesten.no?cc=&amp;bcc=&amp;subject=Vv%20260217&amp;amptarget=\" target=\"_blank\" rel=\"noreferrer noopener\">Kommenter denne notisen<\/a><\/em><\/p>\n\n\n\n<p class=\"has-text-align-center\">\u058e\u058e\u058e<\/p>\n\n\n\n<p id=\"260216\"><em><strong>260216: Kriseh\u00e5ndtering.<\/strong><\/em> \u00abN\u00e5r verden g\u00e5r meg imot, og det unnlater den sjelden \u00e5 gj\u00f8re n\u00e5r det gis noen leilighet til det, \u2026\u00bb skrev Peter Christen Asbj\u00f8rnsen i fortellingen <em><a href=\"https:\/\/runeberg.org\/folkeven\/001.html\" data-type=\"link\" data-id=\"https:\/\/runeberg.org\/folkeven\/001.html\" target=\"_blank\" rel=\"noreferrer noopener\">Kvernsagn<\/a><\/em>. I slike situasjoner er det godt \u00e5 m\u00f8te empati:<\/p>\n\n\n\n<figure class=\"wp-block-image size-large\"><a href=\"https:\/\/oma.skoletjenesten.no\/wp-content\/uploads\/2026\/02\/Empati-serie_Opera-Bilde_2026-02-15_120416_e-avis.aftenposten.no_.png\" target=\"_blank\" rel=\" noreferrer noopener\"><img loading=\"lazy\" decoding=\"async\" width=\"1024\" height=\"339\" src=\"https:\/\/oma.skoletjenesten.no\/wp-content\/uploads\/2026\/02\/Empati-serie_Opera-Bilde_2026-02-15_120416_e-avis.aftenposten.no_-1024x339.png\" alt=\"\" class=\"wp-image-4157\" srcset=\"https:\/\/oma.skoletjenesten.no\/wp-content\/uploads\/2026\/02\/Empati-serie_Opera-Bilde_2026-02-15_120416_e-avis.aftenposten.no_-1024x339.png 1024w, https:\/\/oma.skoletjenesten.no\/wp-content\/uploads\/2026\/02\/Empati-serie_Opera-Bilde_2026-02-15_120416_e-avis.aftenposten.no_-300x99.png 300w, https:\/\/oma.skoletjenesten.no\/wp-content\/uploads\/2026\/02\/Empati-serie_Opera-Bilde_2026-02-15_120416_e-avis.aftenposten.no_-768x254.png 768w, https:\/\/oma.skoletjenesten.no\/wp-content\/uploads\/2026\/02\/Empati-serie_Opera-Bilde_2026-02-15_120416_e-avis.aftenposten.no_.png 1110w\" sizes=\"auto, (max-width: 1024px) 100vw, 1024px\" \/><\/a><\/figure>\n\n\n\n<p><em><a href=\"mailto:ttt@skoletjenesten.no?cc=&amp;bcc=&amp;subject=Vv%20260216&amp;amptarget=\" target=\"_blank\" rel=\"noreferrer noopener\">Kommenter denne notisen<\/a><\/em><\/p>\n\n\n\n<p class=\"has-text-align-center\">\u058e\u058e\u058e<\/p>\n\n\n\n<p id=\"260215\"><em><strong>260215: Ella! <\/strong>Old MacDonald had a farm<\/em> er en kjent barnesang. N\u00e5r den synges av Ella Fitzgerald, blir den helt ny.<\/p>\n\n\n\n<figure class=\"wp-block-embed is-type-video is-provider-youtube wp-block-embed-youtube wp-embed-aspect-4-3 wp-has-aspect-ratio\"><div class=\"wp-block-embed__wrapper\">\n<iframe loading=\"lazy\" title=\"Ella Fitzgerald &quot;Old MacDonald Had A Farm&quot; on The Ed Sullivan Show\" width=\"750\" height=\"563\" src=\"https:\/\/www.youtube.com\/embed\/7mLslJMxPvQ?feature=oembed\" frameborder=\"0\" allow=\"accelerometer; autoplay; clipboard-write; encrypted-media; gyroscope; picture-in-picture; web-share\" referrerpolicy=\"strict-origin-when-cross-origin\" allowfullscreen><\/iframe>\n<\/div><\/figure>\n\n\n\n<p><em><a href=\"mailto:ttt@skoletjenesten.no?cc=&amp;bcc=&amp;subject=Vv%20260215&amp;amptarget=\" target=\"_blank\" rel=\"noreferrer noopener\">Kommenter denne notisen<\/a><\/em><\/p>\n\n\n\n<p class=\"has-text-align-center\">\u058e\u058e\u058e<\/p>\n\n\n\n<p id=\"260214\"><em><strong>260214: M\u00fcnchen.<\/strong><\/em> Denne uken foreg\u00e5r den \u00e5rlige sikkerhetskonferansen i M\u00fcnchen. Det har skjedd ting i M\u00fcnchen tidligere \u2013 i 1938, 1972 og 2007 \u2013 og sikkerhetskonferansen har en viss tilknytning til norsk politikk <em><a href=\"https:\/\/oma.skoletjenesten.no\/?page_id=4140\" data-type=\"link\" data-id=\"https:\/\/oma.skoletjenesten.no\/?page_id=4140\" target=\"_blank\" rel=\"noreferrer noopener\">Les mer &#8230;<\/a><\/em><\/p>\n\n\n\n<p><em><a href=\"mailto:ttt@skoletjenesten.no?cc=&amp;bcc=&amp;subject=Vv%20260214&amp;amptarget=\" target=\"_blank\" rel=\"noreferrer noopener\">Kommenter denne notisen<\/a><\/em><\/p>\n","protected":false},"excerpt":{"rendered":"<p>Denne spalten oppdateres daglig. Kommende uke (21-27.02) er daglig oppdatering \u00e5 finne p\u00e5 https:\/\/oma.skoletjenesten.no\/?p=4195 260214: M\u00fcnchen (x)260215: Ella!260216: Kriseh\u00e5ndtering260217: Nytt\u00e5r260218: E-saker260219: Navneuttale260220: Krystallkulenytt 260220: Krystallkulenytt. En gang handlet nyhetssendingene om det som hadde hendt. N\u00e5 er journalistene mer opptatt av \u00e5 f\u00e5 vite hva som kommer til \u00e5 hende. Men det er sjelden det illustreres&hellip; <a class=\"more-link\" href=\"https:\/\/oma.skoletjenesten.no\/?p=4142\">Fortsett \u00e5 lese <span class=\"screen-reader-text\">\u058e\u058e Virtuell virkelighet \u058e\u058e uke 8\/26<\/span><\/a><\/p>\n","protected":false},"author":1,"featured_media":0,"comment_status":"open","ping_status":"open","sticky":false,"template":"","format":"standard","meta":{"footnotes":""},"categories":[11],"tags":[],"class_list":["post-4142","post","type-post","status-publish","format-standard","hentry","category-alternative-fakta","entry"],"_links":{"self":[{"href":"https:\/\/oma.skoletjenesten.no\/index.php?rest_route=\/wp\/v2\/posts\/4142","targetHints":{"allow":["GET"]}}],"collection":[{"href":"https:\/\/oma.skoletjenesten.no\/index.php?rest_route=\/wp\/v2\/posts"}],"about":[{"href":"https:\/\/oma.skoletjenesten.no\/index.php?rest_route=\/wp\/v2\/types\/post"}],"author":[{"embeddable":true,"href":"https:\/\/oma.skoletjenesten.no\/index.php?rest_route=\/wp\/v2\/users\/1"}],"replies":[{"embeddable":true,"href":"https:\/\/oma.skoletjenesten.no\/index.php?rest_route=%2Fwp%2Fv2%2Fcomments&post=4142"}],"version-history":[{"count":19,"href":"https:\/\/oma.skoletjenesten.no\/index.php?rest_route=\/wp\/v2\/posts\/4142\/revisions"}],"predecessor-version":[{"id":4200,"href":"https:\/\/oma.skoletjenesten.no\/index.php?rest_route=\/wp\/v2\/posts\/4142\/revisions\/4200"}],"wp:attachment":[{"href":"https:\/\/oma.skoletjenesten.no\/index.php?rest_route=%2Fwp%2Fv2%2Fmedia&parent=4142"}],"wp:term":[{"taxonomy":"category","embeddable":true,"href":"https:\/\/oma.skoletjenesten.no\/index.php?rest_route=%2Fwp%2Fv2%2Fcategories&post=4142"},{"taxonomy":"post_tag","embeddable":true,"href":"https:\/\/oma.skoletjenesten.no\/index.php?rest_route=%2Fwp%2Fv2%2Ftags&post=4142"}],"curies":[{"name":"wp","href":"https:\/\/api.w.org\/{rel}","templated":true}]}}