{"id":4074,"date":"2026-02-07T14:04:00","date_gmt":"2026-02-07T14:04:00","guid":{"rendered":"https:\/\/oma.skoletjenesten.no\/?p=4074"},"modified":"2026-02-13T15:19:00","modified_gmt":"2026-02-13T15:19:00","slug":"%d6%8e%d6%8e-virtuell-virkelighet-%d6%8e%d6%8e-pr-7-februar-2026","status":"publish","type":"post","link":"https:\/\/oma.skoletjenesten.no\/?p=4074","title":{"rendered":"\u058e\u058e Virtuell virkelighet \u058e\u058e  uke 7\/26"},"content":{"rendered":"<div class=\"wp-block-image is-style-twentytwentyone-border\">\n<figure class=\"aligncenter size-large is-resized\"><a href=\"https:\/\/oma.skoletjenesten.no\/?p=3997#260206\" target=\"_blank\" rel=\" noreferrer noopener\"><img decoding=\"async\" src=\"https:\/\/oma.skoletjenesten.no\/wp-content\/uploads\/2026\/01\/OLfri-soneOK2.jpg\" alt=\"\" style=\"width:300px\"\/><\/a><\/figure>\n<\/div>\n\n\n<hr class=\"wp-block-separator has-alpha-channel-opacity\"\/>\n\n\n\n<p id=\"260213\"><a href=\"#260207\" data-type=\"internal\" data-id=\"#260207\">260207..: Naturkatastrofe<\/a><br><a href=\"#260208\" data-type=\"internal\" data-id=\"#260208..\">260208..: Medietrykk (x)<\/a><br><a href=\"#260209\" data-type=\"internal\" data-id=\"#260209\">260209..: TV-hets<\/a><br><a href=\"#260210\">260210..: Ekte<\/a><br><a href=\"#260211-1\" data-type=\"internal\" data-id=\"#260211-1\">260211-1: Forskudd<\/a><br><a href=\"#260211-2\" data-type=\"internal\" data-id=\"#260211-2\">260211-2: Alvor!<\/a><br><a href=\"#260212-1\" data-type=\"internal\" data-id=\"#260212-1\">260212-1: Stille protest (x)<\/a><br><a href=\"#260212-2\" data-type=\"internal\" data-id=\"#260212-2\">260212-2: \u00d8y-rykter<\/a><br><a href=\"#260213\" data-type=\"internal\" data-id=\"#260213\">260213..: H\u00f8yttenking<\/a><\/p>\n\n\n\n<p><em><strong>260213: H\u00f8yttenking.<\/strong> <\/em> En kommentar og en kronikk i Aftenposten er eksempler p\u00e5 at det g\u00e5r an \u00e5 tenke prinsipielt om saker der mange har en bastant mening. <a href=\"https:\/\/no.wikipedia.org\/wiki\/Frank_Rossavik\" data-type=\"link\" data-id=\"https:\/\/no.wikipedia.org\/wiki\/Frank_Rossavik\" target=\"_blank\" rel=\"noreferrer noopener\">Frank Rossavik<\/a> skriver i sin kommentar om st\u00f8tte til religi\u00f8se trossamfunn. <a href=\"https:\/\/no.wikipedia.org\/wiki\/Carl-Erik_Grimstad\" data-type=\"link\" data-id=\"https:\/\/no.wikipedia.org\/wiki\/Carl-Erik_Grimstad\" target=\"_blank\" rel=\"noreferrer noopener\">Carl-Erik Grimstads<\/a> kronikk handler om det norske monarkiet. Klikk nedenfor og les!<\/p>\n\n\n\n<div class=\"wp-block-columns is-layout-flex wp-container-core-columns-is-layout-9d6595d7 wp-block-columns-is-layout-flex\">\n<div class=\"wp-block-column is-layout-flow wp-block-column-is-layout-flow\">\n<figure class=\"wp-block-image size-full is-style-twentytwentyone-border\"><a href=\"http:\/\/ttt.skoletjenesten.no\/wp-content\/uploads\/2025\/02\/JehovasVitner---Hoyesterett_Aftenposten%204.%20februar%202026.pdf\" target=\"_blank\" rel=\" noreferrer noopener\"><img loading=\"lazy\" decoding=\"async\" width=\"495\" height=\"725\" src=\"https:\/\/oma.skoletjenesten.no\/wp-content\/uploads\/2026\/02\/JehovasVitner-Hoyesterett_Aftenposten-4.-februar-2026_Opera-Bilde_2026-02-12_170559.png\" alt=\"\" class=\"wp-image-4127\" srcset=\"https:\/\/oma.skoletjenesten.no\/wp-content\/uploads\/2026\/02\/JehovasVitner-Hoyesterett_Aftenposten-4.-februar-2026_Opera-Bilde_2026-02-12_170559.png 495w, https:\/\/oma.skoletjenesten.no\/wp-content\/uploads\/2026\/02\/JehovasVitner-Hoyesterett_Aftenposten-4.-februar-2026_Opera-Bilde_2026-02-12_170559-205x300.png 205w\" sizes=\"auto, (max-width: 495px) 100vw, 495px\" \/><\/a><figcaption class=\"wp-element-caption\">Frank Rossavik i Aftenposten 4. februar 2026. Klikk for \u00e5 lese.<\/figcaption><\/figure>\n<\/div>\n\n\n\n<div class=\"wp-block-column is-layout-flow wp-block-column-is-layout-flow\">\n<figure class=\"wp-block-image size-full is-style-twentytwentyone-border\"><a href=\"http:\/\/ttt.skoletjenesten.no\/wp-content\/uploads\/2025\/02\/Kongedoemme---Revisjonsforslag_Aftenposten%205.%20februar%202026.pdf\" target=\"_blank\" rel=\" noreferrer noopener\"><img loading=\"lazy\" decoding=\"async\" width=\"526\" height=\"729\" src=\"https:\/\/oma.skoletjenesten.no\/wp-content\/uploads\/2026\/02\/Kongedoemme-Revisjonsforslag_Aftenposten20februar202026.png\" alt=\"\" class=\"wp-image-4128\" srcset=\"https:\/\/oma.skoletjenesten.no\/wp-content\/uploads\/2026\/02\/Kongedoemme-Revisjonsforslag_Aftenposten20februar202026.png 526w, https:\/\/oma.skoletjenesten.no\/wp-content\/uploads\/2026\/02\/Kongedoemme-Revisjonsforslag_Aftenposten20februar202026-216x300.png 216w\" sizes=\"auto, (max-width: 526px) 100vw, 526px\" \/><\/a><figcaption class=\"wp-element-caption\">Carl-Erik Grimstad i Aftenposten 5. februar 2026. Klikk for \u00e5 lese.<\/figcaption><\/figure>\n<\/div>\n<\/div>\n\n\n\n<p><em><a href=\"mailto:ttt@skoletjenesten.no?cc=&amp;bcc=&amp;subject=Vv%20260213&amp;amptarget=\" target=\"_blank\" rel=\"noreferrer noopener\">Kommenter denne notisen<\/a><\/em><\/p>\n\n\n\n<p class=\"has-text-align-center\">\u058e\u058e\u058e<\/p>\n\n\n\n<p id=\"260212-2\"><em><strong>260212-2: \u00d8y-rykter.<\/strong><\/em> Her er noen gode men ubekreftede rykter om president Donald i Sambandsstatene:<\/p>\n\n\n\n<p>Donald har vist en p\u00e5fallende interesse for \u00f8yer. Allerede som president nr. 45 uttalte han seg om Puerto Rico, og fikk mye negativ omtale p\u00e5 grunn av det. Det kan v\u00e6re av noe bakgrunnen for at han som president nummer 47 har snakket s\u00e5 mye om Gr\u00f8nland \u2013 kanskje for \u00e5 f\u00e5 en slags temperaturmessig balanse.<\/p>\n\n\n\n<p>Jeffrey Epstein eide en \u00f8y. Donald trodde \u2013 av forst\u00e5elige grunner \u2013 at det var snakk om Isle of Man. Da det viste seg \u00e5 v\u00e6re en vanlig karibisk \u00f8y, br\u00f8t Donald forbindelsen med Epstein. Han hadde sett for seg en mulighet for \u00e5 p\u00e5virke Storbritannia fra Isle of Man.<\/p>\n\n\n\n<p><em><a href=\"mailto:ttt@skoletjenesten.no?cc=&amp;bcc=&amp;subject=Vv%20260212-2&amp;amptarget=\" target=\"_blank\" rel=\"noreferrer noopener\">Kommenter denne notisen<\/a><\/em><\/p>\n\n\n\n<p class=\"has-text-align-center\">\u058e\u058e\u058e<\/p>\n\n\n<div class=\"wp-block-image is-style-twentytwentyone-border\">\n<figure class=\"alignright size-full\"><a href=\"http:\/\/ttt.skoletjenesten.no\/wp-content\/uploads\/2025\/02\/10_Nisselueforbud_Aftenposten%202.%20februar%202026.pdf\" target=\"_blank\" rel=\" noreferrer noopener\"><img loading=\"lazy\" decoding=\"async\" width=\"514\" height=\"740\" src=\"https:\/\/oma.skoletjenesten.no\/wp-content\/uploads\/2026\/02\/10_Nisselueforbud_Aftenposten-2.-februar-2026Opera-Bilde_2026-02-12_132454_10_Nisselueforbud_Aftenposten20februar202026.pdf.png\" alt=\"\" class=\"wp-image-4122\" srcset=\"https:\/\/oma.skoletjenesten.no\/wp-content\/uploads\/2026\/02\/10_Nisselueforbud_Aftenposten-2.-februar-2026Opera-Bilde_2026-02-12_132454_10_Nisselueforbud_Aftenposten20februar202026.pdf.png 514w, https:\/\/oma.skoletjenesten.no\/wp-content\/uploads\/2026\/02\/10_Nisselueforbud_Aftenposten-2.-februar-2026Opera-Bilde_2026-02-12_132454_10_Nisselueforbud_Aftenposten20februar202026.pdf-208x300.png 208w\" sizes=\"auto, (max-width: 514px) 100vw, 514px\" \/><\/a><figcaption class=\"wp-element-caption\">Aftenposten 2. februar 2026 Klikk for \u00e5 lese.<\/figcaption><\/figure>\n<\/div>\n\n\n<p id=\"260212-1\"><em><strong>260212-1: Stille protest. <\/strong><\/em>Minnesota er en av de USAnske statene som har st\u00f8rst andel norsk-\u00e6ttet befolkning. S\u00e5 det er stor mulighet for at flere av dem man har sett delta i protestdemonstrasjoner mot innvandringsspolitiet ICE, har slektninger her til lands. Kanskje er det ogs\u00e5 bakgrunnen for at r\u00f8de nisseluer har blitt tatt i bruk som \u00abdemonstrasjonsplagg\u00bb etter m\u00f8nster fra Norge under den tyske okkupasjonen 1940-45. R\u00f8de toppluer var \u00e9n av flere stille demonstrasjonsformer mot tyskerne og NS. <em><a href=\"https:\/\/oma.skoletjenesten.no\/?page_id=4118\" data-type=\"link\" data-id=\"https:\/\/oma.skoletjenesten.no\/?page_id=4118\" target=\"_blank\" rel=\"noreferrer noopener\">Les mer &#8230;<\/a><\/em><\/p>\n\n\n\n<p><em><a href=\"mailto:ttt@skoletjenesten.no?cc=&amp;bcc=&amp;subject=Vv%20260212-1&amp;amptarget=\" target=\"_blank\" rel=\"noreferrer noopener\">Kommenter denne notisen<\/a><\/em><\/p>\n\n\n\n<p class=\"has-text-align-center\">\u058e\u058e\u058e<\/p>\n\n\n\n<p id=\"260211-2\"><em><strong>260211-2:  Alvor!<\/strong><\/em> Vi leker ikke skattefinansiert!<\/p>\n\n\n\n<div class=\"wp-block-columns is-layout-flex wp-container-core-columns-is-layout-9d6595d7 wp-block-columns-is-layout-flex\">\n<div class=\"wp-block-column is-layout-flow wp-block-column-is-layout-flow\" style=\"flex-basis:25%\"><\/div>\n\n\n\n<div class=\"wp-block-column is-layout-flow wp-block-column-is-layout-flow\" style=\"flex-basis:50%\">\n<figure class=\"wp-block-video\"><video height=\"490\" style=\"aspect-ratio: 402 \/ 490;\" width=\"402\" controls src=\"https:\/\/oma.skoletjenesten.no\/wp-content\/uploads\/2026\/02\/Glem-rentekutt_260210_NRK-Dagsreevyen_IdaCreed_Intro-1.mp4\"><\/video><\/figure>\n<\/div>\n\n\n\n<div class=\"wp-block-column is-layout-flow wp-block-column-is-layout-flow\" style=\"flex-basis:25%\"><\/div>\n<\/div>\n\n\n\n<p><em><a href=\"mailto:ttt@skoletjenesten.no?cc=&amp;bcc=&amp;subject=Vv%20260211-2&amp;amptarget=\" target=\"_blank\" rel=\"noreferrer noopener\">Kommenter denne notisen<\/a><\/em><\/p>\n\n\n\n<p class=\"has-text-align-center\">\u058e\u058e\u058e<\/p>\n\n\n<div class=\"wp-block-image is-style-twentytwentyone-border\">\n<figure class=\"alignright size-full\"><img loading=\"lazy\" decoding=\"async\" width=\"501\" height=\"616\" src=\"https:\/\/oma.skoletjenesten.no\/wp-content\/uploads\/2026\/02\/Bananer-Forskudd-paa-loenn_Opera-Bilde_2026-02-05_102952_e-avis.aftenposten.no_.png\" alt=\"\" class=\"wp-image-4114\" srcset=\"https:\/\/oma.skoletjenesten.no\/wp-content\/uploads\/2026\/02\/Bananer-Forskudd-paa-loenn_Opera-Bilde_2026-02-05_102952_e-avis.aftenposten.no_.png 501w, https:\/\/oma.skoletjenesten.no\/wp-content\/uploads\/2026\/02\/Bananer-Forskudd-paa-loenn_Opera-Bilde_2026-02-05_102952_e-avis.aftenposten.no_-244x300.png 244w\" sizes=\"auto, (max-width: 501px) 100vw, 501px\" \/><figcaption class=\"wp-element-caption\">Aftenposten 5.februar 2026.<\/figcaption><\/figure>\n<\/div>\n\n\n<p id=\"260211-1\"><em><strong>260211-1: Forskudd.<\/strong><\/em> Som det fremg\u00e5r av bildet ved siden av, har helse- og omsorgsminister Jan Christian Vestre f\u00e5tt forskudd p\u00e5 l\u00f8nn (ministeren til h\u00f8yre i bildet).<\/p>\n\n\n\n<p>.<\/p>\n\n\n\n<p>.<\/p>\n\n\n\n<p>.<\/p>\n\n\n\n<p><em><a href=\"mailto:ttt@skoletjenesten.no?cc=&amp;bcc=&amp;subject=Vv%20260211-1&amp;amptarget=\" target=\"_blank\" rel=\"noreferrer noopener\">Kommenter denne notisen<\/a><\/em><\/p>\n\n\n\n<p class=\"has-text-align-center\">\u058e\u058e\u058e<\/p>\n\n\n\n<p id=\"260210\"><em><strong>260210: Ekte. <\/strong><\/em><\/p>\n\n\n<div class=\"wp-block-image is-style-twentytwentyone-border\">\n<figure class=\"aligncenter size-full\"><img loading=\"lazy\" decoding=\"async\" width=\"257\" height=\"349\" src=\"https:\/\/oma.skoletjenesten.no\/wp-content\/uploads\/2026\/02\/Ekte-ming_Opera-Bilde_2026-02-09_204340_e-avis.aftenposten.no_.png\" alt=\"\" class=\"wp-image-4107\" srcset=\"https:\/\/oma.skoletjenesten.no\/wp-content\/uploads\/2026\/02\/Ekte-ming_Opera-Bilde_2026-02-09_204340_e-avis.aftenposten.no_.png 257w, https:\/\/oma.skoletjenesten.no\/wp-content\/uploads\/2026\/02\/Ekte-ming_Opera-Bilde_2026-02-09_204340_e-avis.aftenposten.no_-221x300.png 221w\" sizes=\"auto, (max-width: 257px) 100vw, 257px\" \/><\/figure>\n<\/div>\n\n\n<p><em><a href=\"mailto:ttt@skoletjenesten.no?cc=&amp;bcc=&amp;subject=Vv%20260210&amp;amptarget=\" target=\"_blank\" rel=\"noreferrer noopener\">Kommenter denne notisen<\/a><\/em><\/p>\n\n\n\n<p class=\"has-text-align-center\">\u058e\u058e\u058e<\/p>\n\n\n<div class=\"wp-block-image is-style-twentytwentyone-border\">\n<figure class=\"alignright size-full\"><a href=\"https:\/\/www.vg.no\/nyheter\/i\/G11OjB\/jagland-til-sykehus\" target=\"_blank\" rel=\" noreferrer noopener\"><img loading=\"lazy\" decoding=\"async\" width=\"767\" height=\"845\" src=\"https:\/\/oma.skoletjenesten.no\/wp-content\/uploads\/2026\/02\/Jagland-Sykehus_2003-0325_Opera-Bilde_2026-02-09_104727_www.vg_.no_-1.png\" alt=\"\" class=\"wp-image-4104\" srcset=\"https:\/\/oma.skoletjenesten.no\/wp-content\/uploads\/2026\/02\/Jagland-Sykehus_2003-0325_Opera-Bilde_2026-02-09_104727_www.vg_.no_-1.png 767w, https:\/\/oma.skoletjenesten.no\/wp-content\/uploads\/2026\/02\/Jagland-Sykehus_2003-0325_Opera-Bilde_2026-02-09_104727_www.vg_.no_-1-272x300.png 272w\" sizes=\"auto, (max-width: 767px) 100vw, 767px\" \/><\/a><figcaption class=\"wp-element-caption\">VG p\u00e5 nett 25. februar 2003. Klikk for \u00e5 lese.<\/figcaption><\/figure>\n<\/div>\n\n\n<figure class=\"wp-block-video alignright\"><video height=\"632\" style=\"aspect-ratio: 834 \/ 632;\" width=\"834\" controls src=\"https:\/\/oma.skoletjenesten.no\/wp-content\/uploads\/2026\/02\/Jagland-paa-Rikshospitalet-TV2-med-kyllingforstyrrelse_BaardTufteJohansen.mp4\"><\/video><figcaption class=\"wp-element-caption\">NRKs B\u00e5rd Tufte Johansen forstyrrer et nyhetsinnslag i TV2 om Thorbj\u00f8rn Jagland.<\/figcaption><\/figure>\n\n\n\n<p id=\"260209\"><em><strong>260209: TV-hets.<\/strong><\/em> B\u00e5rd Tufte Johansen er ansatt i den skattefinansierte mediebedriften NRK, der han leder det ukentlige programmet <em>Nytt p\u00e5 nytt<\/em>. Johansen har siden februar 2003 v\u00e6rt ute etter Thorbj\u00f8rn Jagland \u2013 ikke som politiker, men som person. Derfor passet det ham godt at Jagland har kommet i s\u00f8kelyset i forbindelse med de frigitte Epstein-dokumentene. I sist fredags <em>Nytt p\u00e5 nytt<\/em> kunne man h\u00f8re ham slenge ut p\u00e5stander om Jagland og andre som er omtalt i dokumentene. Det ble gjort p\u00e5 en m\u00e5te som sannsynligvis ville f\u00f8rt til injuriesak om programmet hadde blitt sendt i Sambandsstatene. Hadde det blitt sendt i Thailand, ville Tufte Johansen blitt arrestert for majestetsforn\u00e6rmelse. Men i den skattefinansierte TV-kanalen NRK kan han gj\u00f8re hva han vil \u2013 som han gjorde i februar 2003 da han fors\u00f8kte \u00e5 \u00f8delegge et nyhetsinnslag i den konkurrerende kanalen TV2.<\/p>\n\n\n\n<p><em><a href=\"mailto:ttt@skoletjenesten.no?cc=&amp;bcc=&amp;subject=Vv%20260209&amp;amptarget=\" target=\"_blank\" rel=\"noreferrer noopener\">Kommenter denne notisen<\/a><\/em><\/p>\n\n\n\n<p class=\"has-text-align-center\">\u058e\u058e\u058e<\/p>\n\n\n\n<figure class=\"wp-block-image size-full\"><img loading=\"lazy\" decoding=\"async\" width=\"925\" height=\"809\" src=\"https:\/\/oma.skoletjenesten.no\/wp-content\/uploads\/2026\/02\/Kongelig-hebraisk_OK_IMG-20260206-WA0000.jpg\" alt=\"\" class=\"wp-image-4090\" srcset=\"https:\/\/oma.skoletjenesten.no\/wp-content\/uploads\/2026\/02\/Kongelig-hebraisk_OK_IMG-20260206-WA0000.jpg 925w, https:\/\/oma.skoletjenesten.no\/wp-content\/uploads\/2026\/02\/Kongelig-hebraisk_OK_IMG-20260206-WA0000-300x262.jpg 300w, https:\/\/oma.skoletjenesten.no\/wp-content\/uploads\/2026\/02\/Kongelig-hebraisk_OK_IMG-20260206-WA0000-768x672.jpg 768w\" sizes=\"auto, (max-width: 925px) 100vw, 925px\" \/><figcaption class=\"wp-element-caption\">Google-oversatt: S\u00f8nn av norsk prinsesse st\u00e5r overfor 38 tiltaler, inkludert voldtekt.<\/figcaption><\/figure>\n\n\n\n<p id=\"260208\"><em><strong>260208: Medietrykk.<\/strong><\/em> N\u00e5r medlemmer av den norske kongefamilien er avbildet p\u00e5 i\u00f8ynefallende plass i en israelsk avis, kan man gj\u00f8re seg noen tanker. Kronprinsesse Mette Marit har gjort mye god kronprinsessegjerning gjennom \u00e5rene, men blir n\u00e5 konfrontert med ting som skjedde for mer enn ti \u00e5r siden, og som hun selv har beklaget. Thorbj\u00f8rn Jagland er utsatt for det samme, men det er forskjell p\u00e5 de to. Jagland har hatt sentrale politiske verv som han selv har s\u00f8kt. Kronprinsessen har f\u00e5tt innflytelse bli ved \u00e5 bli gift med kronprinsen. <em><a href=\"https:\/\/oma.skoletjenesten.no\/?page_id=4083\" data-type=\"link\" data-id=\"https:\/\/oma.skoletjenesten.no\/?page_id=4083\" target=\"_blank\" rel=\"noreferrer noopener\">Les mer &#8230;<\/a><\/em><\/p>\n\n\n\n<p><em><a href=\"mailto:ttt@skoletjenesten.no?cc=&amp;bcc=&amp;subject=Vv%20260208&amp;amptarget=\" target=\"_blank\" rel=\"noreferrer noopener\">Kommenter denne notisen<\/a><\/em><\/p>\n\n\n\n<p class=\"has-text-align-center\">\u058e\u058e\u058e<\/p>\n\n\n<div class=\"wp-block-image is-style-twentytwentyone-border\">\n<figure class=\"alignright size-large\"><img loading=\"lazy\" decoding=\"async\" width=\"634\" height=\"1024\" src=\"https:\/\/oma.skoletjenesten.no\/wp-content\/uploads\/2026\/02\/Naturkatastrofe-5-cm-sne_OK_IMG_20260207_121420841-634x1024.jpg\" alt=\"\" class=\"wp-image-4075\" srcset=\"https:\/\/oma.skoletjenesten.no\/wp-content\/uploads\/2026\/02\/Naturkatastrofe-5-cm-sne_OK_IMG_20260207_121420841-634x1024.jpg 634w, https:\/\/oma.skoletjenesten.no\/wp-content\/uploads\/2026\/02\/Naturkatastrofe-5-cm-sne_OK_IMG_20260207_121420841-186x300.jpg 186w, https:\/\/oma.skoletjenesten.no\/wp-content\/uploads\/2026\/02\/Naturkatastrofe-5-cm-sne_OK_IMG_20260207_121420841.jpg 694w\" sizes=\"auto, (max-width: 634px) 100vw, 634px\" \/><\/figure>\n<\/div>\n\n\n<p id=\"260207\"><em><strong>260207: Naturkatastrofe.<\/strong><\/em> Seks uker til v\u00e5rjevnd\u00f8gn, og man v\u00e5kner til en naturkatastrofe som er dokumentert p\u00e5 bildet ved siden av. Bakken er dekket av en avskyelig hvit substans som har lagt seg som en klam h\u00e5nd over alt levende liv (tidligere kalt <em>sne\/sn\u00f8<\/em>, av meteorologene n\u00e5 omtalt som <em>hvit nedb\u00f8r<\/em>). Legg merke til de enome mengdene p\u00e5 trammen utenfor den ene inngangsd\u00f8ren til hovedbygningen her p\u00e5 bruket. Heldigvis antyder Yrs langtidsvarsel (nedenfor) mulighet for varmegrader om et par uker. Da vil vel eventuell nedb\u00f8r falle som regn (heter det <em>gjennomsiktig nedb\u00f8r<\/em> p\u00e5 meteorologisk?).<\/p>\n\n\n\n<figure class=\"wp-block-image size-large is-style-twentytwentyone-border\"><a href=\"https:\/\/oma.skoletjenesten.no\/wp-content\/uploads\/2026\/02\/Yr-21-dagers-temperaturvarsel-Sandvika_Opera-Bilde_2026-02-07_141240_www.yr_.no_.png\" target=\"_blank\" rel=\" noreferrer noopener\"><img loading=\"lazy\" decoding=\"async\" width=\"1024\" height=\"311\" src=\"https:\/\/oma.skoletjenesten.no\/wp-content\/uploads\/2026\/02\/Yr-21-dagers-temperaturvarsel-Sandvika_Opera-Bilde_2026-02-07_141240_www.yr_.no_-1024x311.png\" alt=\"\" class=\"wp-image-4076\" srcset=\"https:\/\/oma.skoletjenesten.no\/wp-content\/uploads\/2026\/02\/Yr-21-dagers-temperaturvarsel-Sandvika_Opera-Bilde_2026-02-07_141240_www.yr_.no_-1024x311.png 1024w, https:\/\/oma.skoletjenesten.no\/wp-content\/uploads\/2026\/02\/Yr-21-dagers-temperaturvarsel-Sandvika_Opera-Bilde_2026-02-07_141240_www.yr_.no_-300x91.png 300w, https:\/\/oma.skoletjenesten.no\/wp-content\/uploads\/2026\/02\/Yr-21-dagers-temperaturvarsel-Sandvika_Opera-Bilde_2026-02-07_141240_www.yr_.no_-768x233.png 768w, https:\/\/oma.skoletjenesten.no\/wp-content\/uploads\/2026\/02\/Yr-21-dagers-temperaturvarsel-Sandvika_Opera-Bilde_2026-02-07_141240_www.yr_.no_-1536x466.png 1536w, https:\/\/oma.skoletjenesten.no\/wp-content\/uploads\/2026\/02\/Yr-21-dagers-temperaturvarsel-Sandvika_Opera-Bilde_2026-02-07_141240_www.yr_.no_-1568x476.png 1568w, https:\/\/oma.skoletjenesten.no\/wp-content\/uploads\/2026\/02\/Yr-21-dagers-temperaturvarsel-Sandvika_Opera-Bilde_2026-02-07_141240_www.yr_.no_.png 1604w\" sizes=\"auto, (max-width: 1024px) 100vw, 1024px\" \/><\/a><figcaption class=\"wp-element-caption\">Dagens langtidsvarsel for Sandvika.  Klikk for st\u00f8rre bilde.<\/figcaption><\/figure>\n\n\n\n<p><em><a href=\"mailto:ttt@skoletjenesten.no?cc=&amp;bcc=&amp;subject=Vv%20260207&amp;amptarget=\" target=\"_blank\" rel=\"noreferrer noopener\">Kommenter denne notisen<\/a><\/em><\/p>\n","protected":false},"excerpt":{"rendered":"<p>260207..: Naturkatastrofe260208..: Medietrykk (x)260209..: TV-hets260210..: Ekte260211-1: Forskudd260211-2: Alvor!260212-1: Stille protest (x)260212-2: \u00d8y-rykter260213..: H\u00f8yttenking 260213: H\u00f8yttenking. En kommentar og en kronikk i Aftenposten er eksempler p\u00e5 at det g\u00e5r an \u00e5 tenke prinsipielt om saker der mange har en bastant mening. Frank Rossavik skriver i sin kommentar om st\u00f8tte til religi\u00f8se trossamfunn. Carl-Erik Grimstads kronikk handler&hellip; <a class=\"more-link\" href=\"https:\/\/oma.skoletjenesten.no\/?p=4074\">Fortsett \u00e5 lese <span class=\"screen-reader-text\">\u058e\u058e Virtuell virkelighet \u058e\u058e  uke 7\/26<\/span><\/a><\/p>\n","protected":false},"author":1,"featured_media":0,"comment_status":"open","ping_status":"open","sticky":false,"template":"","format":"standard","meta":{"footnotes":""},"categories":[11],"tags":[],"class_list":["post-4074","post","type-post","status-publish","format-standard","hentry","category-alternative-fakta","entry"],"_links":{"self":[{"href":"https:\/\/oma.skoletjenesten.no\/index.php?rest_route=\/wp\/v2\/posts\/4074","targetHints":{"allow":["GET"]}}],"collection":[{"href":"https:\/\/oma.skoletjenesten.no\/index.php?rest_route=\/wp\/v2\/posts"}],"about":[{"href":"https:\/\/oma.skoletjenesten.no\/index.php?rest_route=\/wp\/v2\/types\/post"}],"author":[{"embeddable":true,"href":"https:\/\/oma.skoletjenesten.no\/index.php?rest_route=\/wp\/v2\/users\/1"}],"replies":[{"embeddable":true,"href":"https:\/\/oma.skoletjenesten.no\/index.php?rest_route=%2Fwp%2Fv2%2Fcomments&post=4074"}],"version-history":[{"count":17,"href":"https:\/\/oma.skoletjenesten.no\/index.php?rest_route=\/wp\/v2\/posts\/4074\/revisions"}],"predecessor-version":[{"id":4486,"href":"https:\/\/oma.skoletjenesten.no\/index.php?rest_route=\/wp\/v2\/posts\/4074\/revisions\/4486"}],"wp:attachment":[{"href":"https:\/\/oma.skoletjenesten.no\/index.php?rest_route=%2Fwp%2Fv2%2Fmedia&parent=4074"}],"wp:term":[{"taxonomy":"category","embeddable":true,"href":"https:\/\/oma.skoletjenesten.no\/index.php?rest_route=%2Fwp%2Fv2%2Fcategories&post=4074"},{"taxonomy":"post_tag","embeddable":true,"href":"https:\/\/oma.skoletjenesten.no\/index.php?rest_route=%2Fwp%2Fv2%2Ftags&post=4074"}],"curies":[{"name":"wp","href":"https:\/\/api.w.org\/{rel}","templated":true}]}}