{"id":396,"date":"2024-09-13T10:00:05","date_gmt":"2024-09-13T10:00:05","guid":{"rendered":"https:\/\/oma.skoletjenesten.no\/?p=396"},"modified":"2024-09-13T15:43:18","modified_gmt":"2024-09-13T15:43:18","slug":"virtuell-virkelighet-36-24","status":"publish","type":"post","link":"https:\/\/oma.skoletjenesten.no\/?p=396","title":{"rendered":"Virtuell virkelighet 36\/24"},"content":{"rendered":"\n<p><small>Denne spalten het tidligere <em>Alternative fakta<\/em>, som fortsatt er kategori-betegnelsen. I<em> Alternative fakta<\/em> l\u00e5 vekten ofte mer p\u00e5 det alternative enn p\u00e5 fakta. Her i <em>Virtuell virkelighet<\/em> kan vekten&nbsp; ligge mer p\u00e5 det virtuelle enn p\u00e5 virkeligheten.<\/small><\/p>\n\n\n\n<p><small>Navneskiftet ble forklart i <a href=\"http:\/\/ttt.skoletjenesten.no\/alternative-fakta-3-21\/\" target=\"_blank\" rel=\"noreferrer noopener\">siste utgave av Alternative fakta 15. januar 2021<\/a>.<\/small><\/p>\n\n\n\n<hr class=\"wp-block-separator has-alpha-channel-opacity\"\/>\n\n\n\n<p><strong><em>Vv 1: Epleplukk.<\/em><\/strong> Neste l\u00f8rdag \u2013 21. september \u2013 er epleplukkedagen her p\u00e5  bruket. Bloggens lesere kan plukke den dagen eller tidligere, men neste l\u00f8rdag kommer de tilreisende, faste plukkerne og tar ned det som er igjen.<\/p>\n\n\n\n<p><a href=\"mailto:ttt@skoletjenesten.no?cc=&amp;bcc=&amp;subject=Vv%201\/36&amp;amptarget=\"><em>Kommenter denne notisen<\/em><\/a><\/p>\n\n\n\n<p class=\"has-text-align-center\">\u058e\u058e\u058e<\/p>\n\n\n<div class=\"wp-block-image is-style-twentytwentyone-border\">\n<figure class=\"alignright size-large\"><img loading=\"lazy\" decoding=\"async\" width=\"768\" height=\"1024\" src=\"https:\/\/oma.skoletjenesten.no\/wp-content\/uploads\/2024\/09\/20_IMG_20240908_135326234-768x1024.jpg\" alt=\"\" class=\"wp-image-399\" srcset=\"https:\/\/oma.skoletjenesten.no\/wp-content\/uploads\/2024\/09\/20_IMG_20240908_135326234-768x1024.jpg 768w, https:\/\/oma.skoletjenesten.no\/wp-content\/uploads\/2024\/09\/20_IMG_20240908_135326234-225x300.jpg 225w, https:\/\/oma.skoletjenesten.no\/wp-content\/uploads\/2024\/09\/20_IMG_20240908_135326234-1152x1536.jpg 1152w, https:\/\/oma.skoletjenesten.no\/wp-content\/uploads\/2024\/09\/20_IMG_20240908_135326234-1536x2048.jpg 1536w, https:\/\/oma.skoletjenesten.no\/wp-content\/uploads\/2024\/09\/20_IMG_20240908_135326234-1568x2091.jpg 1568w, https:\/\/oma.skoletjenesten.no\/wp-content\/uploads\/2024\/09\/20_IMG_20240908_135326234-scaled.jpg 1920w\" sizes=\"auto, (max-width: 768px) 100vw, 768px\" \/><figcaption class=\"wp-element-caption\">H\u00f8ydearbeid p\u00e5 Langset.<\/figcaption><\/figure>\n<\/div>\n\n\n<p><strong><em>Vv 2: H\u00f8ydemaling.<\/em><\/strong> Hovedbygningen her p\u00e5 Langset er omtrent 135 \u00e5r gammel. For at den skal vare minst like lenge, m\u00e5 den av og til p\u00e5f\u00f8res et str\u00f8k maling. P\u00e5 1950-tallet ble hele huset malt ved bruk av gammeldagse trestiger. N\u00e5 brukes tilhengerlift for \u00e5 komme opp i h\u00f8yden.<\/p>\n\n\n\n<p>.<\/p>\n\n\n\n<p>.<\/p>\n\n\n\n<p><a href=\"mailto:ttt@skoletjenesten.no?cc=&amp;bcc=&amp;subject=Vv%202\/36&amp;amptarget=\"><em>Kommenter denne notisen<\/em><\/a><\/p>\n\n\n\n<p class=\"has-text-align-center\">\u058e\u058e\u058e<\/p>\n\n\n<div class=\"wp-block-image is-style-twentytwentyone-border\">\n<figure class=\"alignright size-full\"><a href=\"https:\/\/oma.skoletjenesten.no\/wp-content\/uploads\/2024\/09\/25_Lynbrand-Radiospalten_1924-09-01_Budstikka_01-09-1924_print.jpg\" target=\"_blank\" rel=\"noreferrer noopener\"><img loading=\"lazy\" decoding=\"async\" width=\"800\" height=\"533\" src=\"https:\/\/oma.skoletjenesten.no\/wp-content\/uploads\/2024\/09\/25_Lynbrand-Radiospalten_1924-09-01_Budstikka_01-09-1924_print.jpg\" alt=\"\" class=\"wp-image-400\" srcset=\"https:\/\/oma.skoletjenesten.no\/wp-content\/uploads\/2024\/09\/25_Lynbrand-Radiospalten_1924-09-01_Budstikka_01-09-1924_print.jpg 800w, https:\/\/oma.skoletjenesten.no\/wp-content\/uploads\/2024\/09\/25_Lynbrand-Radiospalten_1924-09-01_Budstikka_01-09-1924_print-300x200.jpg 300w, https:\/\/oma.skoletjenesten.no\/wp-content\/uploads\/2024\/09\/25_Lynbrand-Radiospalten_1924-09-01_Budstikka_01-09-1924_print-768x512.jpg 768w\" sizes=\"auto, (max-width: 800px) 100vw, 800px\" \/><\/a><figcaption class=\"wp-element-caption\">Analog og dreibar TV-antenne innringet med r\u00f8dt, fordums radioantenne markert med bl\u00e5 strek. Klikk for stort bilde.<\/figcaption><\/figure>\n<\/div>\n\n\n<p><strong><em>Vv 3: Antenner.<\/em><\/strong> Samtidig som hovedbygningen ble malt i h\u00f8yden (Vv2) ble Langsets siste antenne fjernet. Den tok inn digitale signaler fra Tryvann. Den forrige tok inn analoge signaler fra samme sted, og var dreibar slik at den kanskje kunne ta inn svensk TV. P\u00e5 1950-tallet hang en radioantenne fra enden av m\u00f8net over verandaen til toppen av flaggstangen. Den var ikke sikret mot lynnedslag, men det gikk bra.<\/p>\n\n\n\n<p><a href=\"mailto:ttt@skoletjenesten.no?cc=&amp;bcc=&amp;subject=Vv%203\/36&amp;amptarget=\"><em>Kommenter denne notisen<\/em><\/a><\/p>\n\n\n\n<p class=\"has-text-align-center\">\u058e\u058e\u058e<\/p>\n\n\n<div class=\"wp-block-image is-style-twentytwentyone-border\">\n<figure class=\"alignright size-full\"><a href=\"https:\/\/oma.skoletjenesten.no\/wp-content\/uploads\/2024\/09\/27_Bruk-norske-varer_1925-0908_Opera-Bilde_2024-09-03_175119_eavis.budstikka.no_.png\" target=\"_blank\" rel=\"noreferrer noopener\"><img loading=\"lazy\" decoding=\"async\" width=\"440\" height=\"609\" src=\"https:\/\/oma.skoletjenesten.no\/wp-content\/uploads\/2024\/09\/27_Bruk-norske-varer_1925-0908_Opera-Bilde_2024-09-03_175119_eavis.budstikka.no_.png\" alt=\"\" class=\"wp-image-401\" srcset=\"https:\/\/oma.skoletjenesten.no\/wp-content\/uploads\/2024\/09\/27_Bruk-norske-varer_1925-0908_Opera-Bilde_2024-09-03_175119_eavis.budstikka.no_.png 440w, https:\/\/oma.skoletjenesten.no\/wp-content\/uploads\/2024\/09\/27_Bruk-norske-varer_1925-0908_Opera-Bilde_2024-09-03_175119_eavis.budstikka.no_-217x300.png 217w\" sizes=\"auto, (max-width: 440px) 100vw, 440px\" \/><\/a><figcaption class=\"wp-element-caption\">Asker og B\u00e6rums Budstikke 8. september 1924. Klikk for st\u00f8rre bilde.<\/figcaption><\/figure>\n<\/div>\n\n\n<p><strong><em>Vv 4: Nasjonalt.<\/em><\/strong> Bloggeren slutter seg til tankegangen i klippet ved siden av, s\u00e6rlig oppfordringen til slutt. Imidlertid blir det ingen omlegging av bloggerens handlevaner. Det har to grunner. For det f\u00f8rste gjelder klippet ved siden av de <em>daglige<\/em> innkj\u00f8p, mens bloggeren gj\u00f8r <em>ukentlige<\/em> innkj\u00f8p. For det andre holder bloggeren seg ikke med noen husmor, som if\u00f8lge teksten er den som som har ansvar for innkj\u00f8pene.<\/p>\n\n\n\n<p><a href=\"mailto:ttt@skoletjenesten.no?cc=&amp;bcc=&amp;subject=Vv%204\/36&amp;amptarget=\"><em>Kommenter denne notisen<\/em><\/a><\/p>\n\n\n\n<p class=\"has-text-align-center\">\u058e\u058e\u058e<\/p>\n\n\n<div class=\"wp-block-image is-style-twentytwentyone-border\">\n<figure class=\"alignright size-full\"><img loading=\"lazy\" decoding=\"async\" width=\"536\" height=\"653\" src=\"https:\/\/oma.skoletjenesten.no\/wp-content\/uploads\/2024\/09\/30_Abonnementsavis-Forside_1924-0906_Aftenposten-6.-september-1924.jpg\" alt=\"\" class=\"wp-image-402\" srcset=\"https:\/\/oma.skoletjenesten.no\/wp-content\/uploads\/2024\/09\/30_Abonnementsavis-Forside_1924-0906_Aftenposten-6.-september-1924.jpg 536w, https:\/\/oma.skoletjenesten.no\/wp-content\/uploads\/2024\/09\/30_Abonnementsavis-Forside_1924-0906_Aftenposten-6.-september-1924-246x300.jpg 246w\" sizes=\"auto, (max-width: 536px) 100vw, 536px\" \/><figcaption class=\"wp-element-caption\">Aftenposten 6. september 1924.<\/figcaption><\/figure>\n<\/div>\n\n\n<p><strong><em>Vv 5: Tekst.<\/em><\/strong> I papiravisenes ungdom, p\u00e5 begynnelsen av 1900-tallet, fikk leserne valuta for pengene. Avisene hadde tekst \u2013 til og med p\u00e5 forsiden, som man ser av Aftenposten ved siden av. I dagens medier er bilder s\u00e5 viktig at fotografen f\u00e5r sitt navn nevnt ogs\u00e5 i radio.<\/p>\n\n\n\n<p>.<\/p>\n\n\n\n<p>.<\/p>\n\n\n\n<p><a href=\"mailto:ttt@skoletjenesten.no?cc=&amp;bcc=&amp;subject=Vv%205\/36&amp;amptarget=\"><em>Kommenter denne notisen<\/em><\/a><\/p>\n\n\n\n<p class=\"has-text-align-center\">\u058e\u058e\u058e<\/p>\n\n\n<div class=\"wp-block-image is-style-twentytwentyone-border\">\n<figure class=\"alignright size-full\"><a href=\"https:\/\/oma.skoletjenesten.no\/wp-content\/uploads\/2024\/09\/40_Annonseside_1924-09-10_Budstikka_10-09-1924_print.jpg\" target=\"_blank\" rel=\"noreferrer noopener\"><img loading=\"lazy\" decoding=\"async\" width=\"595\" height=\"835\" src=\"https:\/\/oma.skoletjenesten.no\/wp-content\/uploads\/2024\/09\/40_Annonseside_1924-09-10_Budstikka_10-09-1924_print.jpg\" alt=\"\" class=\"wp-image-403\" srcset=\"https:\/\/oma.skoletjenesten.no\/wp-content\/uploads\/2024\/09\/40_Annonseside_1924-09-10_Budstikka_10-09-1924_print.jpg 595w, https:\/\/oma.skoletjenesten.no\/wp-content\/uploads\/2024\/09\/40_Annonseside_1924-09-10_Budstikka_10-09-1924_print-214x300.jpg 214w\" sizes=\"auto, (max-width: 595px) 100vw, 595px\" \/><\/a><figcaption class=\"wp-element-caption\">Asker og B\u00e6rums Budstikke 10. september 1924. Klikk for st\u00f8rre bilde.<\/figcaption><\/figure>\n<\/div>\n\n\n<p><strong><em>Vv 6: Annonser.<\/em><\/strong> I gamle aviser (og i alle dagens medier) forteller den redaksjonelle teksten om hva journalistene er opptatt av. Annonsesidene, derimot \u2013 s\u00e6rlig rubrikkannonsene \u2013 forteller om hva folk flest er opptatt av. Hva er for eksempel oppgavene for en \u00abenepike, som kan ligge hjemme\u00bb (nederst t.h. i klippet ved siden av)? Us\u00f8mmelig er det neppe, for det averteres med fullt navn, adresse og telefon.<\/p>\n\n\n\n<p>.<\/p>\n\n\n\n<p><a href=\"mailto:ttt@skoletjenesten.no?cc=&amp;bcc=&amp;subject=Vv%206\/36&amp;amptarget=\"><em>Kommenter denne notisen<\/em><\/a><\/p>\n\n\n\n<p class=\"has-text-align-center\">\u058e\u058e\u058e<\/p>\n\n\n\n<p><strong><em>Vv 7:  Presidentvalg.<\/em><\/strong> Damen som pr\u00f8ver \u00e5 bli president i Sambandsstatene sies \u00e5 ha vunnet i TV-debatten med ham som har samme fornavn som en kjent tegneseriefigur. Men det er valget som teller, og da er det kanskje slik med velgerne i Sambandsstatene som det var med publikum p\u00e5 Seljordsmart&#8217;n for noen \u00e5r siden, da <a href=\"https:\/\/ttt.skoletjenesten.no\/gratulerer-med-anders-jahres-kulturpris\/#buen\" data-type=\"link\" data-id=\"https:\/\/ttt.skoletjenesten.no\/gratulerer-med-anders-jahres-kulturpris\/\" target=\"_blank\" rel=\"noreferrer noopener\">Knut Buen solgte folkemusikkkassetter<\/a> der.<\/p>\n\n\n\n<p><a href=\"mailto:ttt@skoletjenesten.no?cc=&amp;bcc=&amp;subject=Vv%207\/36&amp;amptarget=\"><em>Kommenter denne notisen<\/em><\/a><\/p>\n\n\n\n<p class=\"has-text-align-center\">\u058e\u058e\u058e<\/p>\n\n\n<div class=\"wp-block-image is-style-twentytwentyone-border\">\n<figure class=\"alignright size-large\"><img loading=\"lazy\" decoding=\"async\" width=\"1024\" height=\"768\" src=\"https:\/\/oma.skoletjenesten.no\/wp-content\/uploads\/2024\/09\/60_Manntall-utlagt-Baerumsbutikker-1924_Opera-Bilde_2024-09-08_181111_eavis.budstikka.no_-1024x768.jpg\" alt=\"\" class=\"wp-image-404\" srcset=\"https:\/\/oma.skoletjenesten.no\/wp-content\/uploads\/2024\/09\/60_Manntall-utlagt-Baerumsbutikker-1924_Opera-Bilde_2024-09-08_181111_eavis.budstikka.no_-1024x768.jpg 1024w, https:\/\/oma.skoletjenesten.no\/wp-content\/uploads\/2024\/09\/60_Manntall-utlagt-Baerumsbutikker-1924_Opera-Bilde_2024-09-08_181111_eavis.budstikka.no_-300x225.jpg 300w, https:\/\/oma.skoletjenesten.no\/wp-content\/uploads\/2024\/09\/60_Manntall-utlagt-Baerumsbutikker-1924_Opera-Bilde_2024-09-08_181111_eavis.budstikka.no_-768x576.jpg 768w, https:\/\/oma.skoletjenesten.no\/wp-content\/uploads\/2024\/09\/60_Manntall-utlagt-Baerumsbutikker-1924_Opera-Bilde_2024-09-08_181111_eavis.budstikka.no_-1536x1152.jpg 1536w, https:\/\/oma.skoletjenesten.no\/wp-content\/uploads\/2024\/09\/60_Manntall-utlagt-Baerumsbutikker-1924_Opera-Bilde_2024-09-08_181111_eavis.budstikka.no_-2048x1536.jpg 2048w, https:\/\/oma.skoletjenesten.no\/wp-content\/uploads\/2024\/09\/60_Manntall-utlagt-Baerumsbutikker-1924_Opera-Bilde_2024-09-08_181111_eavis.budstikka.no_-1568x1176.jpg 1568w\" sizes=\"auto, (max-width: 1024px) 100vw, 1024px\" \/><figcaption class=\"wp-element-caption\">Bloggeren kj\u00f8pte kandissukker i huset p\u00e5 bildet da kj\u00f8pmann Syvertsen hadde butikk i 1. etasje. Manntallet 1924 var utlagt bl.a. i den butikken.<\/figcaption><\/figure>\n<\/div>\n\n\n<p><strong>Vv 8: Butikkmantall.<\/strong> Manntallet for stortingsvalget i 1924 ble <a href=\"http:\/\/torgeirs-tanker.skoletjenesten.no\/wp-content\/uploads\/2024\/09\/60_Manntall-utlagt---Baerumsbutikker-1924_Opera%20Bilde_2024-09-08_181111_eavis.budstikka.no.png\" data-type=\"link\" data-id=\"ftp:\/\/onemanarmy@ftpcluster.loopia.se\/torgeirs-tanker.skoletjenesten.no\/public_html\/wp-content\/uploads\/2024\/09\/60_Manntall-utlagt---Baerumsbutikker-1924_Opera%20Bilde_2024-09-08_181111_eavis.budstikka.no.png\" target=\"_blank\" rel=\"noreferrer noopener\">lagt ut p\u00e5 steder<\/a> som var lett tilgjengelig for folk. Oversikten ved siden av viser bl. a. dagligvarebutikker som stort sett ikke lenger eksisterer.<\/p>\n\n\n\n<p>.<\/p>\n\n\n\n<p>.<\/p>\n\n\n\n<p><a href=\"mailto:ttt@skoletjenesten.no?cc=&amp;bcc=&amp;subject=Vv%208\/36&amp;amptarget=\"><em>Kommenter denne notisen<\/em><\/a><\/p>\n\n\n\n<p class=\"has-text-align-center\">\u058e\u058e\u058e<\/p>\n\n\n\n<p><em><strong>Vv 9:<\/strong> <strong>Eventyrvariant.<\/strong><\/em><\/p>\n\n\n\n<figure class=\"wp-block-image size-full is-style-twentytwentyone-border\"><img loading=\"lazy\" decoding=\"async\" width=\"835\" height=\"263\" src=\"https:\/\/oma.skoletjenesten.no\/wp-content\/uploads\/2024\/09\/90_Froskekyss_1974-0906_Opera-Bilde_2024-09-03_181311_eavis.budstikka.no_.png\" alt=\"\" class=\"wp-image-405\" srcset=\"https:\/\/oma.skoletjenesten.no\/wp-content\/uploads\/2024\/09\/90_Froskekyss_1974-0906_Opera-Bilde_2024-09-03_181311_eavis.budstikka.no_.png 835w, https:\/\/oma.skoletjenesten.no\/wp-content\/uploads\/2024\/09\/90_Froskekyss_1974-0906_Opera-Bilde_2024-09-03_181311_eavis.budstikka.no_-300x94.png 300w, https:\/\/oma.skoletjenesten.no\/wp-content\/uploads\/2024\/09\/90_Froskekyss_1974-0906_Opera-Bilde_2024-09-03_181311_eavis.budstikka.no_-768x242.png 768w\" sizes=\"auto, (max-width: 835px) 100vw, 835px\" \/><\/figure>\n\n\n\n<p><a href=\"mailto:ttt@skoletjenesten.no?cc=&amp;bcc=&amp;subject=Vv%209\/36&amp;amptarget=\"><em>Kommenter denne notisen<\/em><\/a><\/p>\n\n\n\n<div style=\"height:100px\" aria-hidden=\"true\" class=\"wp-block-spacer\"><\/div>\n\n\n\n<hr class=\"wp-block-separator has-alpha-channel-opacity\"\/>\n\n\n\n<p class=\"has-text-align-center\"><em><a href=\"https:\/\/oma.skoletjenesten.no\/?p=389\">Til innholdsliste for denne utgaven<\/a><\/em><\/p>\n","protected":false},"excerpt":{"rendered":"<p>Denne spalten het tidligere Alternative fakta, som fortsatt er kategori-betegnelsen. I Alternative fakta l\u00e5 vekten ofte mer p\u00e5 det alternative enn p\u00e5 fakta. Her i Virtuell virkelighet kan vekten&nbsp; ligge mer p\u00e5 det virtuelle enn p\u00e5 virkeligheten. Navneskiftet ble forklart i siste utgave av Alternative fakta 15. januar 2021. Vv 1: Epleplukk. Neste l\u00f8rdag \u2013&hellip; <a class=\"more-link\" href=\"https:\/\/oma.skoletjenesten.no\/?p=396\">Fortsett \u00e5 lese <span class=\"screen-reader-text\">Virtuell virkelighet 36\/24<\/span><\/a><\/p>\n","protected":false},"author":1,"featured_media":0,"comment_status":"open","ping_status":"open","sticky":false,"template":"","format":"standard","meta":{"footnotes":""},"categories":[11],"tags":[],"class_list":["post-396","post","type-post","status-publish","format-standard","hentry","category-alternative-fakta","entry"],"_links":{"self":[{"href":"https:\/\/oma.skoletjenesten.no\/index.php?rest_route=\/wp\/v2\/posts\/396","targetHints":{"allow":["GET"]}}],"collection":[{"href":"https:\/\/oma.skoletjenesten.no\/index.php?rest_route=\/wp\/v2\/posts"}],"about":[{"href":"https:\/\/oma.skoletjenesten.no\/index.php?rest_route=\/wp\/v2\/types\/post"}],"author":[{"embeddable":true,"href":"https:\/\/oma.skoletjenesten.no\/index.php?rest_route=\/wp\/v2\/users\/1"}],"replies":[{"embeddable":true,"href":"https:\/\/oma.skoletjenesten.no\/index.php?rest_route=%2Fwp%2Fv2%2Fcomments&post=396"}],"version-history":[{"count":8,"href":"https:\/\/oma.skoletjenesten.no\/index.php?rest_route=\/wp\/v2\/posts\/396\/revisions"}],"predecessor-version":[{"id":424,"href":"https:\/\/oma.skoletjenesten.no\/index.php?rest_route=\/wp\/v2\/posts\/396\/revisions\/424"}],"wp:attachment":[{"href":"https:\/\/oma.skoletjenesten.no\/index.php?rest_route=%2Fwp%2Fv2%2Fmedia&parent=396"}],"wp:term":[{"taxonomy":"category","embeddable":true,"href":"https:\/\/oma.skoletjenesten.no\/index.php?rest_route=%2Fwp%2Fv2%2Fcategories&post=396"},{"taxonomy":"post_tag","embeddable":true,"href":"https:\/\/oma.skoletjenesten.no\/index.php?rest_route=%2Fwp%2Fv2%2Ftags&post=396"}],"curies":[{"name":"wp","href":"https:\/\/api.w.org\/{rel}","templated":true}]}}