{"id":3683,"date":"2026-01-03T23:16:59","date_gmt":"2026-01-03T23:16:59","guid":{"rendered":"https:\/\/oma.skoletjenesten.no\/?p=3683"},"modified":"2026-01-31T17:28:06","modified_gmt":"2026-01-31T17:28:06","slug":"virtuell-virkelighet-pr-03-01-25","status":"publish","type":"post","link":"https:\/\/oma.skoletjenesten.no\/?p=3683","title":{"rendered":"\u058eVirtuell virkelighet\u058e uke 2\/26"},"content":{"rendered":"\n<p><small>Denne spalten het tidligere <em>Alternative fakta<\/em>, som fortsatt er kategori-betegnelsen. I <em>Alternative fakta<\/em> l\u00e5 vekten ofte mer p\u00e5 det alternative enn p\u00e5 fakta. Her i <em>Virtuell virkelighet<\/em> kan vekten&nbsp;ligge mer p\u00e5 det virtuelle enn p\u00e5 virkeligheten.<\/small><\/p>\n\n\n\n<p><small>Navneskiftet ble forklart i <a href=\"http:\/\/ttt.skoletjenesten.no\/alternative-fakta-3-21\/\" target=\"_blank\" rel=\"noreferrer noopener\">siste utgave av Alternative fakta 15. januar 2021<\/a>.<\/small><\/p>\n\n\n\n<p class=\"has-small-font-size\"><a href=\"#Vv-260103-1\" data-type=\"internal\" data-id=\"#Vv-260103-1\">Vv-260103-1: Spr\u00e5knerdens hj\u00f8rne<\/a><br><a href=\"#Vv-260103-2\" data-type=\"internal\" data-id=\"#Vv-260103-2\">Vv-260103-2: Nedb\u00f8rsbegreper<\/a> <br><a href=\"#Vv-260104-1\" data-type=\"internal\" data-id=\"#Vv-260104-1\"> Vv-260104-1: EEF (x)<\/a><br><a href=\"#Vv-260104-2\" data-type=\"internal\" data-id=\"#Vv-260104-2\">Vv-260104-2: Matematikk<\/a><br><a href=\"#Vv-260105\" data-type=\"internal\" data-id=\"#Vv-260105\">Vv-260105: Polarimperialisme (x)<\/a><br><a href=\"#Vv-260106\" data-type=\"internal\" data-id=\"#Vv-260106\">Vv-260106: Kvinnedominert<\/a><br><a href=\"#Vv-260107-1\" data-type=\"internal\" data-id=\"#Vv-260107-1\">Vv-260107-1: Gr\u00f8nlands-misforst\u00e5else? (x)<\/a><br><a href=\"#Vv-260107-2\" data-type=\"internal\" data-id=\"#Vv-260107-2\">Vv-260107-2: Norsk!<\/a><br><a href=\"#Vv-260108-1\" data-type=\"internal\" data-id=\"#Vv-260108-1\">Vv-260108-1: Visdomsord<\/a><br><a href=\"#Vv-260108-2\" data-type=\"internal\" data-id=\"#Vv-260108-2\">Vv-260108-2: TV-radio<\/a><br><a href=\"#Vv-260109\" data-type=\"internal\" data-id=\"#Vv-260109\">Vv-260109: Flaggdag<\/a><\/p>\n\n\n\n<hr class=\"wp-block-separator has-alpha-channel-opacity\"\/>\n\n\n<div class=\"wp-block-image\">\n<figure class=\"alignright size-large\"><img decoding=\"async\" src=\"http:\/\/ttt.skoletjenesten.no\/wp-content\/uploads\/2024\/04\/50_Langset-flaggstang.jpg\" alt=\"\"\/><\/figure>\n<\/div>\n\n\n<p><strong><em><a href=\"https:\/\/speechnotes.co\"><strong>Vv-26010<\/strong>9: Flaggdag<\/a>. <\/em><\/strong>Det er egentlig lokal flaggdag her p\u00e5 bruket i dag (bloggerens foreldre ville ha fylt tilsammen 225 \u00e5r). Men p\u00e5 grunn av de enorme sn\u00f8mengdene (ca. 10 cm?) har bloggeren, som ogs\u00e5 er flaggvakt, ikke tatt sjansen p\u00e5 \u00e5 forsere terrenget fra g\u00e5rdsplassen bort til flaggstangen med rullator. Flagget heises i stedet her.<\/p>\n\n\n\n<p>.<\/p>\n\n\n\n<p>.<\/p>\n\n\n\n<p><a href=\"mailto:ttt@skoletjenesten.no?cc=&amp;bcc=&amp;subject=Vv%20260109&amp;amptarget=\" target=\"_blank\" rel=\"noreferrer noopener nofollow\"><em>Kommenter denne notisen<\/em><\/a><\/p>\n\n\n\n<p class=\"has-text-align-center\">\u058e\u058e\u058e<\/p>\n\n\n\n<p id=\"Vv-260108-2\"><strong><em><strong>Vv-26010<\/strong>8-2: TV-radio. <\/em><\/strong>\u00c5ret er nytt, men den skattefinansierte radiokanalen NRK holder p\u00e5 det gamle. Eline Buvarp Aardal vet ikke \u2013 eller bryr seg ikke om  \u2013 at radiolytterne ikke kan se bilder:<\/p>\n\n\n\n<figure class=\"wp-block-audio\"><audio controls src=\"https:\/\/oma.skoletjenesten.no\/wp-content\/uploads\/2026\/01\/20_TVradio-Sterke-bilder_260108_NRK-Nyheter_ElineBuvarpAardal_Intro.mp3\"><\/audio><figcaption class=\"wp-element-caption\">NRK Radio(!!) 8. januar 2026.<\/figcaption><\/figure>\n\n\n\n<p><a href=\"mailto:ttt@skoletjenesten.no?cc=&amp;bcc=&amp;subject=Vv%20260108-2&amp;amptarget=\" target=\"_blank\" rel=\"noreferrer noopener nofollow\"><em>Kommenter denne notisen<\/em><\/a><\/p>\n\n\n\n<p class=\"has-text-align-center\">\u058e\u058e\u058e<\/p>\n\n\n\n<p id=\"Vv-260108-1\"><strong><em><strong>Vv-26010<\/strong>8-1: <\/em>Visdomsord. <\/strong><br>Eit lite bu er betre enn inkje,<br>heime er kvar mann herre.<br>Hev du geiter tvo og ein tausperra sal,<br>d\u00e5 tarv du ikkje tigge.<br>(Fr\u00e5 H\u00e5vam\u00e5l)<\/p>\n\n\n\n<p><a href=\"mailto:ttt@skoletjenesten.no?cc=&amp;bcc=&amp;subject=Vv%20260108-1&amp;amptarget=\" target=\"_blank\" rel=\"noreferrer noopener nofollow\"><em>Kommenter denne notisen<\/em><\/a><\/p>\n\n\n\n<p class=\"has-text-align-center\">\u058e\u058e\u058e<\/p>\n\n\n\n<figure class=\"wp-block-video alignright\"><video height=\"746\" style=\"aspect-ratio: 1342 \/ 746;\" width=\"1342\" controls src=\"https:\/\/oma.skoletjenesten.no\/wp-content\/uploads\/2026\/01\/20_Groenland-er-norsk_260106_NRK-Kveldsnytt_JonasGahrStoere.mp4\"><\/video><figcaption class=\"wp-element-caption\">Gr\u00f8nland er norsk! NRK Kveldssnytt 6. januar 2026.<\/figcaption><\/figure>\n\n\n\n<p id=\"Vv-260107-2\"><strong><em><strong>Vv-260107<\/strong>-2: Norsk! <\/em><\/strong>Norge tapte p\u00e5 alle punkter i <a href=\"https:\/\/ttt.skoletjenesten.no\/striden-mellom-norge-og-danmark-om-gronland\/\" data-type=\"link\" data-id=\"https:\/\/ttt.skoletjenesten.no\/striden-mellom-norge-og-danmark-om-gronland\/\" target=\"_blank\" rel=\"noreferrer noopener\">saken mellom Norge og Danmark om Gr\u00f8nland<\/a> i 1933. men Gr\u00f8nland er norsk, fastholder statsminister St\u00f8re. Hva med J\u00e4mtland og H\u00e4rjedalen, norske omr\u00e5der som Sverige har okkupert siden 1645?<\/p>\n\n\n\n<p><a href=\"mailto:ttt@skoletjenesten.no?cc=&amp;bcc=&amp;subject=Vv%20260107-2&amp;amptarget=\" target=\"_blank\" rel=\"noreferrer noopener nofollow\"><em>Kommenter denne notisen<\/em><\/a><\/p>\n\n\n\n<p class=\"has-text-align-center\">\u058e\u058e\u058e<\/p>\n\n\n\n<p id=\"Vv-260107-1\"><strong><em><strong>Vv-260107<\/strong>-1 (x): Gr\u00f8nlands-misforst\u00e5else?<\/em> <\/strong>Kan det tenkes at snakket om president Donald og Gr\u00f8nland bygger p\u00e5 en misforst\u00e5else? Her i Bloggen har jeg tidligere antydet at Donald kanskje ikke vet hvor Gr\u00f8nland ligger, og USA-aksjonen mot Venezuela mener jeg styrker tanken om en misforst\u00e5else. <em><a href=\"https:\/\/oma.skoletjenesten.no\/?page_id=3747\" data-type=\"link\" data-id=\"https:\/\/oma.skoletjenesten.no\/?page_id=3747\" target=\"_blank\" rel=\"noreferrer noopener\"><br>Les mer &#8230;<\/a><\/em><\/p>\n\n\n\n<p><a href=\"mailto:ttt@skoletjenesten.no?cc=&amp;bcc=&amp;subject=Vv%20260107-1&amp;amptarget=\" target=\"_blank\" rel=\"noreferrer noopener nofollow\"><em>Kommenter denne notisen<\/em><\/a><\/p>\n\n\n\n<p class=\"has-text-align-center\">\u058e\u058e\u058e<\/p>\n\n\n<div class=\"wp-block-image is-style-twentytwentyone-border\">\n<figure class=\"alignright size-full\"><a href=\"http:\/\/ttt.skoletjenesten.no\/wp-content\/uploads\/2025\/09\/Kvinneherredsstyre-1925_Budstikka%2030-11-1925-pages_4.pdf\" target=\"_blank\" rel=\" noreferrer noopener\"><img loading=\"lazy\" decoding=\"async\" width=\"547\" height=\"802\" src=\"https:\/\/oma.skoletjenesten.no\/wp-content\/uploads\/2026\/01\/Kvinneherredsstyre-1925_OK_Budstikka2030-11-1925-pages_4.jpg\" alt=\"\" class=\"wp-image-3735\" srcset=\"https:\/\/oma.skoletjenesten.no\/wp-content\/uploads\/2026\/01\/Kvinneherredsstyre-1925_OK_Budstikka2030-11-1925-pages_4.jpg 547w, https:\/\/oma.skoletjenesten.no\/wp-content\/uploads\/2026\/01\/Kvinneherredsstyre-1925_OK_Budstikka2030-11-1925-pages_4-205x300.jpg 205w\" sizes=\"auto, (max-width: 547px) 100vw, 547px\" \/><\/a><figcaption class=\"wp-element-caption\">Asker og B\u00e6rums Budstikke 30. november 1925. Klikk for \u00e5 lese.<\/figcaption><\/figure>\n<\/div>\n\n\n<p id=\"Vv-260106\"><strong><em><strong>Vv-260106<\/strong>: Kvinnedominert.<\/em><\/strong> For hundre \u00e5r siden tiltr\u00e5dte kommunestyrerepresentantene som var valgt h\u00f8sten 1925, sin tre\u00e5rsperiode. P\u00e5 Utsira besto kommunestyret da av 11 kvinner og \u00e9n mann. Det fremg\u00e5r ikke av klippet ved siden av hvem som ble valgt til ordf\u00f8rer.<\/p>\n\n\n\n<p>.<\/p>\n\n\n\n<p>.<\/p>\n\n\n\n<p>,<\/p>\n\n\n\n<p><a href=\"mailto:ttt@skoletjenesten.no?cc=&amp;bcc=&amp;subject=Vv%20260106&amp;amptarget=\" target=\"_blank\" rel=\"noreferrer noopener nofollow\"><em>Kommenter denne notisen<\/em><\/a><\/p>\n\n\n\n<p class=\"has-text-align-center\">\u058e\u058e\u058e<\/p>\n\n\n\n<p id=\"Vv-260105\"><strong><em><strong>Vv-26010<\/strong>5: Polarimperialisme<strong><em> (x)<\/em><\/strong>.<\/em><\/strong> \u00abLook to Norway\u00bb var noe av det president Franklin D. Roosevelt sa i en <a href=\"https:\/\/no.wikipedia.org\/wiki\/Look_to_Norway\" data-type=\"link\" data-id=\"https:\/\/no.wikipedia.org\/wiki\/Look_to_Norway\" target=\"_blank\" rel=\"noreferrer noopener\">tale i 1942<\/a>. Kanskje dagens president Donald burde f\u00f8lge oppfordringen? For Norge har mer enn 90 \u00e5rs erfaring med okkupasjon av og overh\u00f8yhet over omr\u00e5der i polarstr\u00f8kene (Eirik Raudes land og Bouvet\u00f8ya, <em><a href=\"https:\/\/oma.skoletjenesten.no\/?page_id=3705\" data-type=\"link\" data-id=\"https:\/\/oma.skoletjenesten.no\/?page_id=3705\" target=\"_blank\" rel=\"noreferrer noopener\">Les mer &#8230;<\/a><\/em><\/p>\n\n\n\n<p><a href=\"mailto:ttt@skoletjenesten.no?cc=&amp;bcc=&amp;subject=Vv%20260105&amp;amptarget=\" target=\"_blank\" rel=\"noreferrer noopener nofollow\"><em>Kommenter denne notisen<\/em><\/a><\/p>\n\n\n\n<p class=\"has-text-align-center\">\u058e\u058e\u058e<\/p>\n\n\n\n<p id=\"Vv-260104-2\"><strong><em><strong>Vv-260104-2<\/strong>: Matematikk.<\/em><\/strong> Bloggerens regneferdigheter er ikke hva de var. \u00abJoseph Grimeland ville vel ha fylt 110?\u00bb sp\u00f8r Erle Nielsen h\u00f8flig i en kommentar til <a href=\"https:\/\/oma.skoletjenesten.no\/?p=3661\/#Vv-251228-1\" data-type=\"link\" data-id=\"https:\/\/oma.skoletjenesten.no\/?p=3661\/#Vv-251228-1\" target=\"_blank\" rel=\"noreferrer noopener\">min p\u00e5stand<\/a> om at han ville ha fylt 89. Grimeland var f\u00f8dt i 1916, og bloggeren kan bekrefte at han ville ha fylt 110 \u00e5r i \u00e5r. Feilen er rettet. Les novellen <em><a href=\"https:\/\/www.nb.no\/items\/df77fb285e738bde8101fd8187a94312?page=213&amp;searchText=\u00f8stenfor%20sol\" data-type=\"link\" data-id=\"https:\/\/www.nb.no\/items\/df77fb285e738bde8101fd8187a94312?page=213&amp;searchText=\u00f8stenfor%20sol\" target=\"_blank\" rel=\"noreferrer noopener\">Blomster til Algernon<\/a><\/em>.<\/p>\n\n\n\n<p><a href=\"mailto:ttt@skoletjenesten.no?cc=&amp;bcc=&amp;subject=Vv%20260104-2&amp;amptarget=\" target=\"_blank\" rel=\"noreferrer noopener\"><em>Kommenter denne notisen<\/em><\/a><\/p>\n\n\n\n<p class=\"has-text-align-center\">\u058e\u058e\u058e<\/p>\n\n\n<div class=\"wp-block-image is-style-twentytwentyone-border\">\n<figure class=\"alignright size-full\"><img loading=\"lazy\" decoding=\"async\" width=\"497\" height=\"232\" src=\"https:\/\/oma.skoletjenesten.no\/wp-content\/uploads\/2025\/04\/102_EEFkort_OK.jpg\" alt=\"\" class=\"wp-image-1742\" srcset=\"https:\/\/oma.skoletjenesten.no\/wp-content\/uploads\/2025\/04\/102_EEFkort_OK.jpg 497w, https:\/\/oma.skoletjenesten.no\/wp-content\/uploads\/2025\/04\/102_EEFkort_OK-300x140.jpg 300w\" sizes=\"auto, (max-width: 497px) 100vw, 497px\" \/><\/figure>\n<\/div>\n\n\n<p id=\"Vv-260104-1\"><strong><em>Vv-260104-1: EEF (x).<\/em><\/strong> Engstelige eldres forening er p\u00e5 plass ogs\u00e5 i det nye \u00e5ret og med bloggens nye form. Denne gangen handler det om hukommelse og huskeliste ved hjelp av mobiltelefonen.<br><em><a href=\"https:\/\/oma.skoletjenesten.no\/?page_id=3698https:\/\/oma.skoletjenesten.no\/?page_id=3698\" data-type=\"link\" data-id=\"https:\/\/oma.skoletjenesten.no\/?page_id=3698https:\/\/oma.skoletjenesten.no\/?page_id=3698\" target=\"_blank\" rel=\"noreferrer noopener\">Les mer &#8230;<\/a><\/em><\/p>\n\n\n\n<p><a href=\"mailto:ttt@skoletjenesten.no?cc=&amp;bcc=&amp;subject=Vv%20260104-1&amp;amptarget=\" rel=\"nofollow\"><em>Kommenter denne notisen<\/em><\/a><\/p>\n\n\n\n<p class=\"has-text-align-center\">\u058e\u058e\u058e<\/p>\n\n\n\n<p id=\"Vv-260103-2\"><strong><em>Vv-260103-2: Nedb\u00f8rsbegreper.<\/em><\/strong> Hittil i vinter har sn\u00f8mengdene rundt bloggens hovedkvarter v\u00e6rt til \u00e5 leve med, men bloggeren synes de f\u00e5 centimetrene som har kommet, er i meste laget. Men vi f\u00e5r ta det som et godt tegn at meteorologene har sluttet \u00e5 snakke om sn\u00f8 og bruker begrepet <em>hvit nedb\u00f8r<\/em>. Dette fikk Pernille Bolander tilsnakk for i <em>NRK-Nyhetsmorgen<\/em> (skattefinansiert) 2. januar:<\/p>\n\n\n\n<figure class=\"wp-block-audio\"><audio controls src=\"https:\/\/oma.skoletjenesten.no\/wp-content\/uploads\/2026\/01\/2_Hvit-nedboer-Snoe_260102_NRK-Nhetsmorgen_PernilleBolander_.mp3\"><\/audio><\/figure>\n\n\n\n<p><a href=\"mailto:ttt@skoletjenesten.no?cc=&amp;bcc=&amp;subject=Vv%201\/xx&amp;amptarget=\"><em>Kommenter denne notisen<\/em><\/a><\/p>\n\n\n\n<p class=\"has-text-align-center\">\u058e\u058e\u058e<\/p>\n\n\n\n<p id=\"Vv-260103-1\"><strong><em>Vv-260103-1: Spr\u00e5knerdens hj\u00f8rne.<\/em><\/strong> Innlegget <em><a href=\"https:\/\/oma.skoletjenesten.no\/?p=3627\" data-type=\"link\" data-id=\"https:\/\/oma.skoletjenesten.no\/?p=3627\" target=\"_blank\" rel=\"noreferrer noopener\">Dobbelt bestemmelse<\/a><\/em> i fjor\u00e5rets siste utgave av bloggen trodde jeg var et utslag av min s\u00e6re interesse for spr\u00e5k. Men det har kommet to kommentarer til det, og de st\u00e5r under innlegget.<\/p>\n\n\n\n<p><a href=\"mailto:ttt@skoletjenesten.no?cc=&amp;bcc=&amp;subject=Vv%201\/xx&amp;amptarget=\"><em>Kommenter denne notisen<\/em><\/a><\/p>\n","protected":false},"excerpt":{"rendered":"<p>Denne spalten het tidligere Alternative fakta, som fortsatt er kategori-betegnelsen. I Alternative fakta l\u00e5 vekten ofte mer p\u00e5 det alternative enn p\u00e5 fakta. Her i Virtuell virkelighet kan vekten&nbsp;ligge mer p\u00e5 det virtuelle enn p\u00e5 virkeligheten. Navneskiftet ble forklart i siste utgave av Alternative fakta 15. januar 2021. Vv-260103-1: Spr\u00e5knerdens hj\u00f8rneVv-260103-2: Nedb\u00f8rsbegreper Vv-260104-1: EEF (x)Vv-260104-2:&hellip; <a class=\"more-link\" href=\"https:\/\/oma.skoletjenesten.no\/?p=3683\">Fortsett \u00e5 lese <span class=\"screen-reader-text\">\u058eVirtuell virkelighet\u058e uke 2\/26<\/span><\/a><\/p>\n","protected":false},"author":1,"featured_media":0,"comment_status":"open","ping_status":"open","sticky":false,"template":"","format":"standard","meta":{"footnotes":""},"categories":[11],"tags":[],"class_list":["post-3683","post","type-post","status-publish","format-standard","hentry","category-alternative-fakta","entry"],"_links":{"self":[{"href":"https:\/\/oma.skoletjenesten.no\/index.php?rest_route=\/wp\/v2\/posts\/3683","targetHints":{"allow":["GET"]}}],"collection":[{"href":"https:\/\/oma.skoletjenesten.no\/index.php?rest_route=\/wp\/v2\/posts"}],"about":[{"href":"https:\/\/oma.skoletjenesten.no\/index.php?rest_route=\/wp\/v2\/types\/post"}],"author":[{"embeddable":true,"href":"https:\/\/oma.skoletjenesten.no\/index.php?rest_route=\/wp\/v2\/users\/1"}],"replies":[{"embeddable":true,"href":"https:\/\/oma.skoletjenesten.no\/index.php?rest_route=%2Fwp%2Fv2%2Fcomments&post=3683"}],"version-history":[{"count":28,"href":"https:\/\/oma.skoletjenesten.no\/index.php?rest_route=\/wp\/v2\/posts\/3683\/revisions"}],"predecessor-version":[{"id":4006,"href":"https:\/\/oma.skoletjenesten.no\/index.php?rest_route=\/wp\/v2\/posts\/3683\/revisions\/4006"}],"wp:attachment":[{"href":"https:\/\/oma.skoletjenesten.no\/index.php?rest_route=%2Fwp%2Fv2%2Fmedia&parent=3683"}],"wp:term":[{"taxonomy":"category","embeddable":true,"href":"https:\/\/oma.skoletjenesten.no\/index.php?rest_route=%2Fwp%2Fv2%2Fcategories&post=3683"},{"taxonomy":"post_tag","embeddable":true,"href":"https:\/\/oma.skoletjenesten.no\/index.php?rest_route=%2Fwp%2Fv2%2Ftags&post=3683"}],"curies":[{"name":"wp","href":"https:\/\/api.w.org\/{rel}","templated":true}]}}