{"id":3632,"date":"2025-12-26T14:42:30","date_gmt":"2025-12-26T14:42:30","guid":{"rendered":"https:\/\/oma.skoletjenesten.no\/?p=3632"},"modified":"2026-02-05T21:56:42","modified_gmt":"2026-02-05T21:56:42","slug":"virtuell-virkelighet-51-25","status":"publish","type":"post","link":"https:\/\/oma.skoletjenesten.no\/?p=3632","title":{"rendered":"Virtuell virkelighet 51\/25"},"content":{"rendered":"\n<p><small>Denne spalten het tidligere <em>Alternative fakta<\/em>, som fortsatt er kategori-betegnelsen. I<em> Alternative fakta<\/em> l\u00e5 vekten ofte mer p\u00e5 det alternative enn p\u00e5 fakta. Her i <em>Virtuell virkelighet<\/em> kan vekten&nbsp; ligge mer p\u00e5 det virtuelle enn p\u00e5 virkeligheten.<\/small><\/p>\n\n\n\n<p><small>Navneskiftet ble forklart i <a href=\"http:\/\/ttt.skoletjenesten.no\/alternative-fakta-3-21\/\" target=\"_blank\" rel=\"noreferrer noopener\">siste utgave av Alternative fakta 15. januar 2021<\/a>.<\/small><\/p>\n\n\n\n<hr class=\"wp-block-separator has-alpha-channel-opacity\"\/>\n\n\n\n<p class=\"has-small-font-size\"><a href=\"#Vv1\" data-type=\"internal\" data-id=\"#Vv1\">Vv1: Flaggdag<\/a> \u058e\u058e <a href=\"#Vv2\" data-type=\"internal\" data-id=\"#Vv2\">Vv2: Premier<\/a> \u058e\u058e <a href=\"#Vv3\" data-type=\"internal\" data-id=\"#Vv3\">Vv3: Lesestoff<\/a> \u058e\u058e <a href=\"#Vv4\" data-type=\"internal\" data-id=\"#Vv4\">Vv4: Folkedrap<\/a> \u058e\u058e <a href=\"#Vv5\" data-type=\"internal\" data-id=\"#Vv5\">Vv5: Papir<\/a> \u058e\u058e <a href=\"#Vv6\" data-type=\"internal\" data-id=\"#Vv6\">Vv6: Sj\u00f8fart<\/a> \u058e\u058e <a href=\"#Vv7\" data-type=\"internal\" data-id=\"#Vv7\">Vv7: Post<\/a> \u058e\u058e <a href=\"#Vv8\" data-type=\"internal\" data-id=\"#Vv8\">Vv8: Emigrantskip<\/a><\/p>\n\n\n\n<hr class=\"wp-block-separator has-alpha-channel-opacity\"\/>\n\n\n\n<p id=\"Vv1\"><strong><em>Vv1: Flaggdag.<\/em><\/strong> Kronprinsesse Mette Marits lungesykdom har v\u00e6rt kjent i flere \u00e5r. Men fredag f\u00f8r jul fikk vi vite at den har forverret seg i det siste. Forh\u00e5pentlig har hun hatt en fredelig og hyggelig jul sammen med familien. Kronprinsessen er ikke f\u00f8dt kongelig, og har derfor m\u00e5ttet overbevise bloggeren om at hun er verdig \u00e5 flagges for p\u00e5 sin f\u00f8dselsdag 19. august. Det har hun gjort, og da heises flagget her \u2013 som det ogs\u00e5 gj\u00f8res 4. juli (dronning Sonjas f\u00f8dselsdag). Bloggeren er organ-donor, og kan derfor \u00aboppleve\u00bb at hans lunger blir kongelige.<\/p>\n\n\n\n<p><a href=\"mailto:ttt@skoletjenesten.no?cc=&amp;bcc=&amp;subject=Vv%201\/51&amp;amptarget=\"><em>Kommenter denne notisen<\/em><\/a><\/p>\n\n\n\n<p class=\"has-text-align-center\">\u058e\u058e\u058e<\/p>\n\n\n\n<figure class=\"wp-block-video alignright\"><video height=\"740\" style=\"aspect-ratio: 986 \/ 740;\" width=\"986\" controls src=\"https:\/\/oma.skoletjenesten.no\/wp-content\/uploads\/2025\/05\/20_Sigarettpremie.mp4\"><\/video><figcaption class=\"wp-element-caption\">Filmavisen 7. oktober 1954.<\/figcaption><\/figure>\n\n\n\n<p id=\"Vv2\"><strong><em>Vv2: Premier.<\/em><\/strong> I Filmavisens 1954-reportasje om en trafikksikkerhets-kampanje i Oslo, la bloggeren merke til premiene de fikk som oppf\u00f8rte seg pent i trafikken. Han la s\u00e6rlig merke til at det var forskjell p\u00e5 premier til herrer og til damer. Det hadde nok ikke g\u00e5tt i dag, og kanskje ville heller ikke premien til herrene falt i god jord.<\/p>\n\n\n\n<p><a href=\"mailto:ttt@skoletjenesten.no?cc=&amp;bcc=&amp;subject=Vv%202\/51&amp;amptarget=\"><em>Kommenter denne notisen<\/em><\/a><\/p>\n\n\n\n<p class=\"has-text-align-center\">\u058e\u058e\u058e<\/p>\n\n\n<div class=\"wp-block-image is-style-twentytwentyone-border\">\n<figure class=\"alignright size-full\"><a href=\"http:\/\/ttt.skoletjenesten.no\/wp-content\/uploads\/2025\/09\/30_Speidereventyr_Aftenposten%2019.%20desember%201925.pdf\" target=\"_blank\" rel=\" noreferrer noopener\"><img loading=\"lazy\" decoding=\"async\" width=\"528\" height=\"686\" src=\"https:\/\/oma.skoletjenesten.no\/wp-content\/uploads\/2025\/12\/30_Speidereventyr_OK_Aftenposten20desember201925.jpg\" alt=\"\" class=\"wp-image-3635\" srcset=\"https:\/\/oma.skoletjenesten.no\/wp-content\/uploads\/2025\/12\/30_Speidereventyr_OK_Aftenposten20desember201925.jpg 528w, https:\/\/oma.skoletjenesten.no\/wp-content\/uploads\/2025\/12\/30_Speidereventyr_OK_Aftenposten20desember201925-231x300.jpg 231w\" sizes=\"auto, (max-width: 528px) 100vw, 528px\" \/><\/a><figcaption class=\"wp-element-caption\">Aftenposten 19. desember 1925. Klikk ovenfor for \u00e5 lese annonsen. Klikk <a href=\"https:\/\/www.nb.no\/items\/7675c656650511f1607ea40e2cbda6c9?page=0&amp;searchText=Speidereventyr\" data-type=\"link\" data-id=\"https:\/\/www.nb.no\/items\/7675c656650511f1607ea40e2cbda6c9?page=0&amp;searchText=Speidereventyr\" target=\"_blank\" rel=\"noreferrer noopener\">her<\/a> for \u00e5 lese boken.<\/figcaption><\/figure>\n<\/div>\n\n\n<p id=\"Vv3\"><strong><em>Vv3: Lesestoff.<\/em><\/strong> Blogglesere som slipper opp for lesestoff i romjulen, kaster seg selvf\u00f8lgelig f\u00f8rst og fremst over bloggens tidligere \u00e5rganger. Hvis det ikke er nok, kan i hvert fall i de yngre bloggleserne kanskje ha glede av det som p\u00e5 annonseplass i 1925 ble omtalt som \u00abjulens mest spendende guttebok\u00bb: <em>Speidereventyr<\/em> av Bj\u00f8rn Bruse.<\/p>\n\n\n\n<p>.<\/p>\n\n\n\n<p><a href=\"mailto:ttt@skoletjenesten.no?cc=&amp;bcc=&amp;subject=Vv%203\/51&amp;amptarget=\"><em>Kommenter denne notisen<\/em><\/a><\/p>\n\n\n\n<p class=\"has-text-align-center\">\u058e\u058e\u058e<\/p>\n\n\n<div class=\"wp-block-image is-style-twentytwentyone-border\">\n<figure class=\"alignright size-full\"><a href=\"http:\/\/ttt.skoletjenesten.no\/wp-content\/uploads\/2025\/09\/40_Folkedrap---LeoEitinger_Aftenposten%2028.%20november%201975.pdf\" target=\"_blank\" rel=\" noreferrer noopener\"><img loading=\"lazy\" decoding=\"async\" width=\"527\" height=\"688\" src=\"https:\/\/oma.skoletjenesten.no\/wp-content\/uploads\/2025\/12\/40_Folkedrap-LeoEitinger_OK_Aftenposten20november201975.jpg\" alt=\"\" class=\"wp-image-3636\" srcset=\"https:\/\/oma.skoletjenesten.no\/wp-content\/uploads\/2025\/12\/40_Folkedrap-LeoEitinger_OK_Aftenposten20november201975.jpg 527w, https:\/\/oma.skoletjenesten.no\/wp-content\/uploads\/2025\/12\/40_Folkedrap-LeoEitinger_OK_Aftenposten20november201975-230x300.jpg 230w\" sizes=\"auto, (max-width: 527px) 100vw, 527px\" \/><\/a><figcaption class=\"wp-element-caption\">Aftenposten 28. november 1975. Klikk for \u00e5 lese.<\/figcaption><\/figure>\n<\/div>\n\n\n<p id=\"Vv4\"><strong><em>Vv4: Folkedrap. <\/em><\/strong>For femti \u00e5r siden skrev <a href=\"https:\/\/snl.no\/Leo_Eitinger\" data-type=\"link\" data-id=\"https:\/\/snl.no\/Leo_Eitinger\" target=\"_blank\" rel=\"noreferrer noopener\">Leo Eitinger<\/a> innlegget <em>Forberedelse til folkedrap<\/em> i Aftenposten. Med dagens Midt\u00f8sten-konflikt som bakteppe er det interessant lesning . Se ogs\u00e5 <em><a href=\"https:\/\/oma.skoletjenesten.no\/?p=3616\" data-type=\"link\" data-id=\"https:\/\/oma.skoletjenesten.no\/?p=3616\" target=\"_blank\" rel=\"noreferrer noopener\">Tostatsl\u00f8sninger<\/a><\/em> i dagens blogg.<\/p>\n\n\n\n<p>.<\/p>\n\n\n\n<p>.<\/p>\n\n\n\n<p>.<\/p>\n\n\n\n<p><a href=\"mailto:ttt@skoletjenesten.no?cc=&amp;bcc=&amp;subject=Vv%204\/51&amp;amptarget=\"><em>Kommenter denne notisen<\/em><\/a><\/p>\n\n\n\n<p class=\"has-text-align-center\">\u058e\u058e\u058e<\/p>\n\n\n<div class=\"wp-block-image is-style-twentytwentyone-border\">\n<figure class=\"alignright size-full\"><img loading=\"lazy\" decoding=\"async\" width=\"353\" height=\"774\" src=\"https:\/\/oma.skoletjenesten.no\/wp-content\/uploads\/2025\/12\/50_Toiletpapir-Annonse_Opera-Bilde_2025-04-22_140244_www.dagsdato.no_.png\" alt=\"\" class=\"wp-image-3637\" srcset=\"https:\/\/oma.skoletjenesten.no\/wp-content\/uploads\/2025\/12\/50_Toiletpapir-Annonse_Opera-Bilde_2025-04-22_140244_www.dagsdato.no_.png 353w, https:\/\/oma.skoletjenesten.no\/wp-content\/uploads\/2025\/12\/50_Toiletpapir-Annonse_Opera-Bilde_2025-04-22_140244_www.dagsdato.no_-137x300.png 137w\" sizes=\"auto, (max-width: 353px) 100vw, 353px\" \/><figcaption class=\"wp-element-caption\">Aftenposten 1925.<\/figcaption><\/figure>\n<\/div>\n\n\n<p class=\"has-text-align-left\" id=\"Vv5\"><strong><em>Vv5: Papir.<\/em><\/strong> Globus i Lille Grensen solgte \u00abtoilet papir for Vandklosetter og andre kvaliteter\u00bb (annonsen ved siden av). Firmaet er nok i dag utkonkurrert av skolekorpsene.<\/p>\n\n\n\n<p>.<\/p>\n\n\n\n<p>.<\/p>\n\n\n\n<p>.<\/p>\n\n\n\n<p>.<\/p>\n\n\n\n<p>.<\/p>\n\n\n\n<p>.<\/p>\n\n\n\n<p>.<\/p>\n\n\n\n<p>.<\/p>\n\n\n\n<p><a href=\"mailto:ttt@skoletjenesten.no?cc=&amp;bcc=&amp;subject=Vv%205\/51&amp;amptarget=\"><em>Kommenter denne notisen<\/em><\/a><\/p>\n\n\n\n<p class=\"has-text-align-center\">\u058e\u058e\u058e<\/p>\n\n\n\n<p id=\"Vv6\"><strong><em>Vv6: Sj\u00f8fart.<\/em><\/strong> Da Norge var en <em>sj\u00f8fart<\/em>snasjon (n\u00e5 er landet en <em>skipsfarts<\/em>nasjon), holdt <a href=\"https:\/\/lokalhistoriewiki.no\/Oslo_Sj\u00f8mannshjem\" data-type=\"link\" data-id=\"https:\/\/lokalhistoriewiki.no\/Oslo_Sj\u00f8mannshjem\" target=\"_blank\" rel=\"noreferrer noopener\">Oslo Sj\u00f8mannshjem<\/a> til i R\u00e5dhusgaten, i en bygning som ble revet til fordel for Norges rederiforbunds hovedkontor. Senere disposisjoner resulterte i Sj\u00f8mannshjemmets fond, som finansierte registreringen av sj\u00f8forklaringer fra Nortraship-fl\u00e5ten, noe bloggeren hadde \u00e6ren av \u00e5 arbeide med. Sj\u00f8forklaringene er n\u00e5 \u00e5 finne p\u00e5 nettstedet <em><a href=\"https:\/\/www.krigsseilerregisteret.no\" data-type=\"link\" data-id=\"https:\/\/www.krigsseilerregisteret.no\" target=\"_blank\" rel=\"noreferrer noopener\">Krigsseilerregisteret<\/a><\/em>.<\/p>\n\n\n\n<p><a href=\"mailto:ttt@skoletjenesten.no?cc=&amp;bcc=&amp;subject=Vv%206\/51&amp;amptarget=\"><em>Kommenter denne notisen<\/em><\/a><\/p>\n\n\n\n<p class=\"has-text-align-center\">\u058e\u058e\u058e<\/p>\n\n\n<div class=\"wp-block-image is-style-twentytwentyone-border\">\n<figure class=\"alignright size-full\"><img loading=\"lazy\" decoding=\"async\" width=\"786\" height=\"356\" src=\"https:\/\/oma.skoletjenesten.no\/wp-content\/uploads\/2025\/12\/70_Portokrav-s2_1925-1221_Opera-Bilde_2025-12-15_130536_eavis.budstikka.no_.png\" alt=\"\" class=\"wp-image-3639\" srcset=\"https:\/\/oma.skoletjenesten.no\/wp-content\/uploads\/2025\/12\/70_Portokrav-s2_1925-1221_Opera-Bilde_2025-12-15_130536_eavis.budstikka.no_.png 786w, https:\/\/oma.skoletjenesten.no\/wp-content\/uploads\/2025\/12\/70_Portokrav-s2_1925-1221_Opera-Bilde_2025-12-15_130536_eavis.budstikka.no_-300x136.png 300w, https:\/\/oma.skoletjenesten.no\/wp-content\/uploads\/2025\/12\/70_Portokrav-s2_1925-1221_Opera-Bilde_2025-12-15_130536_eavis.budstikka.no_-768x348.png 768w\" sizes=\"auto, (max-width: 786px) 100vw, 786px\" \/><figcaption class=\"wp-element-caption\">Asker og B\u00e6rums Budstikke 21. desember 1925.<\/figcaption><\/figure>\n<\/div>\n\n\n<p id=\"Vv7\"><strong><em>Vv7: Post.<\/em><\/strong> Meldingen ved siden av sto i Asker og B\u00e6rums Budstikke for hundre \u00e5r siden \u2013 p\u00e5 redaksjonell plass. Bloggeren tror at brevportoen var atskillig lavere p\u00e5 den tiden<\/p>\n\n\n\n<p><a href=\"mailto:ttt@skoletjenesten.no?cc=&amp;bcc=&amp;subject=Vv%207\/51&amp;amptarget=\"><em>Kommenter denne notisen<\/em><\/a><\/p>\n\n\n\n<p class=\"has-text-align-center\">\u058e\u058e\u058e<a href=\"#Vv8\" data-type=\"internal\" data-id=\"#Vv8\">#Vv8<\/a><\/p>\n\n\n\n<p id=\"Vv8\"><strong><em>Vv8: Emigrantskip.<\/em><\/strong> For hundre \u00e5r siden var et alternativ for nordmenn som s\u00f8kte lykken, \u00e5 utvandre til Sambandsstatene. Reisen m\u00e5tte foreg\u00e5 med skip, og fra i Oslofjord-omr\u00e5det kunne man velge norsk eller svensk amerikalinje. Klikk p\u00e5 annonsene nedenfor for lesbar st\u00f8rrelse.<\/p>\n\n\n\n<div class=\"wp-block-columns is-layout-flex wp-container-core-columns-is-layout-9d6595d7 wp-block-columns-is-layout-flex\">\n<div class=\"wp-block-column is-layout-flow wp-block-column-is-layout-flow\">\n<figure class=\"wp-block-image size-full is-style-twentytwentyone-border\"><a href=\"https:\/\/oma.skoletjenesten.no\/wp-content\/uploads\/2025\/12\/90_Amerikabaat1_1925-1107_Opera-Bilde_2025-11-03_125605_e-avis.aftenposten.no_.png\" target=\"_blank\" rel=\" noreferrer noopener\"><img loading=\"lazy\" decoding=\"async\" width=\"779\" height=\"536\" src=\"https:\/\/oma.skoletjenesten.no\/wp-content\/uploads\/2025\/12\/90_Amerikabaat1_1925-1107_Opera-Bilde_2025-11-03_125605_e-avis.aftenposten.no_.png\" alt=\"\" class=\"wp-image-3640\" srcset=\"https:\/\/oma.skoletjenesten.no\/wp-content\/uploads\/2025\/12\/90_Amerikabaat1_1925-1107_Opera-Bilde_2025-11-03_125605_e-avis.aftenposten.no_.png 779w, https:\/\/oma.skoletjenesten.no\/wp-content\/uploads\/2025\/12\/90_Amerikabaat1_1925-1107_Opera-Bilde_2025-11-03_125605_e-avis.aftenposten.no_-300x206.png 300w, https:\/\/oma.skoletjenesten.no\/wp-content\/uploads\/2025\/12\/90_Amerikabaat1_1925-1107_Opera-Bilde_2025-11-03_125605_e-avis.aftenposten.no_-768x528.png 768w\" sizes=\"auto, (max-width: 779px) 100vw, 779px\" \/><\/a><\/figure>\n<\/div>\n\n\n\n<div class=\"wp-block-column is-layout-flow wp-block-column-is-layout-flow\">\n<figure class=\"wp-block-image size-full is-style-twentytwentyone-border\"><a href=\"https:\/\/oma.skoletjenesten.no\/wp-content\/uploads\/2025\/12\/90_Amerikabaat2_1925-1107_Opera-Bilde_2025-11-03_125743_e-avis.aftenposten.no_.png\" target=\"_blank\" rel=\" noreferrer noopener\"><img loading=\"lazy\" decoding=\"async\" width=\"481\" height=\"816\" src=\"https:\/\/oma.skoletjenesten.no\/wp-content\/uploads\/2025\/12\/90_Amerikabaat2_1925-1107_Opera-Bilde_2025-11-03_125743_e-avis.aftenposten.no_.png\" alt=\"\" class=\"wp-image-3641\" srcset=\"https:\/\/oma.skoletjenesten.no\/wp-content\/uploads\/2025\/12\/90_Amerikabaat2_1925-1107_Opera-Bilde_2025-11-03_125743_e-avis.aftenposten.no_.png 481w, https:\/\/oma.skoletjenesten.no\/wp-content\/uploads\/2025\/12\/90_Amerikabaat2_1925-1107_Opera-Bilde_2025-11-03_125743_e-avis.aftenposten.no_-177x300.png 177w\" sizes=\"auto, (max-width: 481px) 100vw, 481px\" \/><\/a><\/figure>\n<\/div>\n<\/div>\n\n\n\n<p><a href=\"mailto:ttt@skoletjenesten.no?cc=&amp;bcc=&amp;subject=Vv%208\/51&amp;amptarget=\"><em>Kommenter denne notisen<\/em><\/a><\/p>\n\n\n\n<p class=\"has-text-align-center\"><\/p>\n\n\n\n<div style=\"height:100px\" aria-hidden=\"true\" class=\"wp-block-spacer\"><\/div>\n\n\n\n<hr class=\"wp-block-separator has-alpha-channel-opacity\"\/>\n\n\n\n<p class=\"has-text-align-center\"><em><a href=\"https:\/\/oma.skoletjenesten.no\/?p=3614\">Til innholdsliste for denne utgaven<\/a><\/em><\/p>\n\n\n\n<p class=\"has-extra-small-font-size\"><\/p>\n","protected":false},"excerpt":{"rendered":"<p>Denne spalten het tidligere Alternative fakta, som fortsatt er kategori-betegnelsen. I Alternative fakta l\u00e5 vekten ofte mer p\u00e5 det alternative enn p\u00e5 fakta. Her i Virtuell virkelighet kan vekten&nbsp; ligge mer p\u00e5 det virtuelle enn p\u00e5 virkeligheten. Navneskiftet ble forklart i siste utgave av Alternative fakta 15. januar 2021. Vv1: Flaggdag \u058e\u058e Vv2: Premier \u058e\u058e&hellip; <a class=\"more-link\" href=\"https:\/\/oma.skoletjenesten.no\/?p=3632\">Fortsett \u00e5 lese <span class=\"screen-reader-text\">Virtuell virkelighet 51\/25<\/span><\/a><\/p>\n","protected":false},"author":1,"featured_media":0,"comment_status":"open","ping_status":"open","sticky":false,"template":"","format":"standard","meta":{"footnotes":""},"categories":[11],"tags":[],"class_list":["post-3632","post","type-post","status-publish","format-standard","hentry","category-alternative-fakta","entry"],"_links":{"self":[{"href":"https:\/\/oma.skoletjenesten.no\/index.php?rest_route=\/wp\/v2\/posts\/3632","targetHints":{"allow":["GET"]}}],"collection":[{"href":"https:\/\/oma.skoletjenesten.no\/index.php?rest_route=\/wp\/v2\/posts"}],"about":[{"href":"https:\/\/oma.skoletjenesten.no\/index.php?rest_route=\/wp\/v2\/types\/post"}],"author":[{"embeddable":true,"href":"https:\/\/oma.skoletjenesten.no\/index.php?rest_route=\/wp\/v2\/users\/1"}],"replies":[{"embeddable":true,"href":"https:\/\/oma.skoletjenesten.no\/index.php?rest_route=%2Fwp%2Fv2%2Fcomments&post=3632"}],"version-history":[{"count":9,"href":"https:\/\/oma.skoletjenesten.no\/index.php?rest_route=\/wp\/v2\/posts\/3632\/revisions"}],"predecessor-version":[{"id":3656,"href":"https:\/\/oma.skoletjenesten.no\/index.php?rest_route=\/wp\/v2\/posts\/3632\/revisions\/3656"}],"wp:attachment":[{"href":"https:\/\/oma.skoletjenesten.no\/index.php?rest_route=%2Fwp%2Fv2%2Fmedia&parent=3632"}],"wp:term":[{"taxonomy":"category","embeddable":true,"href":"https:\/\/oma.skoletjenesten.no\/index.php?rest_route=%2Fwp%2Fv2%2Fcategories&post=3632"},{"taxonomy":"post_tag","embeddable":true,"href":"https:\/\/oma.skoletjenesten.no\/index.php?rest_route=%2Fwp%2Fv2%2Ftags&post=3632"}],"curies":[{"name":"wp","href":"https:\/\/api.w.org\/{rel}","templated":true}]}}