{"id":3558,"date":"2025-12-19T10:00:00","date_gmt":"2025-12-19T10:00:00","guid":{"rendered":"https:\/\/oma.skoletjenesten.no\/?p=3558"},"modified":"2026-02-05T21:56:59","modified_gmt":"2026-02-05T21:56:59","slug":"virtuell-virkelighet-50-25","status":"publish","type":"post","link":"https:\/\/oma.skoletjenesten.no\/?p=3558","title":{"rendered":"Virtuell virkelighet 50\/25"},"content":{"rendered":"\n<p><small>Denne spalten het tidligere <em>Alternative fakta<\/em>, som fortsatt er kategori-betegnelsen. I<em> Alternative fakta<\/em> l\u00e5 vekten ofte mer p\u00e5 det alternative enn p\u00e5 fakta. Her i <em>Virtuell virkelighet<\/em> kan vekten&nbsp; ligge mer p\u00e5 det virtuelle enn p\u00e5 virkeligheten.<\/small><\/p>\n\n\n\n<p><small>Navneskiftet ble forklart i <a href=\"http:\/\/ttt.skoletjenesten.no\/alternative-fakta-3-21\/\" target=\"_blank\" rel=\"noreferrer noopener\">siste utgave av Alternative fakta 15. januar 2021<\/a>.<\/small><\/p>\n\n\n\n<hr class=\"wp-block-separator has-alpha-channel-opacity\"\/>\n\n\n\n<p class=\"has-small-font-size\"><a href=\"#Vv1\" data-type=\"internal\" data-id=\"#Vv1\">Vv1: Fredsprisreise<\/a> \u058e\u058e <a href=\"#Vv2\" data-type=\"internal\" data-id=\"#Vv2\">Vv2: Brettspil<\/a>l \u058e\u058e <a href=\"#Vv3\" data-type=\"internal\" data-id=\"#Vv3\">Vv3: Reklame<\/a> \u058e\u058e <a href=\"#Vv4\" data-type=\"internal\" data-id=\"#Vv4\">Vv4: Sokndal<\/a> \u058e\u058e <a href=\"#Vv-5\" data-type=\"internal\" data-id=\"#Vv-5\">Vv5: Teknisk<\/a> \u058e\u058e <a href=\"#Vv6\" data-type=\"internal\" data-id=\"#Vv6\">Vv6: Fredsprisradio<\/a> \u058e\u058e <a href=\"#Vv7\" data-type=\"internal\" data-id=\"#Vv-7\">Vv7: Fjordfisk<\/a> \u058e\u058e <a href=\"#Vv8\">Vv8: Flyve-anordning<\/a> \u058e\u058e <a href=\"#Vv9\" data-type=\"internal\" data-id=\"#Vv9\">Vv9: Folkemusikk<\/a><\/p>\n\n\n\n<hr class=\"wp-block-separator has-alpha-channel-opacity\"\/>\n\n\n\n<p id=\"Vv1\"><strong><em>Vv1: Fredsprisreise<\/em>.<\/strong> Selv om \u00e5rets fredsprisvinner Mar\u00eda Corina Machado ikke rakk frem i tide til prisutdelingen, skal vi v\u00e6re glad for at hun fors\u00f8kte. Et alternativ kunne jo ha v\u00e6rt at hun hadde bedt president Donald om \u00e5 motta prisen p\u00e5 hennes vegne \u2026<\/p>\n\n\n\n<p><a href=\"mailto:ttt@skoletjenesten.no?cc=&amp;bcc=&amp;subject=Vv%201\/50&amp;amptarget=\"><em>Kommenter denne notisen<\/em><\/a><\/p>\n\n\n\n<p class=\"has-text-align-center\">\u058e\u058e\u058e<\/p>\n\n\n<div class=\"wp-block-image is-style-twentytwentyone-border\">\n<figure class=\"alignright size-full\"><a href=\"http:\/\/ttt.skoletjenesten.no\/wp-content\/uploads\/2025\/09\/10_Julenissereise_Budstikka%2019-12-1975-pages_9.pdf\" target=\"_blank\" rel=\" noreferrer noopener\"><img loading=\"lazy\" decoding=\"async\" width=\"549\" height=\"813\" src=\"https:\/\/oma.skoletjenesten.no\/wp-content\/uploads\/2025\/12\/10_Julenissereise_Budstikka-19-12-1975-pages_9_Opera-Bilde_2025-12-18_153518_10_Julenissereise_Budstikka2019-12-1975-pages_9.pdf.png\" alt=\"\" class=\"wp-image-3560\" srcset=\"https:\/\/oma.skoletjenesten.no\/wp-content\/uploads\/2025\/12\/10_Julenissereise_Budstikka-19-12-1975-pages_9_Opera-Bilde_2025-12-18_153518_10_Julenissereise_Budstikka2019-12-1975-pages_9.pdf.png 549w, https:\/\/oma.skoletjenesten.no\/wp-content\/uploads\/2025\/12\/10_Julenissereise_Budstikka-19-12-1975-pages_9_Opera-Bilde_2025-12-18_153518_10_Julenissereise_Budstikka2019-12-1975-pages_9.pdf-203x300.png 203w\" sizes=\"auto, (max-width: 549px) 100vw, 549px\" \/><\/a><figcaption class=\"wp-element-caption\">Asker og B\u00e6rums Budstikke 19. desember 1975. Klikk for lese- og utskriftsvennlig bilde.<\/figcaption><\/figure>\n<\/div>\n\n\n<p id=\"Vv2\"><strong><em>Vv2: Brettspill.<\/em><\/strong> Spill-avhengige b\u00f8r ikke lese dette! Men de som eventuelt tilbringer deler av julen sammen med barn uten anlegg for spill-avhengighet, kan skrive ut avissiden ved siden av, finne frem terninger og noe som egner seg som brikker, og pr\u00f8ve seg p\u00e5 julenisse-spillet. Det sto i Budstikka s\u00e5 sent som i 1975. De eldre barna f\u00f8lger sikkert allerede med p\u00e5 <a href=\"https:\/\/www.noradsanta.org\/en\/\" data-type=\"link\" data-id=\"https:\/\/www.noradsanta.org\/en\/\" target=\"_blank\" rel=\"noreferrer noopener\">Santa Tracker<\/a>.<\/p>\n\n\n\n<p>.<\/p>\n\n\n\n<p><a href=\"mailto:ttt@skoletjenesten.no?cc=&amp;bcc=&amp;subject=Vv%202\/50&amp;amptarget=\"><em>Kommenter denne notisen<\/em><\/a><\/p>\n\n\n\n<p class=\"has-text-align-center\">\u058e\u058e\u058e<\/p>\n\n\n\n<p id=\"Vv3\"><strong><em>Vv3: Reklame.<\/em><\/strong> If\u00f8lge nyhetsmeldinger skal hver av oss bruke mer enn 20 000 kroner i forbindelse med julen. Det fremg\u00e5r ikke om dette inkluderer produksjons- og distribusjonssjonskostnadene for reklame-materiell. Bloggeren har ikke lest noe av det han har f\u00e5tt, og kommer heller ikke ved sine innkj\u00f8p til \u00e5 oppfylle bel\u00f8pskravet.<\/p>\n\n\n\n<div class=\"wp-block-columns is-layout-flex wp-container-core-columns-is-layout-9d6595d7 wp-block-columns-is-layout-flex\">\n<div class=\"wp-block-column is-layout-flow wp-block-column-is-layout-flow\">\n<div class=\"wp-block-columns is-layout-flex wp-container-core-columns-is-layout-9d6595d7 wp-block-columns-is-layout-flex\">\n<div class=\"wp-block-column is-layout-flow wp-block-column-is-layout-flow\">\n<figure class=\"wp-block-image size-large\"><img loading=\"lazy\" decoding=\"async\" width=\"1024\" height=\"1005\" src=\"https:\/\/oma.skoletjenesten.no\/wp-content\/uploads\/2025\/12\/20_Direktereklame-OK_IMG_20251204_141836842-1024x1005.jpg\" alt=\"\" class=\"wp-image-3496\" srcset=\"https:\/\/oma.skoletjenesten.no\/wp-content\/uploads\/2025\/12\/20_Direktereklame-OK_IMG_20251204_141836842-1024x1005.jpg 1024w, https:\/\/oma.skoletjenesten.no\/wp-content\/uploads\/2025\/12\/20_Direktereklame-OK_IMG_20251204_141836842-300x294.jpg 300w, https:\/\/oma.skoletjenesten.no\/wp-content\/uploads\/2025\/12\/20_Direktereklame-OK_IMG_20251204_141836842-768x754.jpg 768w, https:\/\/oma.skoletjenesten.no\/wp-content\/uploads\/2025\/12\/20_Direktereklame-OK_IMG_20251204_141836842-1536x1507.jpg 1536w, https:\/\/oma.skoletjenesten.no\/wp-content\/uploads\/2025\/12\/20_Direktereklame-OK_IMG_20251204_141836842-2048x2010.jpg 2048w, https:\/\/oma.skoletjenesten.no\/wp-content\/uploads\/2025\/12\/20_Direktereklame-OK_IMG_20251204_141836842-1568x1539.jpg 1568w\" sizes=\"auto, (max-width: 1024px) 100vw, 1024px\" \/><figcaption class=\"wp-element-caption\">5. desember 2025.<\/figcaption><\/figure>\n<\/div>\n\n\n\n<div class=\"wp-block-column is-layout-flow wp-block-column-is-layout-flow\">\n<figure class=\"wp-block-image size-large\"><img loading=\"lazy\" decoding=\"async\" width=\"1024\" height=\"1024\" src=\"https:\/\/oma.skoletjenesten.no\/wp-content\/uploads\/2025\/12\/20_Reklame-251219_IMG_20251218_140039817-1024x1024.jpg\" alt=\"\" class=\"wp-image-3571\" srcset=\"https:\/\/oma.skoletjenesten.no\/wp-content\/uploads\/2025\/12\/20_Reklame-251219_IMG_20251218_140039817-1024x1024.jpg 1024w, https:\/\/oma.skoletjenesten.no\/wp-content\/uploads\/2025\/12\/20_Reklame-251219_IMG_20251218_140039817-300x300.jpg 300w, https:\/\/oma.skoletjenesten.no\/wp-content\/uploads\/2025\/12\/20_Reklame-251219_IMG_20251218_140039817-150x150.jpg 150w, https:\/\/oma.skoletjenesten.no\/wp-content\/uploads\/2025\/12\/20_Reklame-251219_IMG_20251218_140039817-768x768.jpg 768w, https:\/\/oma.skoletjenesten.no\/wp-content\/uploads\/2025\/12\/20_Reklame-251219_IMG_20251218_140039817-1536x1536.jpg 1536w, https:\/\/oma.skoletjenesten.no\/wp-content\/uploads\/2025\/12\/20_Reklame-251219_IMG_20251218_140039817-1568x1567.jpg 1568w, https:\/\/oma.skoletjenesten.no\/wp-content\/uploads\/2025\/12\/20_Reklame-251219_IMG_20251218_140039817.jpg 1951w\" sizes=\"auto, (max-width: 1024px) 100vw, 1024px\" \/><figcaption class=\"wp-element-caption\">19. desember 2025.<\/figcaption><\/figure>\n<\/div>\n<\/div>\n<\/div>\n<\/div>\n\n\n\n<p><a href=\"mailto:ttt@skoletjenesten.no?cc=&amp;bcc=&amp;subject=Vv%203\/50&amp;amptarget=\"><em>Kommenter denne notisen<\/em><\/a><\/p>\n\n\n\n<p class=\"has-text-align-center\">\u058e\u058e\u058e<\/p>\n\n\n\n<figure class=\"wp-block-video alignright\"><video height=\"746\" style=\"aspect-ratio: 1342 \/ 746;\" width=\"1342\" controls poster=\"https:\/\/oma.skoletjenesten.no\/wp-content\/uploads\/2025\/12\/30_Sokndal-Kart_OK_Opera-Bilde_2025-12-18_234036_www.norgeskart.no_.png\" src=\"https:\/\/oma.skoletjenesten.no\/wp-content\/uploads\/2025\/12\/30_Sokndalflom-Folk_251216_NRK-Dagsrevyen_Div-lokale-sist-LoneOlsen.mp4\"><\/video><figcaption class=\"wp-element-caption\">Fra NRK Dagsrevyen 16. desember 2025: Innbyggere i Sokndal viser styrrke.<\/figcaption><\/figure>\n\n\n\n<p id=\"Vv4\"><strong><em>Vv4: Sokndal.<\/em><\/strong> Sokndal i Rogaland er flomutsatt. Men innbyggerne tar det med hum\u00f8r (=galgenhumor?) om vi skal tro reportasjen i Dagsrevyen p\u00e5 den skattefinansierte TV-kanalen NRK. Denne bloggen har ikke mulighet for annet enn moralsk st\u00f8tte, men stiller gjerne opp som formidlingskanal for de som kan gi sokndalingene bistand p\u00e5 nyttigere m\u00e5ter.<\/p>\n\n\n\n<p><a href=\"mailto:ttt@skoletjenesten.no?cc=&amp;bcc=&amp;subject=Vv%204\/50&amp;amptarget=\"><em>Kommenter denne notisen<\/em><\/a><\/p>\n\n\n\n<p class=\"has-text-align-center\">\u058e\u058e\u058e<\/p>\n\n\n<div class=\"wp-block-image is-style-twentytwentyone-border\">\n<figure class=\"alignright size-full\"><a href=\"http:\/\/ttt.skoletjenesten.no\/wp-content\/uploads\/2025\/09\/35_Meccano_OK.pdf\" target=\"_blank\" rel=\" noreferrer noopener\"><img loading=\"lazy\" decoding=\"async\" width=\"539\" height=\"790\" src=\"https:\/\/oma.skoletjenesten.no\/wp-content\/uploads\/2025\/12\/35_Meccano_Opera-Bilde_2025-12-15_162456_Meccano_Aftenposten20desember201925.pdf.png\" alt=\"\" class=\"wp-image-3573\" srcset=\"https:\/\/oma.skoletjenesten.no\/wp-content\/uploads\/2025\/12\/35_Meccano_Opera-Bilde_2025-12-15_162456_Meccano_Aftenposten20desember201925.pdf.png 539w, https:\/\/oma.skoletjenesten.no\/wp-content\/uploads\/2025\/12\/35_Meccano_Opera-Bilde_2025-12-15_162456_Meccano_Aftenposten20desember201925.pdf-205x300.png 205w\" sizes=\"auto, (max-width: 539px) 100vw, 539px\" \/><\/a><figcaption class=\"wp-element-caption\">Aftenposten 19. desember 1925. Klikk for skalerbart bilde.<\/figcaption><\/figure>\n<\/div>\n\n\n<p id=\"Vv5\"><strong><em>Vv5: Teknisk.<\/em><\/strong> <em>Meccano<\/em> er en julegave bloggeren husker fra sin barndom. Den hadde han glede av i mange \u00e5r, og den var ikke s\u00e5 ulik 1925-varianten (annonsen ved siden av).<\/p>\n\n\n\n<p>.<\/p>\n\n\n\n<p>.<\/p>\n\n\n\n<p>.<\/p>\n\n\n\n<p>.<\/p>\n\n\n\n<p><a href=\"mailto:ttt@skoletjenesten.no?cc=&amp;bcc=&amp;subject=Vv%205\/50&amp;amptarget=\"><em>Kommenter denne notisen<\/em><\/a><\/p>\n\n\n\n<p class=\"has-text-align-center\">\u058e\u058e\u058e<\/p>\n\n\n\n<p id=\"Vv6\"><strong><em>Vv6: Fredssprisradio.<\/em><\/strong> I forbindelse med \u00e5rets fredspris allierte den skattefinansierte radiokanalen NRK seg med valgfaget <em>medier<\/em> p\u00e5 en n\u00e6rliggende ungdomsskole. Ida, Frida, KIne og Chetan presenterte gruppearbeidet sitt under sendingen da fredsprisen ble utdelt.<\/p>\n\n\n\n<div class=\"wp-block-columns is-layout-flex wp-container-core-columns-is-layout-9d6595d7 wp-block-columns-is-layout-flex\">\n<div class=\"wp-block-column is-layout-flow wp-block-column-is-layout-flow\">\n<div class=\"wp-block-columns is-layout-flex wp-container-core-columns-is-layout-9d6595d7 wp-block-columns-is-layout-flex\">\n<div class=\"wp-block-column is-layout-flow wp-block-column-is-layout-flow\">\n<figure class=\"wp-block-audio\"><audio controls src=\"https:\/\/oma.skoletjenesten.no\/wp-content\/uploads\/2025\/12\/38_Fredsprisutdeling-2025-Likner-skolepresentasjon_251210_NRK-AlltidNyheter_ChetanRasigi.mp3\"><\/audio><figcaption class=\"wp-element-caption\">Chetan Rastogi.<\/figcaption><\/figure>\n<\/div>\n\n\n\n<div class=\"wp-block-column is-layout-flow wp-block-column-is-layout-flow\">\n<figure class=\"wp-block-audio\"><audio controls src=\"https:\/\/oma.skoletjenesten.no\/wp-content\/uploads\/2025\/12\/38_Madurotale-Likner-skolepresentasjon_251210_NRK-AlltidNyheter_KIneTalemaskin.mp3\"><\/audio><figcaption class=\"wp-element-caption\">KIne (K.I.-generert).<\/figcaption><\/figure>\n<\/div>\n<\/div>\n<\/div>\n\n\n\n<div class=\"wp-block-column is-layout-flow wp-block-column-is-layout-flow\">\n<div class=\"wp-block-columns is-layout-flex wp-container-core-columns-is-layout-9d6595d7 wp-block-columns-is-layout-flex\">\n<div class=\"wp-block-column is-layout-flow wp-block-column-is-layout-flow\">\n<figure class=\"wp-block-audio\"><audio controls src=\"https:\/\/oma.skoletjenesten.no\/wp-content\/uploads\/2025\/12\/38_MariaCorinaMachado-Likner-skolepresentasjon_251210_NRK-AlltidNyheter_IdaDahlback.mp3\"><\/audio><figcaption class=\"wp-element-caption\">Ida Dahlback.<\/figcaption><\/figure>\n<\/div>\n\n\n\n<div class=\"wp-block-column is-layout-flow wp-block-column-is-layout-flow\">\n<figure class=\"wp-block-audio\"><audio controls src=\"https:\/\/oma.skoletjenesten.no\/wp-content\/uploads\/2025\/12\/38_Venezuela-i-dag-Likner-skolepresentasjon_251210_NRK-AlltidNyheter_FridaToensaas.mp3\"><\/audio><figcaption class=\"wp-element-caption\">Frida T\u00f8nsaas.<\/figcaption><\/figure>\n<\/div>\n<\/div>\n<\/div>\n<\/div>\n\n\n\n<p><a href=\"mailto:ttt@skoletjenesten.no?cc=&amp;bcc=&amp;subject=Vv%206\/50&amp;amptarget=\"><em>Kommenter denne notisen<\/em><\/a><\/p>\n\n\n\n<p class=\"has-text-align-center\">\u058e\u058e\u058e<\/p>\n\n\n<div class=\"wp-block-image is-style-twentytwentyone-border\">\n<figure class=\"alignright size-full\"><img loading=\"lazy\" decoding=\"async\" width=\"672\" height=\"245\" src=\"https:\/\/oma.skoletjenesten.no\/wp-content\/uploads\/2025\/12\/40_Fiskeforbud_Opera-Bilde_2025-10-23_195648_e-avis.aftenposten.no_.png\" alt=\"\" class=\"wp-image-3568\" srcset=\"https:\/\/oma.skoletjenesten.no\/wp-content\/uploads\/2025\/12\/40_Fiskeforbud_Opera-Bilde_2025-10-23_195648_e-avis.aftenposten.no_.png 672w, https:\/\/oma.skoletjenesten.no\/wp-content\/uploads\/2025\/12\/40_Fiskeforbud_Opera-Bilde_2025-10-23_195648_e-avis.aftenposten.no_-300x109.png 300w\" sizes=\"auto, (max-width: 672px) 100vw, 672px\" \/><\/figure>\n<\/div>\n\n\n<p id=\"Vv7\"><strong><em>Vv7: Fjordfisk.<\/em><\/strong> Det er visst fiskeforbud i Oslofjorden. Hvordan varsles fisken om dette? Og hvor skal den gj\u00f8re av seg?<\/p>\n\n\n\n<p><a href=\"mailto:ttt@skoletjenesten.no?cc=&amp;bcc=&amp;subject=Vv%207\/50&amp;amptarget=\"><em>Kommenter denne notisen<\/em><\/a><\/p>\n\n\n\n<p class=\"has-text-align-center\">\u058e\u058e\u058e<\/p>\n\n\n<div class=\"wp-block-image is-style-twentytwentyone-border\">\n<figure class=\"alignright size-full\"><a href=\"http:\/\/ttt.skoletjenesten.no\/wp-content\/uploads\/2025\/09\/50_Flyvende-vindmoelle---Helikopter-1925_Aftenposten%20Aften%2028.%20november%201925.pdf\" target=\"_blank\" rel=\" noreferrer noopener\"><img loading=\"lazy\" decoding=\"async\" width=\"545\" height=\"669\" src=\"https:\/\/oma.skoletjenesten.no\/wp-content\/uploads\/2025\/12\/50_Flyvende-vindmoelle-Helikopter-1925_OK_Aftenposten2028.201925.jpg\" alt=\"\" class=\"wp-image-3569\" srcset=\"https:\/\/oma.skoletjenesten.no\/wp-content\/uploads\/2025\/12\/50_Flyvende-vindmoelle-Helikopter-1925_OK_Aftenposten2028.201925.jpg 545w, https:\/\/oma.skoletjenesten.no\/wp-content\/uploads\/2025\/12\/50_Flyvende-vindmoelle-Helikopter-1925_OK_Aftenposten2028.201925-244x300.jpg 244w\" sizes=\"auto, (max-width: 545px) 100vw, 545px\" \/><\/a><figcaption class=\"wp-element-caption\">Aftenposten 28. november 1925. Klikk for \u00e5 lese.<\/figcaption><\/figure>\n<\/div>\n\n\n<p id=\"Vv8\"><strong><em>Vv8: Flyve-anordning.<\/em><\/strong> \u00abDen flyvende vindm\u00f8lle\u00bb var Aftenpostens betegnelse p\u00e5 det som egentlig ble kalt <em>autogiro<\/em>. Innretningen ble demonstrert for det engelske flyvev\u00e6sen i 1925, og har \u00e5penbart blitt videreutviklet.<\/p>\n\n\n\n<p>.<\/p>\n\n\n\n<p>.<\/p>\n\n\n\n<p><a href=\"mailto:ttt@skoletjenesten.no?cc=&amp;bcc=&amp;subject=Vv%208\/50&amp;amptarget=\"><em>Kommenter denne notisen<\/em><\/a><\/p>\n\n\n\n<p class=\"has-text-align-center\">\u058e\u058e\u058e<\/p>\n\n\n\n<p id=\"Vv9\"><strong><em>Vv9: Folkemusikk.<\/em><\/strong> Bloggeren har en gang holdt i Sigbj\u00f8rn Bernhoft Osas hardingfele, men spilte ikke p\u00e5 den. Det gjorde derimot hans forlagskollega \u2013 uten \u00e5 sp\u00f8rre Osa. Tema for m\u00f8tet var en planlagt bok om Osa. Den ble det ikke noe av \u2013 kanskje p\u00e5 grunn av spillingen? Men at det var l\u00e5t i fela n\u00e5r Osa brukte den, er dokumentert i opptak fra Ragnarock i Holmenkollen, der han spilte sammen med bergensbandet <a href=\"https:\/\/www.dagsavisen.no\/kultur\/saft-suse-her-tok-det-av-for-norsk-rock\/4756327\" data-type=\"link\" data-id=\"https:\/\/www.dagsavisen.no\/kultur\/saft-suse-her-tok-det-av-for-norsk-rock\/4756327\" target=\"_blank\" rel=\"noreferrer noopener\">Saft<\/a>.<\/p>\n\n\n\n<figure class=\"wp-block-embed is-type-video is-provider-youtube wp-block-embed-youtube wp-embed-aspect-16-9 wp-has-aspect-ratio\"><div class=\"wp-block-embed__wrapper\">\n<iframe loading=\"lazy\" title=\"Saft Osa &quot;Halling Etter Ola Mossefinn&quot;\" width=\"750\" height=\"422\" src=\"https:\/\/www.youtube.com\/embed\/0DUhh5p0hXI?feature=oembed\" frameborder=\"0\" allow=\"accelerometer; autoplay; clipboard-write; encrypted-media; gyroscope; picture-in-picture; web-share\" referrerpolicy=\"strict-origin-when-cross-origin\" allowfullscreen><\/iframe>\n<\/div><\/figure>\n\n\n\n<p><a href=\"mailto:ttt@skoletjenesten.no?cc=&amp;bcc=&amp;subject=Vv%209\/50&amp;amptarget=\"><em>Kommenter denne notisen<\/em><\/a><\/p>\n\n\n\n<div style=\"height:100px\" aria-hidden=\"true\" class=\"wp-block-spacer\"><\/div>\n\n\n\n<hr class=\"wp-block-separator has-alpha-channel-opacity\"\/>\n\n\n\n<p class=\"has-text-align-center\"><em><a href=\"https:\/\/oma.skoletjenesten.no\/?p=3584\">Til innholdsliste for denne utgaven<\/a><\/em><\/p>\n","protected":false},"excerpt":{"rendered":"<p>Denne spalten het tidligere Alternative fakta, som fortsatt er kategori-betegnelsen. I Alternative fakta l\u00e5 vekten ofte mer p\u00e5 det alternative enn p\u00e5 fakta. Her i Virtuell virkelighet kan vekten&nbsp; ligge mer p\u00e5 det virtuelle enn p\u00e5 virkeligheten. Navneskiftet ble forklart i siste utgave av Alternative fakta 15. januar 2021. Vv1: Fredsprisreise \u058e\u058e Vv2: Brettspill \u058e\u058e&hellip; <a class=\"more-link\" href=\"https:\/\/oma.skoletjenesten.no\/?p=3558\">Fortsett \u00e5 lese <span class=\"screen-reader-text\">Virtuell virkelighet 50\/25<\/span><\/a><\/p>\n","protected":false},"author":1,"featured_media":0,"comment_status":"open","ping_status":"open","sticky":false,"template":"","format":"standard","meta":{"footnotes":""},"categories":[11],"tags":[],"class_list":["post-3558","post","type-post","status-publish","format-standard","hentry","category-alternative-fakta","entry"],"_links":{"self":[{"href":"https:\/\/oma.skoletjenesten.no\/index.php?rest_route=\/wp\/v2\/posts\/3558","targetHints":{"allow":["GET"]}}],"collection":[{"href":"https:\/\/oma.skoletjenesten.no\/index.php?rest_route=\/wp\/v2\/posts"}],"about":[{"href":"https:\/\/oma.skoletjenesten.no\/index.php?rest_route=\/wp\/v2\/types\/post"}],"author":[{"embeddable":true,"href":"https:\/\/oma.skoletjenesten.no\/index.php?rest_route=\/wp\/v2\/users\/1"}],"replies":[{"embeddable":true,"href":"https:\/\/oma.skoletjenesten.no\/index.php?rest_route=%2Fwp%2Fv2%2Fcomments&post=3558"}],"version-history":[{"count":18,"href":"https:\/\/oma.skoletjenesten.no\/index.php?rest_route=\/wp\/v2\/posts\/3558\/revisions"}],"predecessor-version":[{"id":3608,"href":"https:\/\/oma.skoletjenesten.no\/index.php?rest_route=\/wp\/v2\/posts\/3558\/revisions\/3608"}],"wp:attachment":[{"href":"https:\/\/oma.skoletjenesten.no\/index.php?rest_route=%2Fwp%2Fv2%2Fmedia&parent=3558"}],"wp:term":[{"taxonomy":"category","embeddable":true,"href":"https:\/\/oma.skoletjenesten.no\/index.php?rest_route=%2Fwp%2Fv2%2Fcategories&post=3558"},{"taxonomy":"post_tag","embeddable":true,"href":"https:\/\/oma.skoletjenesten.no\/index.php?rest_route=%2Fwp%2Fv2%2Ftags&post=3558"}],"curies":[{"name":"wp","href":"https:\/\/api.w.org\/{rel}","templated":true}]}}