{"id":3518,"date":"2025-12-12T10:00:09","date_gmt":"2025-12-12T10:00:09","guid":{"rendered":"https:\/\/oma.skoletjenesten.no\/?p=3518"},"modified":"2026-02-05T21:57:12","modified_gmt":"2026-02-05T21:57:12","slug":"virtuell-virkelighet-49-25","status":"publish","type":"post","link":"https:\/\/oma.skoletjenesten.no\/?p=3518","title":{"rendered":"Virtuell virkelighet 49\/25"},"content":{"rendered":"\n<p><small>Denne spalten het tidligere <em>Alternative fakta<\/em>, som fortsatt er kategori-betegnelsen. I<em> Alternative fakta<\/em> l\u00e5 vekten ofte mer p\u00e5 det alternative enn p\u00e5 fakta. Her i <em>Virtuell virkelighet<\/em> kan vekten&nbsp; ligge mer p\u00e5 det virtuelle enn p\u00e5 virkeligheten.<\/small><\/p>\n\n\n\n<p><small>Navneskiftet ble forklart i <a href=\"http:\/\/ttt.skoletjenesten.no\/alternative-fakta-3-21\/\" target=\"_blank\" rel=\"noreferrer noopener\">siste utgave av Alternative fakta 15. januar 2021<\/a>.<\/small><\/p>\n\n\n\n<hr class=\"wp-block-separator has-alpha-channel-opacity\"\/>\n\n\n\n<p id=\"Vv1:-Julemusikk\"><a href=\"#Vv1:-Julemusikk\" data-type=\"internal\" data-id=\"#Vv1:-Julemusikk\">Vv1: Julemusikk<\/a> \u058e\u058e <a href=\"#Vv1:-Julemusikk\" data-type=\"internal\" data-id=\"#Vv1:-Julemusikk\">Vv2: Julesne<\/a> \u058e\u058e <a href=\"#Vv3:-Juletrikk\" data-type=\"internal\" data-id=\"#Vv3:-Juletrikk\">Vv3: Juletrikk<\/a> \u058e\u058e <a href=\"#Vv4:-Gaveideer\" data-type=\"internal\" data-id=\"#Vv4:-Gaveideer\">Vv4: Gaveideer<\/a> \u058e\u058e <a href=\"#Vv5:-Barneben\" data-type=\"internal\" data-id=\"#Vv5:-Barneben\">Vv5: Barneben<\/a> \u058e\u058e <a href=\"#Vv6:-Norsktime\" data-type=\"internal\" data-id=\"#Vv6:-Norsktime\">Vv6: Norsktime<\/a> \u058e\u058e <a href=\"#Vv7:-Tunneler\" data-type=\"internal\" data-id=\"#Vv7:-Tunneler\">Vv7: Tunneler<\/a> \u058e\u058e Vv8: Tysk<\/p>\n\n\n\n<p id=\"Vv1:-Julemusikk\"><em><strong>Vv1:<\/strong> <strong>Julemusikk<\/strong><\/em><strong>.<\/strong> Dombjeller h\u00f8rer \u00ab<a href=\"https:\/\/oma.skoletjenesten.no\/?p=3511\" data-type=\"link\" data-id=\"https:\/\/oma.skoletjenesten.no\/?p=3511\" target=\"_blank\" rel=\"noreferrer noopener\">julemusikken<\/a>\u00bb til, s\u00e6rlig USAnsk \u00abjulemusikk\u00bb, for i Sambandsstatene er det jo mye mer vanlig med hest og slede som transportmiddel enn her. P\u00e5 nettet f\u00e5r man kj\u00f8pt dombjellelyd i \u00abl\u00f8s vekt\u00bb:<\/p>\n\n\n\n<figure class=\"wp-block-audio\"><audio controls src=\"https:\/\/oma.skoletjenesten.no\/wp-content\/uploads\/2025\/12\/10_Dombjeller.mp3\"><\/audio><\/figure>\n\n\n\n<p><a href=\"mailto:ttt@skoletjenesten.no?cc=&amp;bcc=&amp;subject=Vv%201\/50&amp;amptarget=\"><em>Kommenter denne notisen<\/em><\/a><\/p>\n\n\n\n<p class=\"has-text-align-center\">\u058e\u058e\u058e<\/p>\n\n\n\n<p id=\"------------\"><strong><em>Vv2: Julesne<\/em>.<\/strong> Bloggeren tror det finnes et eget sted i helvete for de som absolutt m\u00e5 ha hvit jul. Selv n\u00f8yer han seg med den hvite bakgrunnsfargen p\u00e5 Yrs <a href=\"https:\/\/www.yr.no\/nb\/21-dagersvarsel\/1-2764989\/Norge\/Akershus\/B\u00e6rum\/Sandvika\" data-type=\"link\" data-id=\"https:\/\/www.yr.no\/nb\/21-dagersvarsel\/1-2764989\/Norge\/Akershus\/B\u00e6rum\/Sandvika\" target=\"_blank\" rel=\"noreferrer noopener\">21-dagers varse<\/a>l. Der kan det se ut som at vi f\u00e5r plussgrader ut \u00e5ret. Og Sandviksbukta er fortsatt isfri!<\/p>\n\n\n\n<p><a href=\"mailto:ttt@skoletjenesten.no?cc=&amp;bcc=&amp;subject=Vv%202\/50&amp;amptarget=\"><em>Kommenter denne notisen<\/em><\/a><\/p>\n\n\n\n<p class=\"has-text-align-center\">\u058e\u058e\u058e<\/p>\n\n\n\n<figure class=\"wp-block-video alignright\"><video height=\"750\" style=\"aspect-ratio: 1342 \/ 750;\" width=\"1342\" controls src=\"https:\/\/oma.skoletjenesten.no\/wp-content\/uploads\/2025\/12\/25_Juletrikk-og-diskusjon-om-tidligjul_251128_NRK-Oestlandet_Div_2-innslag.mp4\"><\/video><figcaption class=\"wp-element-caption\">NRK \u00d8stlandet 28. november 2025.<\/figcaption><\/figure>\n\n\n\n<p id=\"Vv3:-Juletrikk\"><strong><em>Vv3: Juletrikk.<\/em><\/strong> I en smilereportasje i november kunne<br>NRK \u00d8stlandet fortelle om juletrikken (neste \u00e5r blir det vel hestesporvogn med dombjeller?). Reportasjen ble fulgt opp av en diskusjon om hvor tidlig julen kan begynne.<\/p>\n\n\n\n<p><a href=\"mailto:ttt@skoletjenesten.no?cc=&amp;bcc=&amp;subject=Vv%203\/50&amp;amptarget=\"><em>Kommenter denne notisen<\/em><\/a><\/p>\n\n\n\n<p class=\"has-text-align-center\">\u058e\u058e\u058e<\/p>\n\n\n<div class=\"wp-block-image\">\n<figure class=\"alignright size-full\"><a href=\"ftp:\/\/onemanarmy@ftpcluster.loopia.se\/ttt.skoletjenesten.no\/public_html\/wp-content\/uploads\/2025\/09\/40_Vampyr-stoevsuger_Aftenposten%20Aften%2028.%20november%201925.pdf\" target=\"_blank\" rel=\" noreferrer noopener\"><img loading=\"lazy\" decoding=\"async\" width=\"571\" height=\"717\" src=\"https:\/\/oma.skoletjenesten.no\/wp-content\/uploads\/2025\/12\/40_Vampyr-stoevsuger_OK_Opera-Bilde_2025-12-11_235158_40_Vampyr-stoevsuger_Aftenposten2028.201925.jpg\" alt=\"\" class=\"wp-image-3528\" srcset=\"https:\/\/oma.skoletjenesten.no\/wp-content\/uploads\/2025\/12\/40_Vampyr-stoevsuger_OK_Opera-Bilde_2025-12-11_235158_40_Vampyr-stoevsuger_Aftenposten2028.201925.jpg 571w, https:\/\/oma.skoletjenesten.no\/wp-content\/uploads\/2025\/12\/40_Vampyr-stoevsuger_OK_Opera-Bilde_2025-12-11_235158_40_Vampyr-stoevsuger_Aftenposten2028.201925-239x300.jpg 239w\" sizes=\"auto, (max-width: 571px) 100vw, 571px\" \/><\/a><figcaption class=\"wp-element-caption\">Aftenposten 28, november 1925. Klikk for \u00e5 lese.<\/figcaption><\/figure>\n<\/div>\n\n\n<p id=\"Vv4:-Gaveideer\"><strong><em>Vv4: Gaveideer.<\/em><\/strong> \u00abTil den som har alt: Gi en bordkvern til maling av livets salt.\u00bb (Odd B\u00f8rretzen). ElLer hva med en vampyr? (klippet ved siden av).<\/p>\n\n\n\n<p>.<\/p>\n\n\n\n<p>.<\/p>\n\n\n\n<p>.<\/p>\n\n\n\n<p><a href=\"mailto:ttt@skoletjenesten.no?cc=&amp;bcc=&amp;subject=Vv%204\/50&amp;amptarget=\"><em>Kommenter denne notisen<\/em><\/a><\/p>\n\n\n\n<p class=\"has-text-align-center\">\u058e\u058e\u058e<\/p>\n\n\n\n<p id=\"Vv5:-Barneben\"><strong><em>Vv5: Barneben. <\/em><\/strong> Dag Bredvei (skattefinansiert NRK-mdarbeider) forteller om en tapper mor. Men han har mistet oversikten over hvor barna hennes befinner seg.<\/p>\n\n\n\n<figure class=\"wp-block-audio\"><audio controls src=\"https:\/\/oma.skoletjenesten.no\/wp-content\/uploads\/2025\/12\/50_Barn-paa-armen-og-i-beinet_251108_NRK-Urix_DagBredvei.mp3\"><\/audio><\/figure>\n\n\n\n<p><a href=\"mailto:ttt@skoletjenesten.no?cc=&amp;bcc=&amp;subject=Vv%205\/50&amp;amptarget=\"><em>Kommenter denne notisen<\/em><\/a><\/p>\n\n\n\n<p class=\"has-text-align-center\">\u058e\u058e\u058e<\/p>\n\n\n\n<p id=\"Vv6:-Norsktime\"><strong><em>Vv6: Norsktime.<\/em><\/strong> Norskl\u00e6reren var storforn\u00f8yd da han hadde gjennomf\u00f8rt en time om nynorskens far, og hele tiden hadde omtalt ham som Ivar Awesome. Elevene hadde ikke reagert.<\/p>\n\n\n\n<p><a href=\"mailto:ttt@skoletjenesten.no?cc=&amp;bcc=&amp;subject=Vv%206\/50&amp;amptarget=\"><em>Kommenter denne notisen<\/em><\/a><\/p>\n\n\n\n<p class=\"has-text-align-center\">\u058e\u058e\u058e<\/p>\n\n\n\n<p id=\"Vv7:-Tunneler\"><strong><em>Vv7: Tunneler.<\/em><\/strong> HAMAS, Gazastripens velgj\u00f8rere, er ikke interessert i noen tostatsl\u00f8sning. Men organisasjonens underjordiske del har tipset Jonas Barth Stoltenberg om at den kan bist\u00e5 ved tunnelutbygging p\u00e5 vestlandet.<\/p>\n\n\n\n<p><a href=\"mailto:ttt@skoletjenesten.no?cc=&amp;bcc=&amp;subject=Vv%207\/50&amp;amptarget=\"><em>Kommenter denne notisen<\/em><\/a><\/p>\n\n\n\n<p class=\"has-text-align-center\">\u058e\u058e\u058e<\/p>\n\n\n\n<p id=\"Vv-8:-Tysk\"><strong><em>Vv 8: Tysk.<\/em><\/strong> Kanalvert Bj\u00f8rn Johan Rief i den skattefinansierte TV-kanalen NRK har trolig ikke hatt tysk p\u00e5 skolen. For han vet vel at de snakker tysk i \u00d8sterrike; Bertha von Suttner, som han nevner, var \u00f8sterriksk.<\/p>\n\n\n\n<figure class=\"wp-block-audio\"><audio controls src=\"https:\/\/oma.skoletjenesten.no\/wp-content\/uploads\/2025\/12\/30_vonSuttner-NRKuttale_251209_BjornJohannRief_Programintro.mp3\"><\/audio><\/figure>\n\n\n\n<p><a href=\"mailto:ttt@skoletjenesten.no?cc=&amp;bcc=&amp;subject=Vv%208\/50&amp;amptarget=\"><em>Kommenter denne notisen<\/em><\/a><\/p>\n\n\n\n<div style=\"height:100px\" aria-hidden=\"true\" class=\"wp-block-spacer\"><\/div>\n\n\n\n<hr class=\"wp-block-separator has-alpha-channel-opacity\"\/>\n\n\n\n<p class=\"has-text-align-center\"><em><a href=\"https:\/\/oma.skoletjenesten.no\/?p=3508\">Til innholdsliste for denne utgaven<\/a><\/em><\/p>\n","protected":false},"excerpt":{"rendered":"<p>Denne spalten het tidligere Alternative fakta, som fortsatt er kategori-betegnelsen. I Alternative fakta l\u00e5 vekten ofte mer p\u00e5 det alternative enn p\u00e5 fakta. Her i Virtuell virkelighet kan vekten&nbsp; ligge mer p\u00e5 det virtuelle enn p\u00e5 virkeligheten. Navneskiftet ble forklart i siste utgave av Alternative fakta 15. januar 2021. Vv1: Julemusikk \u058e\u058e Vv2: Julesne \u058e\u058e&hellip; <a class=\"more-link\" href=\"https:\/\/oma.skoletjenesten.no\/?p=3518\">Fortsett \u00e5 lese <span class=\"screen-reader-text\">Virtuell virkelighet 49\/25<\/span><\/a><\/p>\n","protected":false},"author":1,"featured_media":0,"comment_status":"open","ping_status":"open","sticky":false,"template":"","format":"standard","meta":{"footnotes":""},"categories":[11],"tags":[],"class_list":["post-3518","post","type-post","status-publish","format-standard","hentry","category-alternative-fakta","entry"],"_links":{"self":[{"href":"https:\/\/oma.skoletjenesten.no\/index.php?rest_route=\/wp\/v2\/posts\/3518","targetHints":{"allow":["GET"]}}],"collection":[{"href":"https:\/\/oma.skoletjenesten.no\/index.php?rest_route=\/wp\/v2\/posts"}],"about":[{"href":"https:\/\/oma.skoletjenesten.no\/index.php?rest_route=\/wp\/v2\/types\/post"}],"author":[{"embeddable":true,"href":"https:\/\/oma.skoletjenesten.no\/index.php?rest_route=\/wp\/v2\/users\/1"}],"replies":[{"embeddable":true,"href":"https:\/\/oma.skoletjenesten.no\/index.php?rest_route=%2Fwp%2Fv2%2Fcomments&post=3518"}],"version-history":[{"count":10,"href":"https:\/\/oma.skoletjenesten.no\/index.php?rest_route=\/wp\/v2\/posts\/3518\/revisions"}],"predecessor-version":[{"id":3541,"href":"https:\/\/oma.skoletjenesten.no\/index.php?rest_route=\/wp\/v2\/posts\/3518\/revisions\/3541"}],"wp:attachment":[{"href":"https:\/\/oma.skoletjenesten.no\/index.php?rest_route=%2Fwp%2Fv2%2Fmedia&parent=3518"}],"wp:term":[{"taxonomy":"category","embeddable":true,"href":"https:\/\/oma.skoletjenesten.no\/index.php?rest_route=%2Fwp%2Fv2%2Fcategories&post=3518"},{"taxonomy":"post_tag","embeddable":true,"href":"https:\/\/oma.skoletjenesten.no\/index.php?rest_route=%2Fwp%2Fv2%2Ftags&post=3518"}],"curies":[{"name":"wp","href":"https:\/\/api.w.org\/{rel}","templated":true}]}}