{"id":3516,"date":"2025-12-12T10:02:43","date_gmt":"2025-12-12T10:02:43","guid":{"rendered":"https:\/\/oma.skoletjenesten.no\/?p=3516"},"modified":"2025-12-13T04:24:59","modified_gmt":"2025-12-13T04:24:59","slug":"afrika-billedkunst-og-musikk","status":"publish","type":"post","link":"https:\/\/oma.skoletjenesten.no\/?p=3516","title":{"rendered":"Afrika, billedkunst og musikk"},"content":{"rendered":"<div class=\"wp-block-image\">\n<figure class=\"alignright size-full\"><a href=\"https:\/\/oma.skoletjenesten.no\/wp-content\/uploads\/2025\/12\/Afrika-Kart.jpg\" target=\"_blank\" rel=\" noreferrer noopener\"><img loading=\"lazy\" decoding=\"async\" width=\"730\" height=\"675\" src=\"https:\/\/oma.skoletjenesten.no\/wp-content\/uploads\/2025\/12\/Afrika-Kart.jpg\" alt=\"\" class=\"wp-image-3530\" srcset=\"https:\/\/oma.skoletjenesten.no\/wp-content\/uploads\/2025\/12\/Afrika-Kart.jpg 730w, https:\/\/oma.skoletjenesten.no\/wp-content\/uploads\/2025\/12\/Afrika-Kart-300x277.jpg 300w\" sizes=\"auto, (max-width: 730px) 100vw, 730px\" \/><\/a><figcaption class=\"wp-element-caption\">Klikk for st\u00f8rre kart.<\/figcaption><\/figure>\n<\/div>\n\n\n<p>Afrika er et kontinent jeg f\u00f8rst i de senere \u00e5rene har f\u00e5tt en viss oversikt over; jeg kjenner til om et land er afrikansk eller ikke, men hvor p\u00e5 kontinentet ligger det? To begivenheter som har skjedd p\u00e5 dagens dato, er knyttet til Afrika. I 1963 erkl\u00e6rte <a href=\"https:\/\/snl.no\/Kenya\" data-type=\"link\" data-id=\"https:\/\/snl.no\/Kenya\" target=\"_blank\" rel=\"noreferrer noopener\">Kenya<\/a> seg uavhengig av Storbritannia. I 1979 forandret <a href=\"https:\/\/snl.no\/Rhodesia\" data-type=\"link\" data-id=\"https:\/\/snl.no\/Rhodesia\" target=\"_blank\" rel=\"noreferrer noopener\">Rhodesia<\/a> navn til Zimbabwe. Det var ogs\u00e5 p\u00e5 dagens dato i 1979 at NATO gjorde det s\u00e5kalte <a href=\"https:\/\/snl.no\/dobbeltvedtaket\" data-type=\"link\" data-id=\"https:\/\/snl.no\/dobbeltvedtaket\" target=\"_blank\" rel=\"noreferrer noopener\">dobbeltvedtaket<\/a>. Og i 2015 ble <a href=\"https:\/\/snl.no\/Parisavtalen\" data-type=\"link\" data-id=\"https:\/\/snl.no\/Parisavtalen\" target=\"_blank\" rel=\"noreferrer noopener\">Paris-<\/a>. Munv hob F(1863-1944) kjenner \u00aballe\u00bb, og han har f\u00e5tt sitt eget s\u00e6rpregede museum i Oslo. <a href=\"https:\/\/snl.no\/Thorbj\u00f8rn_Egner\" data-type=\"link\" data-id=\"https:\/\/snl.no\/Thorbj\u00f8rn_Egner\" target=\"_blank\" rel=\"noreferrer noopener\">Thorbj\u00f8rn Egner<\/a> tenker nok mange p\u00e5 som barnebokforfatter, men han var ogs\u00e5 tegner, som man kan se av boken <em><a href=\"https:\/\/www.nb.no\/items\/3539030053132d2e8e265e1b657f80b9?page=5\" data-type=\"link\" data-id=\"https:\/\/www.nb.no\/items\/3539030053132d2e8e265e1b657f80b9?page=5\" target=\"_blank\" rel=\"noreferrer noopener\">Gamle hus i Rauland<\/a><\/em>. Egner har p\u00e5 en m\u00e5te ogs\u00e5 f\u00e5tt sitt museum i form av Kardemomme by i dyreparken ved Kristiansand.<\/p>\n\n\n\n<p>To s\u00e5 forskjellige sangere som <a href=\"https:\/\/snl.no\/Kirsten_Flagstad\" data-type=\"link\" data-id=\"https:\/\/snl.no\/Kirsten_Flagstad\" target=\"_blank\" rel=\"noreferrer noopener\">Kirsten Flagstad<\/a> og <a href=\"https:\/\/snl.no\/Frank_Sinatra\" data-type=\"link\" data-id=\"https:\/\/snl.no\/Frank_Sinatra\" target=\"_blank\" rel=\"noreferrer noopener\">Frank Sinatra<\/a> var f\u00f8dt p\u00e5 dagens dato, Flagstad i 1913, Sinatra i 1915. Det er ogs\u00e5 f\u00f8dselsdag for <a href=\"https:\/\/snl.no\/Connie_Francis\" data-type=\"link\" data-id=\"https:\/\/snl.no\/Connie_Francis\" target=\"_blank\" rel=\"noreferrer noopener\">Connie Francis<\/a> (1937-2025) og <a href=\"https:\/\/snl.no\/Dionne_Warwick\" data-type=\"link\" data-id=\"https:\/\/snl.no\/Dionne_Warwick\" target=\"_blank\" rel=\"noreferrer noopener\">Dionne Warwick<\/a> (f\u00f8dt 1940). Men det er bare to \u00e5r i dag siden Ole Paus d\u00f8de. Jeg arrangerte en gang hans <em>Innerst i sjelen<\/em> (har nok \u00abplanket\u00bb noe jeg har h\u00f8rt), og skrev om det i innlegget <em><a href=\"https:\/\/torgeirs-tanker.skoletjenesten.no\/musikere\/#innerst\" data-type=\"link\" data-id=\"https:\/\/torgeirs-tanker.skoletjenesten.no\/musikere\/#innerst\" target=\"_blank\" rel=\"noreferrer noopener\">Musikere<\/a><\/em> fra februar 2024.<\/p>\n\n\n\n<hr class=\"wp-block-separator has-alpha-channel-opacity\"\/>\n\n\n\n<p class=\"has-text-align-center\"><em><a href=\"https:\/\/oma.skoletjenesten.no\/?p=3508\">Til innholdsliste for denne utgaven<\/a><\/em><\/p>\n","protected":false},"excerpt":{"rendered":"<p>Afrika er et kontinent jeg f\u00f8rst i de senere \u00e5rene har f\u00e5tt en viss oversikt over; jeg kjenner til om et land er afrikansk eller ikke, men hvor p\u00e5 kontinentet ligger det? To begivenheter som har skjedd p\u00e5 dagens dato, er knyttet til Afrika. I 1963 erkl\u00e6rte Kenya seg uavhengig av Storbritannia. I 1979 forandret&hellip; <a class=\"more-link\" href=\"https:\/\/oma.skoletjenesten.no\/?p=3516\">Fortsett \u00e5 lese <span class=\"screen-reader-text\">Afrika, billedkunst og musikk<\/span><\/a><\/p>\n","protected":false},"author":1,"featured_media":0,"comment_status":"open","ping_status":"open","sticky":false,"template":"","format":"standard","meta":{"footnotes":""},"categories":[1],"tags":[],"class_list":["post-3516","post","type-post","status-publish","format-standard","hentry","category-uncategorized","entry"],"_links":{"self":[{"href":"https:\/\/oma.skoletjenesten.no\/index.php?rest_route=\/wp\/v2\/posts\/3516","targetHints":{"allow":["GET"]}}],"collection":[{"href":"https:\/\/oma.skoletjenesten.no\/index.php?rest_route=\/wp\/v2\/posts"}],"about":[{"href":"https:\/\/oma.skoletjenesten.no\/index.php?rest_route=\/wp\/v2\/types\/post"}],"author":[{"embeddable":true,"href":"https:\/\/oma.skoletjenesten.no\/index.php?rest_route=\/wp\/v2\/users\/1"}],"replies":[{"embeddable":true,"href":"https:\/\/oma.skoletjenesten.no\/index.php?rest_route=%2Fwp%2Fv2%2Fcomments&post=3516"}],"version-history":[{"count":5,"href":"https:\/\/oma.skoletjenesten.no\/index.php?rest_route=\/wp\/v2\/posts\/3516\/revisions"}],"predecessor-version":[{"id":3547,"href":"https:\/\/oma.skoletjenesten.no\/index.php?rest_route=\/wp\/v2\/posts\/3516\/revisions\/3547"}],"wp:attachment":[{"href":"https:\/\/oma.skoletjenesten.no\/index.php?rest_route=%2Fwp%2Fv2%2Fmedia&parent=3516"}],"wp:term":[{"taxonomy":"category","embeddable":true,"href":"https:\/\/oma.skoletjenesten.no\/index.php?rest_route=%2Fwp%2Fv2%2Fcategories&post=3516"},{"taxonomy":"post_tag","embeddable":true,"href":"https:\/\/oma.skoletjenesten.no\/index.php?rest_route=%2Fwp%2Fv2%2Ftags&post=3516"}],"curies":[{"name":"wp","href":"https:\/\/api.w.org\/{rel}","templated":true}]}}