{"id":3467,"date":"2025-12-05T10:01:26","date_gmt":"2025-12-05T10:01:26","guid":{"rendered":"https:\/\/oma.skoletjenesten.no\/?p=3467"},"modified":"2026-02-05T21:57:24","modified_gmt":"2026-02-05T21:57:24","slug":"virtuell-virkelighet-48-25","status":"publish","type":"post","link":"https:\/\/oma.skoletjenesten.no\/?p=3467","title":{"rendered":"Virtuell virkelighet 48\/25"},"content":{"rendered":"\n<p><small>Denne spalten het tidligere <em>Alternative fakta<\/em>, som fortsatt er kategori-betegnelsen. I<em> Alternative fakta<\/em> l\u00e5 vekten ofte mer p\u00e5 det alternative enn p\u00e5 fakta. Her i <em>Virtuell virkelighet<\/em> kan vekten&nbsp; ligge mer p\u00e5 det virtuelle enn p\u00e5 virkeligheten.<\/small><\/p>\n\n\n\n<p><small>Navneskiftet ble forklart i <a href=\"http:\/\/ttt.skoletjenesten.no\/alternative-fakta-3-21\/\" target=\"_blank\" rel=\"noreferrer noopener\">siste utgave av Alternative fakta 15. januar 2021<\/a>.<\/small><\/p>\n\n\n\n<hr class=\"wp-block-separator has-alpha-channel-opacity\"\/>\n\n\n\n<p class=\"has-small-font-size\"><a href=\"#Vv-1\" data-type=\"internal\" data-id=\"#Vv-1\">Vv 1: Desentralisering<\/a> \u058e\u058e <a href=\"#Vv-2\">Vv 2: Julereklame<\/a> \u058e\u058e <a href=\"#Vv-3\" data-type=\"internal\" data-id=\"#Vv-3\">Vv 3: Budsjettprotest?<\/a> \u058e\u058e <a href=\"#Vv-4\" data-type=\"internal\" data-id=\"#Vv-4\">Vv 4: M\u00e5lrettet<\/a> \u058e\u058e <a href=\"#Vv-5\" data-type=\"internal\" data-id=\"#Vv-5\">Vv 5: Fagmann<\/a> \u058e\u058e <a href=\"#Vv-6\" data-type=\"internal\" data-id=\"#Vv-6\">Vv 6: TV-radio<\/a> \u058e\u058e <a href=\"#Vv-7\" data-type=\"internal\" data-id=\"#Vv-7\">Vv 7: S\u00f8vnproblem<\/a> \u058e\u058e <a href=\"#Vv-8\" data-type=\"internal\" data-id=\"#Vv-8\">Vv 8: El-komfyr<\/a> \u058e\u058e <a href=\"#Vv-9\" data-type=\"internal\" data-id=\"#Vv-9\">Vv 9: Regel-domene<\/a><\/p>\n\n\n\n<hr class=\"wp-block-separator has-alpha-channel-opacity\"\/>\n\n\n\n<p id=\"Vv-1\"><strong><em>Vv 1: Desentralisering.<\/em><\/strong> For 23 \u00e5r siden ble det vedtatt at \u00e5tte statlige etater skulle flyttes ut av Oslo (Luftfartstilsynet til Bod\u00f8, Sj\u00f8fartsdirektoratet til Haugesund osv.). Da var h\u00f8yremannen <a href=\"https:\/\/snl.no\/Victor_Norman\" data-type=\"link\" data-id=\"https:\/\/snl.no\/Victor_Norman\" target=\"_blank\" rel=\"noreferrer noopener\">Victor Norman<\/a> arbeids- og administrasjonsminister i <a href=\"https:\/\/no.wikipedia.org\/wiki\/Kjell_Magne_Bondeviks_andre_regjering\" data-type=\"link\" data-id=\"https:\/\/no.wikipedia.org\/wiki\/Kjell_Magne_Bondeviks_andre_regjering\" target=\"_blank\" rel=\"noreferrer noopener\">Kjell Magne Bondeviks trepartiregjering<\/a> (KrF, H\u00f8yre, Venstre). Bloggeren har lett, men uten \u00e5 finne noe tilsvarende fra senere perioder med Senterpartiet som ett av regjeringspartiene.<\/p>\n\n\n\n<p><a href=\"mailto:ttt@skoletjenesten.no?cc=&amp;bcc=&amp;subject=Vv%201\/49&amp;amptarget=\"><em>Kommenter denne notisen<\/em><\/a><\/p>\n\n\n\n<p class=\"has-text-align-center\">\u058e\u058e\u058e<\/p>\n\n\n<div class=\"wp-block-image\">\n<figure class=\"alignright size-full\"><a href=\"http:\/\/ttt.skoletjenesten.no\/wp-content\/uploads\/2025\/09\/20_Juleannoncering4en_Aftenposten%205.%20desember%201925.pdf\" target=\"_blank\" rel=\" noreferrer noopener\"><img loading=\"lazy\" decoding=\"async\" width=\"536\" height=\"685\" src=\"https:\/\/oma.skoletjenesten.no\/wp-content\/uploads\/2025\/12\/20_Juleannonceringen_OK_Aftenposten20desember201925-1.jpg\" alt=\"\" class=\"wp-image-3475\" srcset=\"https:\/\/oma.skoletjenesten.no\/wp-content\/uploads\/2025\/12\/20_Juleannonceringen_OK_Aftenposten20desember201925-1.jpg 536w, https:\/\/oma.skoletjenesten.no\/wp-content\/uploads\/2025\/12\/20_Juleannonceringen_OK_Aftenposten20desember201925-1-235x300.jpg 235w\" sizes=\"auto, (max-width: 536px) 100vw, 536px\" \/><\/a><figcaption class=\"wp-element-caption\">Aftenposten 5. desember 1925. Klikk or \u00e5 lese.<\/figcaption><\/figure>\n<\/div>\n\n\n<p id=\"Vv-2\"><strong><em>Vv 2: Julereklame.<\/em><\/strong> Det tok tid. Men Aftenpostens annonse i 1925 om tidlig juleannonsering med \u00abkul\u00f8rte farger\u00bb (de m\u00e5 v\u00e6re sv\u00e6rt Fargerike!) har etter hvert f\u00e5tt virkning. Se ogs\u00e5 utviklingen i \u00e5rets direktereklame (nedenfor).<\/p>\n\n\n\n<div class=\"wp-block-columns is-layout-flex wp-container-core-columns-is-layout-9d6595d7 wp-block-columns-is-layout-flex\">\n<div class=\"wp-block-column is-layout-flow wp-block-column-is-layout-flow\">\n<figure class=\"wp-block-image size-large\"><img loading=\"lazy\" decoding=\"async\" width=\"992\" height=\"1024\" src=\"https:\/\/oma.skoletjenesten.no\/wp-content\/uploads\/2025\/11\/20_IMG_20251113_OK_130833320-992x1024.jpg\" alt=\"\" class=\"wp-image-3327\" srcset=\"https:\/\/oma.skoletjenesten.no\/wp-content\/uploads\/2025\/11\/20_IMG_20251113_OK_130833320-992x1024.jpg 992w, https:\/\/oma.skoletjenesten.no\/wp-content\/uploads\/2025\/11\/20_IMG_20251113_OK_130833320-291x300.jpg 291w, https:\/\/oma.skoletjenesten.no\/wp-content\/uploads\/2025\/11\/20_IMG_20251113_OK_130833320-768x793.jpg 768w, https:\/\/oma.skoletjenesten.no\/wp-content\/uploads\/2025\/11\/20_IMG_20251113_OK_130833320-1488x1536.jpg 1488w, https:\/\/oma.skoletjenesten.no\/wp-content\/uploads\/2025\/11\/20_IMG_20251113_OK_130833320-1984x2048.jpg 1984w, https:\/\/oma.skoletjenesten.no\/wp-content\/uploads\/2025\/11\/20_IMG_20251113_OK_130833320-1568x1619.jpg 1568w\" sizes=\"auto, (max-width: 992px) 100vw, 992px\" \/><figcaption class=\"wp-element-caption\">14. november,<\/figcaption><\/figure>\n<\/div>\n\n\n\n<div class=\"wp-block-column is-layout-flow wp-block-column-is-layout-flow\">\n<figure class=\"wp-block-image size-large\"><img loading=\"lazy\" decoding=\"async\" width=\"935\" height=\"1024\" src=\"https:\/\/oma.skoletjenesten.no\/wp-content\/uploads\/2025\/11\/40_Reklame_IMG_20251127_122306679-935x1024.jpg\" alt=\"\" class=\"wp-image-3428\" srcset=\"https:\/\/oma.skoletjenesten.no\/wp-content\/uploads\/2025\/11\/40_Reklame_IMG_20251127_122306679-935x1024.jpg 935w, https:\/\/oma.skoletjenesten.no\/wp-content\/uploads\/2025\/11\/40_Reklame_IMG_20251127_122306679-274x300.jpg 274w, https:\/\/oma.skoletjenesten.no\/wp-content\/uploads\/2025\/11\/40_Reklame_IMG_20251127_122306679-768x841.jpg 768w, https:\/\/oma.skoletjenesten.no\/wp-content\/uploads\/2025\/11\/40_Reklame_IMG_20251127_122306679-1403x1536.jpg 1403w, https:\/\/oma.skoletjenesten.no\/wp-content\/uploads\/2025\/11\/40_Reklame_IMG_20251127_122306679-1870x2048.jpg 1870w, https:\/\/oma.skoletjenesten.no\/wp-content\/uploads\/2025\/11\/40_Reklame_IMG_20251127_122306679-1568x1717.jpg 1568w, https:\/\/oma.skoletjenesten.no\/wp-content\/uploads\/2025\/11\/40_Reklame_IMG_20251127_122306679.jpg 1949w\" sizes=\"auto, (max-width: 935px) 100vw, 935px\" \/><figcaption class=\"wp-element-caption\">28. november<\/figcaption><\/figure>\n<\/div>\n\n\n\n<div class=\"wp-block-column is-layout-flow wp-block-column-is-layout-flow\">\n<figure class=\"wp-block-image size-large\"><img loading=\"lazy\" decoding=\"async\" width=\"1024\" height=\"1005\" src=\"https:\/\/oma.skoletjenesten.no\/wp-content\/uploads\/2025\/12\/20_Direktereklame-OK_IMG_20251204_141836842-1024x1005.jpg\" alt=\"\" class=\"wp-image-3496\" srcset=\"https:\/\/oma.skoletjenesten.no\/wp-content\/uploads\/2025\/12\/20_Direktereklame-OK_IMG_20251204_141836842-1024x1005.jpg 1024w, https:\/\/oma.skoletjenesten.no\/wp-content\/uploads\/2025\/12\/20_Direktereklame-OK_IMG_20251204_141836842-300x294.jpg 300w, https:\/\/oma.skoletjenesten.no\/wp-content\/uploads\/2025\/12\/20_Direktereklame-OK_IMG_20251204_141836842-768x754.jpg 768w, https:\/\/oma.skoletjenesten.no\/wp-content\/uploads\/2025\/12\/20_Direktereklame-OK_IMG_20251204_141836842-1536x1507.jpg 1536w, https:\/\/oma.skoletjenesten.no\/wp-content\/uploads\/2025\/12\/20_Direktereklame-OK_IMG_20251204_141836842-2048x2010.jpg 2048w, https:\/\/oma.skoletjenesten.no\/wp-content\/uploads\/2025\/12\/20_Direktereklame-OK_IMG_20251204_141836842-1568x1539.jpg 1568w\" sizes=\"auto, (max-width: 1024px) 100vw, 1024px\" \/><figcaption class=\"wp-element-caption\">5. desember<\/figcaption><\/figure>\n<\/div>\n<\/div>\n\n\n\n<p><a href=\"mailto:ttt@skoletjenesten.no?cc=&amp;bcc=&amp;subject=Vv%202\/49&amp;amptarget=\"><em>Kommenter denne notisen<\/em><\/a><\/p>\n\n\n\n<p class=\"has-text-align-center\">\u058e\u058e\u058e<\/p>\n\n\n\n<p id=\"Vv-3\"><strong><em>Vv 3: Budsjettprotest?<\/em><\/strong> Tre av de fem tutti-frutti-partiene presenterte budsjettforslaget sitt sist sist s\u00f8ndag. Det ble gjort kjent med en litt motstridende melding p\u00e5 den skattefinansierte TV-kanalen NRK.<\/p>\n\n\n\n<figure class=\"wp-block-image size-full\"><img loading=\"lazy\" decoding=\"async\" width=\"726\" height=\"176\" src=\"https:\/\/oma.skoletjenesten.no\/wp-content\/uploads\/2025\/12\/30_Tutti-frutti-SV-for-og-mot_OK_Opera-Bilde_2025-11-29_194055_tv.nrk_.no_.jpg\" alt=\"\" class=\"wp-image-3486\" srcset=\"https:\/\/oma.skoletjenesten.no\/wp-content\/uploads\/2025\/12\/30_Tutti-frutti-SV-for-og-mot_OK_Opera-Bilde_2025-11-29_194055_tv.nrk_.no_.jpg 726w, https:\/\/oma.skoletjenesten.no\/wp-content\/uploads\/2025\/12\/30_Tutti-frutti-SV-for-og-mot_OK_Opera-Bilde_2025-11-29_194055_tv.nrk_.no_-300x73.jpg 300w\" sizes=\"auto, (max-width: 726px) 100vw, 726px\" \/><figcaption class=\"wp-element-caption\">NRK Dagsrevyen 30. november 2025.<\/figcaption><\/figure>\n\n\n\n<p><a href=\"mailto:ttt@skoletjenesten.no?cc=&amp;bcc=&amp;subject=Vv%203\/49&amp;amptarget=\"><em>Kommenter denne notisen<\/em><\/a><\/p>\n\n\n\n<p class=\"has-text-align-center\">\u058e\u058e\u058e<\/p>\n\n\n\n<p id=\"Vv-4\"><strong><em>Vv 4: M\u00e5lrettet.<\/em><\/strong> Det er ikke vanskelig \u00e5 ha sympati for folk som blir utsatt for bombing. Men for bloggeren, som er mentalt allergisk mot katter, g\u00e5r det visse grenser. Les hva damen sier (if\u00f8lge tekstingen). <\/p>\n\n\n\n<figure class=\"wp-block-image size-full\"><img loading=\"lazy\" decoding=\"async\" width=\"904\" height=\"511\" src=\"https:\/\/oma.skoletjenesten.no\/wp-content\/uploads\/2025\/12\/40_Kattebombing_OK_Opera-Bilde_2025-11-28_212611_play.tv2_.no_.jpg\" alt=\"\" class=\"wp-image-3487\" srcset=\"https:\/\/oma.skoletjenesten.no\/wp-content\/uploads\/2025\/12\/40_Kattebombing_OK_Opera-Bilde_2025-11-28_212611_play.tv2_.no_.jpg 904w, https:\/\/oma.skoletjenesten.no\/wp-content\/uploads\/2025\/12\/40_Kattebombing_OK_Opera-Bilde_2025-11-28_212611_play.tv2_.no_-300x170.jpg 300w, https:\/\/oma.skoletjenesten.no\/wp-content\/uploads\/2025\/12\/40_Kattebombing_OK_Opera-Bilde_2025-11-28_212611_play.tv2_.no_-768x434.jpg 768w\" sizes=\"auto, (max-width: 904px) 100vw, 904px\" \/><figcaption class=\"wp-element-caption\">TV2-nyhetene 28. november 2025.<\/figcaption><\/figure>\n\n\n\n<p><a href=\"mailto:ttt@skoletjenesten.no?cc=&amp;bcc=&amp;subject=Vv%204\/49&amp;amptarget=\"><em>Kommenter denne notisen<\/em><\/a><\/p>\n\n\n\n<p class=\"has-text-align-center\">\u058e\u058e\u058e<\/p>\n\n\n\n<figure class=\"wp-block-video alignright\"><video height=\"564\" style=\"aspect-ratio: 1010 \/ 564;\" width=\"1010\" controls src=\"https:\/\/oma.skoletjenesten.no\/wp-content\/uploads\/2025\/12\/50_Som-barn_251128_NRK-NyttPaaNytt_EspenBarthEide_Sluttinnslag.mp4\"><\/video><figcaption class=\"wp-element-caption\">NRK <em>Nytt p\u00e5 nytt<\/em> 28. november 2025.<\/figcaption><\/figure>\n\n\n\n<p id=\"Vv-5\"><strong><em>Vv 5: Fagmann.<\/em><\/strong> Klima- og utenriksminister Espen Barth Eide ble intervjuet til slutt i <em>Nytt p\u00e5 nytt<\/em> i den skattefinansierte TV-kanalen NRK sist fredag. Der uttalte han seg om ting han har greie p\u00e5.<\/p>\n\n\n\n<p><a href=\"mailto:ttt@skoletjenesten.no?cc=&amp;bcc=&amp;subject=Vv%205\/49&amp;amptarget=\"><em>Kommenter denne notisen<\/em><\/a><\/p>\n\n\n\n<p class=\"has-text-align-center\">\u058e\u058e\u058e<\/p>\n\n\n\n<p id=\"Vv-6\"><strong><em>Vv 6: TV-radio<\/em>.<\/strong> I den skattefinansierte radiokanalen NRK ba nyhetsoppleser Ida Creed nylig om kamera. Det kan tyde p\u00e5 mangelfull teknisk oppl\u00e6ring fra NRKs side. Men det kan ogs\u00e5 tyde p\u00e5 at Ida Creed ikke bryr seg om radiolyttere.<\/p>\n\n\n\n<figure class=\"wp-block-audio\"><audio controls src=\"https:\/\/oma.skoletjenesten.no\/wp-content\/uploads\/2025\/12\/60_TVRadio-Kamera-her_251124_NRK-AlltidNyheter_IdaCreed_Intro.mp3\"><\/audio><figcaption class=\"wp-element-caption\">NRK <em>Alltid nyheter<\/em> 24. november 2025.<\/figcaption><\/figure>\n\n\n\n<p><a href=\"mailto:ttt@skoletjenesten.no?cc=&amp;bcc=&amp;subject=Vv%206\/49&amp;amptarget=\"><em>Kommenter denne notisen<\/em><\/a><\/p>\n\n\n\n<p class=\"has-text-align-center\">\u058e\u058e\u058e<\/p>\n\n\n<div class=\"wp-block-image\">\n<figure class=\"alignright size-full\"><a href=\"https:\/\/oma.skoletjenesten.no\/wp-content\/uploads\/2025\/12\/70_Vekkerklokke_OK_Opera-Bilde_2025-12-03_204921_e-avis.aftenposten.no_.jpg\" target=\"_blank\" rel=\" noreferrer noopener\"><img loading=\"lazy\" decoding=\"async\" width=\"637\" height=\"310\" src=\"https:\/\/oma.skoletjenesten.no\/wp-content\/uploads\/2025\/12\/70_Vekkerklokke_OK_Opera-Bilde_2025-12-03_204921_e-avis.aftenposten.no_.jpg\" alt=\"\" class=\"wp-image-3484\" srcset=\"https:\/\/oma.skoletjenesten.no\/wp-content\/uploads\/2025\/12\/70_Vekkerklokke_OK_Opera-Bilde_2025-12-03_204921_e-avis.aftenposten.no_.jpg 637w, https:\/\/oma.skoletjenesten.no\/wp-content\/uploads\/2025\/12\/70_Vekkerklokke_OK_Opera-Bilde_2025-12-03_204921_e-avis.aftenposten.no_-300x146.jpg 300w\" sizes=\"auto, (max-width: 637px) 100vw, 637px\" \/><\/a><figcaption class=\"wp-element-caption\">Aftenposten 25. september 2025. Klikk for st\u00f8rre bilde (og tekst)<\/figcaption><\/figure>\n<\/div>\n\n\n<p id=\"Vv-7\"><strong><em>Vv 7: S\u00f8vnproblem.<\/em><\/strong> Tegneserien ved siden av peker p\u00e5 et problem (en utfordring?) som bloggeren kjenner godt til<\/p>\n\n\n\n<p><a href=\"mailto:ttt@skoletjenesten.no?cc=&amp;bcc=&amp;subject=Vv%207\/49&amp;amptarget=\"><em>Kommenter denne notisen<\/em><\/a><\/p>\n\n\n\n<p class=\"has-text-align-center\">\u058e\u058e\u058e<\/p>\n\n\n<div class=\"wp-block-image\">\n<figure class=\"alignright size-full is-resized\"><a href=\"http:\/\/ttt.skoletjenesten.no\/wp-content\/uploads\/2025\/09\/80_Elkomfyr_Budstikka%2030-11-1925-pages_3.pdf\"><img loading=\"lazy\" decoding=\"async\" width=\"546\" height=\"816\" src=\"https:\/\/oma.skoletjenesten.no\/wp-content\/uploads\/2025\/12\/80_Elkomfyr_OK_Budstikka2030-11-1925-pages_3.jpg\" alt=\"\" class=\"wp-image-3481\" style=\"aspect-ratio:0.6691113111081324;width:546px;height:auto\" srcset=\"https:\/\/oma.skoletjenesten.no\/wp-content\/uploads\/2025\/12\/80_Elkomfyr_OK_Budstikka2030-11-1925-pages_3.jpg 546w, https:\/\/oma.skoletjenesten.no\/wp-content\/uploads\/2025\/12\/80_Elkomfyr_OK_Budstikka2030-11-1925-pages_3-201x300.jpg 201w\" sizes=\"auto, (max-width: 546px) 100vw, 546px\" \/><\/a><figcaption class=\"wp-element-caption\">Asker og B\u00e6rums Budstikke 30. november 1925. Klikk for \u00e5 lese.<\/figcaption><\/figure>\n<\/div>\n\n\n<p id=\"Vv-8\"><strong><em>Vv 8: El-komfyr.<\/em><\/strong> Annonsen ved siden av vekket bloggerens interesse fordi <em>B\u00e6rum<\/em>s jernopplag AS, som holder til i <em>Oslo<\/em>, henla sin demonstrasjon av str\u00f8msparende elektrisk komfyr til <em>Asker<\/em>. I annonsen nevnes anordningen <em><a href=\"https:\/\/digitaltmuseum.no\/011023250419\/vippe\" data-type=\"link\" data-id=\"https:\/\/digitaltmuseum.no\/011023250419\/vippe\" target=\"_blank\" rel=\"noreferrer noopener\">vippe<\/a><\/em>, et str\u00f8msparetiltak som ikke lenger er i bruk.<\/p>\n\n\n\n<p>.<\/p>\n\n\n\n<p>.<\/p>\n\n\n\n<p>.<\/p>\n\n\n\n<p><a href=\"mailto:ttt@skoletjenesten.no?cc=&amp;bcc=&amp;subject=Vv%208\/49&amp;amptarget=\"><em>Kommenter denne notisen<\/em><\/a><\/p>\n\n\n\n<p class=\"has-text-align-center\">\u058e\u058e\u058e<\/p>\n\n\n\n<p id=\"Vv-9\"><strong><em>Vv 9: Regel-domene.<\/em><\/strong> Tegneserien nedenfor t\u00f8r bloggeren ikke \u00e5 kommentere. Men han gir den plass.<\/p>\n\n\n\n<figure class=\"wp-block-image size-full\"><img loading=\"lazy\" decoding=\"async\" width=\"933\" height=\"801\" src=\"https:\/\/oma.skoletjenesten.no\/wp-content\/uploads\/2025\/12\/90_AndyCapp-Pub-ikke-livbaat_1975-1128_Opera-Bilde_2025-11-23_155040_eavis.budstikka.no_.png\" alt=\"\" class=\"wp-image-3482\" srcset=\"https:\/\/oma.skoletjenesten.no\/wp-content\/uploads\/2025\/12\/90_AndyCapp-Pub-ikke-livbaat_1975-1128_Opera-Bilde_2025-11-23_155040_eavis.budstikka.no_.png 933w, https:\/\/oma.skoletjenesten.no\/wp-content\/uploads\/2025\/12\/90_AndyCapp-Pub-ikke-livbaat_1975-1128_Opera-Bilde_2025-11-23_155040_eavis.budstikka.no_-300x258.png 300w, https:\/\/oma.skoletjenesten.no\/wp-content\/uploads\/2025\/12\/90_AndyCapp-Pub-ikke-livbaat_1975-1128_Opera-Bilde_2025-11-23_155040_eavis.budstikka.no_-768x659.png 768w\" sizes=\"auto, (max-width: 933px) 100vw, 933px\" \/><figcaption class=\"wp-element-caption\">Asker og B\u00e6rums Budstikke 28. november 1975.<\/figcaption><\/figure>\n\n\n\n<p><a href=\"mailto:ttt@skoletjenesten.no?cc=&amp;bcc=&amp;subject=Vv%209\/49&amp;amptarget=\"><em>Kommenter denne notisen<\/em><\/a><\/p>\n\n\n\n<div style=\"height:100px\" aria-hidden=\"true\" class=\"wp-block-spacer\"><\/div>\n\n\n\n<hr class=\"wp-block-separator has-alpha-channel-opacity\"\/>\n\n\n\n<p class=\"has-text-align-center\"><em><a href=\"https:\/\/oma.skoletjenesten.no\/?p=3457\">Til innholdsliste for denne utgaven<\/a><\/em><\/p>\n","protected":false},"excerpt":{"rendered":"<p>Denne spalten het tidligere Alternative fakta, som fortsatt er kategori-betegnelsen. I Alternative fakta l\u00e5 vekten ofte mer p\u00e5 det alternative enn p\u00e5 fakta. Her i Virtuell virkelighet kan vekten&nbsp; ligge mer p\u00e5 det virtuelle enn p\u00e5 virkeligheten. Navneskiftet ble forklart i siste utgave av Alternative fakta 15. januar 2021. Vv 1: Desentralisering \u058e\u058e Vv 2:&hellip; <a class=\"more-link\" href=\"https:\/\/oma.skoletjenesten.no\/?p=3467\">Fortsett \u00e5 lese <span class=\"screen-reader-text\">Virtuell virkelighet 48\/25<\/span><\/a><\/p>\n","protected":false},"author":1,"featured_media":0,"comment_status":"open","ping_status":"open","sticky":false,"template":"","format":"standard","meta":{"footnotes":""},"categories":[11],"tags":[],"class_list":["post-3467","post","type-post","status-publish","format-standard","hentry","category-alternative-fakta","entry"],"_links":{"self":[{"href":"https:\/\/oma.skoletjenesten.no\/index.php?rest_route=\/wp\/v2\/posts\/3467","targetHints":{"allow":["GET"]}}],"collection":[{"href":"https:\/\/oma.skoletjenesten.no\/index.php?rest_route=\/wp\/v2\/posts"}],"about":[{"href":"https:\/\/oma.skoletjenesten.no\/index.php?rest_route=\/wp\/v2\/types\/post"}],"author":[{"embeddable":true,"href":"https:\/\/oma.skoletjenesten.no\/index.php?rest_route=\/wp\/v2\/users\/1"}],"replies":[{"embeddable":true,"href":"https:\/\/oma.skoletjenesten.no\/index.php?rest_route=%2Fwp%2Fv2%2Fcomments&post=3467"}],"version-history":[{"count":8,"href":"https:\/\/oma.skoletjenesten.no\/index.php?rest_route=\/wp\/v2\/posts\/3467\/revisions"}],"predecessor-version":[{"id":3498,"href":"https:\/\/oma.skoletjenesten.no\/index.php?rest_route=\/wp\/v2\/posts\/3467\/revisions\/3498"}],"wp:attachment":[{"href":"https:\/\/oma.skoletjenesten.no\/index.php?rest_route=%2Fwp%2Fv2%2Fmedia&parent=3467"}],"wp:term":[{"taxonomy":"category","embeddable":true,"href":"https:\/\/oma.skoletjenesten.no\/index.php?rest_route=%2Fwp%2Fv2%2Fcategories&post=3467"},{"taxonomy":"post_tag","embeddable":true,"href":"https:\/\/oma.skoletjenesten.no\/index.php?rest_route=%2Fwp%2Fv2%2Ftags&post=3467"}],"curies":[{"name":"wp","href":"https:\/\/api.w.org\/{rel}","templated":true}]}}