{"id":3422,"date":"2025-11-28T10:00:05","date_gmt":"2025-11-28T10:00:05","guid":{"rendered":"https:\/\/oma.skoletjenesten.no\/?p=3422"},"modified":"2026-02-05T21:57:49","modified_gmt":"2026-02-05T21:57:49","slug":"virtuell-virkelighet-47-25","status":"publish","type":"post","link":"https:\/\/oma.skoletjenesten.no\/?p=3422","title":{"rendered":"Virtuell virkelighet 47\/25"},"content":{"rendered":"\n<p><small>Denne spalten het tidligere <em>Alternative fakta<\/em>, som fortsatt er kategori-betegnelsen. I<em> Alternative fakta<\/em> l\u00e5 vekten ofte mer p\u00e5 det alternative enn p\u00e5 fakta. Her i <em>Virtuell virkelighet<\/em> kan vekten&nbsp; ligge mer p\u00e5 det virtuelle enn p\u00e5 virkeligheten.<\/small><\/p>\n\n\n\n<p><small>Navneskiftet ble forklart i <a href=\"http:\/\/ttt.skoletjenesten.no\/alternative-fakta-3-21\/\" target=\"_blank\" rel=\"noreferrer noopener\">siste utgave av Alternative fakta 15. januar 2021<\/a>.<\/small><\/p>\n\n\n\n<hr class=\"wp-block-separator has-alpha-channel-opacity\"\/>\n\n\n\n<p id=\"Vv-5\"><a href=\"#Vv-1\" data-type=\"internal\" data-id=\"#Vv-1\">Vv 1: Ben\u00e5dning<\/a> \u058e\u058e <a href=\"#Vv-2\" data-type=\"internal\" data-id=\"#Vv-2\">Vv 2: Evigheten<\/a> \u058e\u058e <a href=\"#Vv-3\" data-type=\"internal\" data-id=\"#Vv-3\">Vv 3: M\u00e5<\/a>l \u058e\u058e<a href=\"#Vv-4\" data-type=\"internal\" data-id=\"#Vv-4\"> Vv 4: Reklame<\/a> \u058e\u058e <a href=\"#Vv-5\" data-type=\"internal\" data-id=\"#Vv-5\">Vv 5: Purple-Jahn<\/a> \u058e\u058e <a href=\"#Vv-6\" data-type=\"internal\" data-id=\"#Vv-6\">Vv 6: Juleferie<\/a> \u058e\u058e <a href=\"#Vv-7\" data-type=\"internal\" data-id=\"#Vv-7\">Vv 7: Pust<\/a> \u058e\u058e <a href=\"#Vv-8\" data-type=\"internal\" data-id=\"#Vv-8\">Vv 8: Ordrikt<\/a> \u058e\u058e <a href=\"#Vv-9\" data-type=\"internal\" data-id=\"#Vv-9\">Vv 9: Konsert<\/a><\/p>\n\n\n\n<hr class=\"wp-block-separator has-alpha-channel-opacity\"\/>\n\n\n\n<p id=\"Vv-1\"><strong><em>Vv 1: Ben\u00e5dning.<\/em><\/strong> I dag er det \u00abblakk fredag\u00bb (dagen etter <em>Thanksgiving<\/em>, som alle nordmenn feirer), noe som ikke var s\u00e6rlig merkbart p\u00e5 trafikken da bloggeren var ute p\u00e5 sin ukentlige handlerunde. Som vanlig har presidenten i Sambandsstatene ben\u00e5det en kalkun. Den ville ellers blitt hovedrett til festm\u00e5ltidet under <em>Thanksgiving<\/em>. Kalkunen blir ben\u00e5det som en naturlig fortsettelse av at samme president har ben\u00e5det alle som ble d\u00f8mt for angrepet p\u00e5 Kongressen 6. januar 2021.<\/p>\n\n\n\n<p><a href=\"mailto:ttt@skoletjenesten.no?cc=&amp;bcc=&amp;subject=Vv%201\/47&amp;amptarget=\"><em>Kommenter denne notisen<\/em><\/a><\/p>\n\n\n\n<p class=\"has-text-align-center\">\u058e\u058e\u058e<\/p>\n\n\n\n<p id=\"Vv-2\"><strong><em>Vv 2: Evigheten.<\/em><\/strong> En som g\u00e5r inn i evigheten, blir gjerne borte for godt. Bloggeren tror ikke det var hva Olav Traaen mente i sin reportasje \u2013 tilrettelagt for h\u00f8rselshemmede \u2013 fra en konkurranse i fotballsparking nylig:<\/p>\n\n\n\n<figure class=\"wp-block-audio\"><audio controls src=\"https:\/\/oma.skoletjenesten.no\/wp-content\/uploads\/2025\/11\/20_Fotballevigheten_251117_NRK-AlltidNyheter_OlavTraaen_Reportasje.mp3\"><\/audio><figcaption class=\"wp-element-caption\">NRK Alltid Nyheter 17. november 2025.<\/figcaption><\/figure>\n\n\n\n<p><a href=\"mailto:ttt@skoletjenesten.no?cc=&amp;bcc=&amp;subject=Vv%202\/47&amp;amptarget=\"><em>Kommenter denne notisen<\/em><\/a><\/p>\n\n\n\n<p class=\"has-text-align-center\">\u058e\u058e\u058e<\/p>\n\n\n\n<p id=\"Vv-3\"><strong><em>Vv 3: M\u00e5l.<\/em><\/strong> Bloggeren har selv deltatt i fotballsparking. P\u00e5 folkeskolen hendte det at slikt foregikk i gymtimen. Da skulle det velges lag, og bloggeren ble alltid valgt sist. Han ble gjerne tildelt rollen som <em>back<\/em>. L\u00e6reren brukte briller og sto av og til i m\u00e5l, og bloggeren mener \u00e5 huske at det ga st\u00f8rre prestisje \u00e5 treffe brillene enn \u00e5 score m\u00e5l. I neste \u00e5rs verdensmesterskap teller bare ekte m\u00e5l, d.v.s. de som er scoret av Norge. Slik oppfatter i hvert fall bloggeren etterh\u00e5ndsomtalen av Norges to siste kvalifiseringsfotballkamper.<\/p>\n\n\n\n<div class=\"wp-block-columns is-layout-flex wp-container-core-columns-is-layout-9d6595d7 wp-block-columns-is-layout-flex\">\n<div class=\"wp-block-column is-layout-flow wp-block-column-is-layout-flow\">\n<figure class=\"wp-block-audio\"><audio controls src=\"https:\/\/oma.skoletjenesten.no\/wp-content\/uploads\/2025\/11\/30_x40_Verdensmesterskap-Norge_251114_NRK-AlltidNyheter_KristineKjendalen_Reportasje.mp3\"><\/audio><figcaption class=\"wp-element-caption\">NRK Alltid Nyheter 14. november 2025.<\/figcaption><\/figure>\n<\/div>\n\n\n\n<div class=\"wp-block-column is-layout-flow wp-block-column-is-layout-flow\">\n<figure class=\"wp-block-audio\"><audio controls src=\"https:\/\/oma.skoletjenesten.no\/wp-content\/uploads\/2025\/11\/30_x40_Maalloest-med-ett-maal_251117_NRK-AlltidNyheter_JohannaHauge_Reportasje.mp3\"><\/audio><figcaption class=\"wp-element-caption\">NRK Alltid Nyheter 17. november 2025. Estland sk\u00e5ret ett m\u00e5l i 1. omgang, Norge ingen.<\/figcaption><\/figure>\n<\/div>\n<\/div>\n\n\n\n<p><a href=\"mailto:ttt@skoletjenesten.no?cc=&amp;bcc=&amp;subject=Vv%203\/47&amp;amptarget=\"><em>Kommenter denne notisen<\/em><\/a><\/p>\n\n\n\n<p class=\"has-text-align-center\">\u058e\u058e\u058e<\/p>\n\n\n\n<p id=\"Vv-4\"><strong><em>Vv 4: Reklame.<\/em><\/strong> Vi er enn\u00e5 i november, men stabelen med postkassereklame knyttet til julen har vel omtrent doblet seg de siste to ukene.<\/p>\n\n\n\n<div class=\"wp-block-columns is-layout-flex wp-container-core-columns-is-layout-9d6595d7 wp-block-columns-is-layout-flex\">\n<div class=\"wp-block-column is-layout-flow wp-block-column-is-layout-flow\">\n<figure class=\"wp-block-image size-large is-style-twentytwentyone-border\"><a href=\"https:\/\/oma.skoletjenesten.no\/wp-content\/uploads\/2025\/11\/20_IMG_20251113_OK_130833320.jpg\" target=\"_blank\" rel=\" noreferrer noopener\"><img loading=\"lazy\" decoding=\"async\" width=\"992\" height=\"1024\" src=\"https:\/\/oma.skoletjenesten.no\/wp-content\/uploads\/2025\/11\/20_IMG_20251113_OK_130833320-992x1024.jpg\" alt=\"\" class=\"wp-image-3327\" srcset=\"https:\/\/oma.skoletjenesten.no\/wp-content\/uploads\/2025\/11\/20_IMG_20251113_OK_130833320-992x1024.jpg 992w, https:\/\/oma.skoletjenesten.no\/wp-content\/uploads\/2025\/11\/20_IMG_20251113_OK_130833320-291x300.jpg 291w, https:\/\/oma.skoletjenesten.no\/wp-content\/uploads\/2025\/11\/20_IMG_20251113_OK_130833320-768x793.jpg 768w, https:\/\/oma.skoletjenesten.no\/wp-content\/uploads\/2025\/11\/20_IMG_20251113_OK_130833320-1488x1536.jpg 1488w, https:\/\/oma.skoletjenesten.no\/wp-content\/uploads\/2025\/11\/20_IMG_20251113_OK_130833320-1984x2048.jpg 1984w, https:\/\/oma.skoletjenesten.no\/wp-content\/uploads\/2025\/11\/20_IMG_20251113_OK_130833320-1568x1619.jpg 1568w\" sizes=\"auto, (max-width: 992px) 100vw, 992px\" \/><\/a><figcaption class=\"wp-element-caption\">F\u00f8rjuls-postkassereklame pr. 14. november 2025. Klikk for st\u00f8rre bilde, der meterm\u00e5let kan avleses.<\/figcaption><\/figure>\n<\/div>\n\n\n\n<div class=\"wp-block-column is-layout-flow wp-block-column-is-layout-flow\">\n<figure class=\"wp-block-image size-large is-style-twentytwentyone-border\"><a href=\"https:\/\/oma.skoletjenesten.no\/wp-content\/uploads\/2025\/11\/40_Reklame_IMG_20251127_122306679.jpg\" target=\"_blank\" rel=\" noreferrer noopener\"><img loading=\"lazy\" decoding=\"async\" width=\"935\" height=\"1024\" src=\"https:\/\/oma.skoletjenesten.no\/wp-content\/uploads\/2025\/11\/40_Reklame_IMG_20251127_122306679-935x1024.jpg\" alt=\"\" class=\"wp-image-3428\" srcset=\"https:\/\/oma.skoletjenesten.no\/wp-content\/uploads\/2025\/11\/40_Reklame_IMG_20251127_122306679-935x1024.jpg 935w, https:\/\/oma.skoletjenesten.no\/wp-content\/uploads\/2025\/11\/40_Reklame_IMG_20251127_122306679-274x300.jpg 274w, https:\/\/oma.skoletjenesten.no\/wp-content\/uploads\/2025\/11\/40_Reklame_IMG_20251127_122306679-768x841.jpg 768w, https:\/\/oma.skoletjenesten.no\/wp-content\/uploads\/2025\/11\/40_Reklame_IMG_20251127_122306679-1403x1536.jpg 1403w, https:\/\/oma.skoletjenesten.no\/wp-content\/uploads\/2025\/11\/40_Reklame_IMG_20251127_122306679-1870x2048.jpg 1870w, https:\/\/oma.skoletjenesten.no\/wp-content\/uploads\/2025\/11\/40_Reklame_IMG_20251127_122306679-1568x1717.jpg 1568w, https:\/\/oma.skoletjenesten.no\/wp-content\/uploads\/2025\/11\/40_Reklame_IMG_20251127_122306679.jpg 1949w\" sizes=\"auto, (max-width: 935px) 100vw, 935px\" \/><\/a><figcaption class=\"wp-element-caption\">F\u00f8rjuls-postkassereklame pr. 28. november 2025<\/figcaption><\/figure>\n<\/div>\n<\/div>\n\n\n\n<p><a href=\"mailto:ttt@skoletjenesten.no?cc=&amp;bcc=&amp;subject=Vv%204\/47&amp;amptarget=\"><em>Kommenter denne notisen<\/em><\/a><\/p>\n\n\n\n<p class=\"has-text-align-center\">\u058e\u058e\u058e<\/p>\n\n\n<div class=\"wp-block-image is-style-twentytwentyone-border\">\n<figure class=\"alignright size-full\"><a href=\"http:\/\/ttt.skoletjenesten.no\/wp-content\/uploads\/2025\/09\/50_Popoluh---JahnTeigen_Budstikka%2028-11-1975-pages_2.pdf\" target=\"_blank\" rel=\" noreferrer noopener\"><img loading=\"lazy\" decoding=\"async\" width=\"546\" height=\"806\" src=\"https:\/\/oma.skoletjenesten.no\/wp-content\/uploads\/2025\/11\/50_PopolAce_OK_Opera-Bilde_2025-11-27_155629_50_Popoluh-JahnTeigen_Budstikka2028-11-1975-pages_2.jpg\" alt=\"\" class=\"wp-image-3429\" srcset=\"https:\/\/oma.skoletjenesten.no\/wp-content\/uploads\/2025\/11\/50_PopolAce_OK_Opera-Bilde_2025-11-27_155629_50_Popoluh-JahnTeigen_Budstikka2028-11-1975-pages_2.jpg 546w, https:\/\/oma.skoletjenesten.no\/wp-content\/uploads\/2025\/11\/50_PopolAce_OK_Opera-Bilde_2025-11-27_155629_50_Popoluh-JahnTeigen_Budstikka2028-11-1975-pages_2-203x300.jpg 203w\" sizes=\"auto, (max-width: 546px) 100vw, 546px\" \/><\/a><figcaption class=\"wp-element-caption\">Asket og B\u00e6rums Budstikke 28. november 1975. Klikk for \u00e5 lese.<\/figcaption><\/figure>\n<\/div>\n\n\n<p id=\"Vv-5\"><strong>Vv 5: Purple-Jahn.<\/strong> F\u00f8r Jahn Teigen ble kjent som sanger, hadde han en fortid bl.a. som slagverker i bandet <em>Purple Ace<\/em>. Asker og B\u00e6rums Budstikke dokumenterte dette med tekst og bilde.<\/p>\n\n\n\n<p>.<\/p>\n\n\n\n<p>.<\/p>\n\n\n\n<p>.<\/p>\n\n\n\n<p>.<\/p>\n\n\n\n<p><a href=\"mailto:ttt@skoletjenesten.no?cc=&amp;bcc=&amp;subject=Vv%205\/47&amp;amptarget=\"><em>Kommenter denne notisen<\/em><\/a><\/p>\n\n\n\n<p class=\"has-text-align-center\">\u058e\u058e\u058e<\/p>\n\n\n\n<p id=\"Vv-6\"><strong><em>Vv 6: Juleferie.<\/em><\/strong> I krigs\u00e5rene 1940-45 ble det etter hvert mangel p\u00e5 brensel. Det medf\u00f8rte sparetiltak. Ett av dem var at skolenes juleferie i 1942 begynte allerede 1. desember.<\/p>\n\n\n\n<p><a href=\"mailto:ttt@skoletjenesten.no?cc=&amp;bcc=&amp;subject=Vv%206\/47&amp;amptarget=\"><em>Kommenter denne notisen<\/em><\/a><\/p>\n\n\n\n<p class=\"has-text-align-center\">\u058e\u058e\u058e<\/p>\n\n\n\n<p id=\"Vv-7\"><strong><em>Vv 7: Pust.<\/em> <\/strong> Ida Dalbakk var Afrika-korrespondent for den skattefinansierte mediekanalen NRK fra 2019 til 2022. Ved starten av perioden havnet hun midt oppi terroraksjonen mot et hotell i Nairobi. Om det var der hun ervervet sin spesielle pusteteknikk, vites ikke; kanskje hun bare pr\u00f8ver \u00e5 etterligne <a href=\"https:\/\/ttt.skoletjenesten.no\/radiolyd-pa-innpust\/#innpust\" target=\"_blank\" rel=\"noreferrer noopener\">Gro Holm<\/a>. Eller er dette et teknisk problem (utfordring?) som kanskje lar seg l\u00f8se med bloggerens skattepenger?<\/p>\n\n\n\n<div class=\"wp-block-columns is-layout-flex wp-container-core-columns-is-layout-9d6595d7 wp-block-columns-is-layout-flex\">\n<div class=\"wp-block-column is-layout-flow wp-block-column-is-layout-flow\">\n<figure class=\"wp-block-audio\"><audio controls src=\"https:\/\/oma.skoletjenesten.no\/wp-content\/uploads\/2025\/11\/70_Mikrofonpust_251125_NRK-AlltidNyheter_IdaDahlback.mp3\"><\/audio><figcaption class=\"wp-element-caption\">Det pustes.<\/figcaption><\/figure>\n<\/div>\n\n\n\n<div class=\"wp-block-column is-layout-flow wp-block-column-is-layout-flow\">\n<figure class=\"wp-block-audio\"><audio controls src=\"https:\/\/oma.skoletjenesten.no\/wp-content\/uploads\/2025\/11\/70_EU-og-Afrika_251125_NRK-AlltidNyheter_IdaDahlback.mp3\"><\/audio><figcaption class=\"wp-element-caption\">Hele reportasjen, der det fremg\u00e5r at Ida Dahlback ikke vet \u2013 eller ikke bryr seg om \u2013 at dette er radio, som ikke har bilder.<\/figcaption><\/figure>\n<\/div>\n<\/div>\n\n\n\n<p><a href=\"mailto:ttt@skoletjenesten.no?cc=&amp;bcc=&amp;subject=Vv%207\/47&amp;amptarget=\"><em>Kommenter denne notisen<\/em><\/a><\/p>\n\n\n\n<p class=\"has-text-align-center\">\u058e\u058e\u058e<\/p>\n\n\n<div class=\"wp-block-image is-style-twentytwentyone-border\">\n<figure class=\"alignright size-full\"><a href=\"http:\/\/ttt.skoletjenesten.no\/wp-content\/uploads\/2025\/09\/80_Aftenposten%2028.%20november%201925%20%281%29.pdf\" target=\"_blank\" rel=\" noreferrer noopener\"><img loading=\"lazy\" decoding=\"async\" width=\"553\" height=\"748\" src=\"https:\/\/oma.skoletjenesten.no\/wp-content\/uploads\/2025\/11\/80_Langartikkel-3-sider-Kvindelig-hygiene_1925-1128_Opera-Bilde_2025-11-23_174025_e-avis.aftenposten.no_.png\" alt=\"\" class=\"wp-image-3432\" srcset=\"https:\/\/oma.skoletjenesten.no\/wp-content\/uploads\/2025\/11\/80_Langartikkel-3-sider-Kvindelig-hygiene_1925-1128_Opera-Bilde_2025-11-23_174025_e-avis.aftenposten.no_.png 553w, https:\/\/oma.skoletjenesten.no\/wp-content\/uploads\/2025\/11\/80_Langartikkel-3-sider-Kvindelig-hygiene_1925-1128_Opera-Bilde_2025-11-23_174025_e-avis.aftenposten.no_-222x300.png 222w\" sizes=\"auto, (max-width: 553px) 100vw, 553px\" \/><\/a><figcaption class=\"wp-element-caption\">Aftenposten 28. november 1925. Klikk for \u00e5 lese hele avisen.<\/figcaption><\/figure>\n<\/div>\n\n\n<p id=\"Vv-8\"><strong><em>Vv 8: Ordrikt.<\/em><\/strong> F\u00f8rstesideoppslaget \u2013 og eneste oppslag \u2013 i Aftenposten for hundre \u00e5r siden i dag hadde tittelen <em>Kvindelig hygiene<\/em>. Der ga professor dr. med. Kr. Brandt bl.a. uttrykk for sitt syn p\u00e5 arbeidsfordelingen i hjemmet. Aftenposten syntes nok artikkelen var viktig, for den fylte ogs\u00e5 hele side 2 og mesteparten av side 6.<\/p>\n\n\n\n<p>.<\/p>\n\n\n\n<p><a href=\"mailto:ttt@skoletjenesten.no?cc=&amp;bcc=&amp;subject=Vv%208\/47&amp;amptarget=\"><em>Kommenter denne notisen<\/em><\/a><\/p>\n\n\n\n<p class=\"has-text-align-center\">\u058e\u058e\u058e<\/p>\n\n\n\n<p id=\"Vv-9\"><strong><em>Vv 9: Konsert.<\/em><\/strong> Tom Lehrer (1928-2025) avslutter innlegget <em><a href=\"https:\/\/oma.skoletjenesten.no\/?p=3410\" target=\"_blank\" rel=\"noreferrer noopener\">Statistikkfare<\/a><\/em> i bilaget til denne spalten. Her i <em>Virtuell virkelighet<\/em> er vi rausere, og tilbyr en hel konsert med Tom Lehrer:<\/p>\n\n\n\n<figure class=\"wp-block-embed is-type-video is-provider-youtube wp-block-embed-youtube wp-embed-aspect-4-3 wp-has-aspect-ratio\"><div class=\"wp-block-embed__wrapper\">\n<iframe loading=\"lazy\" title=\"Tom Lehrer Full Copenhagen Performance\" width=\"750\" height=\"563\" src=\"https:\/\/www.youtube.com\/embed\/QHPmRJIoc2k?feature=oembed\" frameborder=\"0\" allow=\"accelerometer; autoplay; clipboard-write; encrypted-media; gyroscope; picture-in-picture; web-share\" referrerpolicy=\"strict-origin-when-cross-origin\" allowfullscreen><\/iframe>\n<\/div><\/figure>\n\n\n\n<p><a href=\"mailto:ttt@skoletjenesten.no?cc=&amp;bcc=&amp;subject=Vv%209\/47&amp;amptarget=\"><em>Kommenter denne notisen<\/em><\/a><\/p>\n\n\n\n<hr class=\"wp-block-separator has-alpha-channel-opacity\"\/>\n\n\n\n<p class=\"has-text-align-center has-large-font-size\"><em><a href=\"https:\/\/oma.skoletjenesten.no\/?p=3436\"><strong>Til innholdsliste for denne utgaven<\/strong><\/a><\/em><\/p>\n","protected":false},"excerpt":{"rendered":"<p>Denne spalten het tidligere Alternative fakta, som fortsatt er kategori-betegnelsen. I Alternative fakta l\u00e5 vekten ofte mer p\u00e5 det alternative enn p\u00e5 fakta. Her i Virtuell virkelighet kan vekten&nbsp; ligge mer p\u00e5 det virtuelle enn p\u00e5 virkeligheten. Navneskiftet ble forklart i siste utgave av Alternative fakta 15. januar 2021. Vv 1: Ben\u00e5dning \u058e\u058e Vv 2:&hellip; <a class=\"more-link\" href=\"https:\/\/oma.skoletjenesten.no\/?p=3422\">Fortsett \u00e5 lese <span class=\"screen-reader-text\">Virtuell virkelighet 47\/25<\/span><\/a><\/p>\n","protected":false},"author":1,"featured_media":0,"comment_status":"open","ping_status":"open","sticky":false,"template":"","format":"standard","meta":{"footnotes":""},"categories":[11],"tags":[],"class_list":["post-3422","post","type-post","status-publish","format-standard","hentry","category-alternative-fakta","entry"],"_links":{"self":[{"href":"https:\/\/oma.skoletjenesten.no\/index.php?rest_route=\/wp\/v2\/posts\/3422","targetHints":{"allow":["GET"]}}],"collection":[{"href":"https:\/\/oma.skoletjenesten.no\/index.php?rest_route=\/wp\/v2\/posts"}],"about":[{"href":"https:\/\/oma.skoletjenesten.no\/index.php?rest_route=\/wp\/v2\/types\/post"}],"author":[{"embeddable":true,"href":"https:\/\/oma.skoletjenesten.no\/index.php?rest_route=\/wp\/v2\/users\/1"}],"replies":[{"embeddable":true,"href":"https:\/\/oma.skoletjenesten.no\/index.php?rest_route=%2Fwp%2Fv2%2Fcomments&post=3422"}],"version-history":[{"count":10,"href":"https:\/\/oma.skoletjenesten.no\/index.php?rest_route=\/wp\/v2\/posts\/3422\/revisions"}],"predecessor-version":[{"id":3454,"href":"https:\/\/oma.skoletjenesten.no\/index.php?rest_route=\/wp\/v2\/posts\/3422\/revisions\/3454"}],"wp:attachment":[{"href":"https:\/\/oma.skoletjenesten.no\/index.php?rest_route=%2Fwp%2Fv2%2Fmedia&parent=3422"}],"wp:term":[{"taxonomy":"category","embeddable":true,"href":"https:\/\/oma.skoletjenesten.no\/index.php?rest_route=%2Fwp%2Fv2%2Fcategories&post=3422"},{"taxonomy":"post_tag","embeddable":true,"href":"https:\/\/oma.skoletjenesten.no\/index.php?rest_route=%2Fwp%2Fv2%2Ftags&post=3422"}],"curies":[{"name":"wp","href":"https:\/\/api.w.org\/{rel}","templated":true}]}}