{"id":3369,"date":"2025-11-21T10:00:15","date_gmt":"2025-11-21T10:00:15","guid":{"rendered":"https:\/\/oma.skoletjenesten.no\/?p=3369"},"modified":"2026-02-05T21:58:04","modified_gmt":"2026-02-05T21:58:04","slug":"virtuell-virkelighet-46-25","status":"publish","type":"post","link":"https:\/\/oma.skoletjenesten.no\/?p=3369","title":{"rendered":"Virtuell virkelighet 46\/25"},"content":{"rendered":"\n<p><small>Denne spalten het tidligere <em>Alternative fakta<\/em>, som fortsatt er kategori-betegnelsen. I<em> Alternative fakta<\/em> l\u00e5 vekten ofte mer p\u00e5 det alternative enn p\u00e5 fakta. Her i <em>Virtuell virkelighet<\/em> kan vekten&nbsp; ligge mer p\u00e5 det virtuelle enn p\u00e5 virkeligheten.<\/small><\/p>\n\n\n\n<p><small>Navneskiftet ble forklart i <a href=\"http:\/\/ttt.skoletjenesten.no\/alternative-fakta-3-21\/\" target=\"_blank\" rel=\"noreferrer noopener\">siste utgave av Alternative fakta 15. januar 2021<\/a>.<\/small><\/p>\n\n\n\n<hr class=\"wp-block-separator has-alpha-channel-opacity\"\/>\n\n\n\n<p><a href=\"#Vv1\" data-type=\"internal\" data-id=\"#Vv1\">Vv 1: Hilsen-svik<\/a>t \u058e\u058e <a href=\"#Vv2\" data-type=\"internal\" data-id=\"#Vv2\">Vv 2: Futtbold-1<\/a> \u058e\u058e <a href=\"#Vv3\" data-type=\"internal\" data-id=\"#Vv3\">Vv 3: Futtbold-2<\/a> \u058e\u058e Vv <a href=\"#Vv4\" data-type=\"internal\" data-id=\"#Vv4\">4: Futtbold-3<\/a> \u058e\u058e <a href=\"#Vv5\" data-type=\"internal\" data-id=\"#Vv5\">Vv 5: Futtbold-4<\/a> \u058e\u058e  <a href=\"#Vv6\" data-type=\"internal\" data-id=\"#Vv6\">Vv 6: Navn?<\/a> \u058e\u058e <a href=\"#Vv7\" data-type=\"internal\" data-id=\"#Vv7\">Vv 7: Redakt\u00f8rstyrt<\/a> \u058e\u058e <a href=\"#Vv8\">Vv 8: Verb-konsekvens<\/a> \u058e\u058e <a href=\"#Vv9\" data-type=\"internal\" data-id=\"#Vv9\">Vv 9: Stedsnavn<\/a><\/p>\n\n\n\n<hr class=\"wp-block-separator has-alpha-channel-opacity\"\/>\n\n\n\n<p id=\"Vv1\"><strong><em>Vv 1: Hilsen-svikt.<\/em><\/strong> Heller ikke i \u00e5r mottok bloggeren noen hilsen p\u00e5 den internasjonale mannsdagen (sist onsdag). Hvis noen n\u00e5 krysser av i kalenderen for \u00e5 sende hilsen neste \u00e5r, h\u00e5per bloggeren at de ogs\u00e5 finner og noterer hans telefonnummer, som det kan \u00abvippses\u00bb til.<\/p>\n\n\n\n<p><a href=\"mailto:ttt@skoletjenesten.no?cc=&amp;bcc=&amp;subject=Vv%201\/46&amp;amptarget=\"><em>Kommenter denne notisen<\/em><\/a><\/p>\n\n\n\n<p class=\"has-text-align-center\">\u058e\u058e\u058e<\/p>\n\n\n\n<p id=\"Vv2\"><strong><em>Vv 2: Futtbold-1.<\/em><\/strong> Det fremg\u00e5r av nyhetsmediene at det skal arrangeres et verdensmesterskap i fotballsparking neste \u00e5r. Sambandsstatene, Mexico og Canada er arrang\u00f8rland, og alle har vel forst\u00e5tt at Norge (som er p\u00e5meldt) m\u00e5 boikotte dette. Sambandsstatene leverer v\u00e5pen til Israel, i Mexico er det farlige narkotikakarteller og Canada har et tvilsomt rykte n\u00e5r det gjelder behandling av urbefolkning p\u00e5 internatskoler.<\/p>\n\n\n\n<p><a href=\"mailto:ttt@skoletjenesten.no?cc=&amp;bcc=&amp;subject=Vv%202\/46&amp;amptarget=\"><em>Kommenter denne notisen<\/em><\/a><\/p>\n\n\n\n<p class=\"has-text-align-center\">\u058e\u058e\u058e<\/p>\n\n\n<div class=\"wp-block-image is-style-twentytwentyone-border\">\n<figure class=\"alignright size-full\"><a href=\"https:\/\/www.youtube.com\/watch?v=HtmNOsvLGQQ\" target=\"_blank\" rel=\" noreferrer noopener\"><img loading=\"lazy\" decoding=\"async\" width=\"592\" height=\"356\" src=\"https:\/\/oma.skoletjenesten.no\/wp-content\/uploads\/2025\/11\/25_Curacao-Kart_Opera-Bilde_2025-11-19_111932_www.google.no_.png\" alt=\"\" class=\"wp-image-3378\" srcset=\"https:\/\/oma.skoletjenesten.no\/wp-content\/uploads\/2025\/11\/25_Curacao-Kart_Opera-Bilde_2025-11-19_111932_www.google.no_.png 592w, https:\/\/oma.skoletjenesten.no\/wp-content\/uploads\/2025\/11\/25_Curacao-Kart_Opera-Bilde_2025-11-19_111932_www.google.no_-300x180.png 300w\" sizes=\"auto, (max-width: 592px) 100vw, 592px\" \/><\/a><figcaption class=\"wp-element-caption\">Cura\u00e7ao. Klikk p\u00e5 kartet for \u00e5 h\u00f8re Povel Ramel uttale \u00f8y-navnet riktig. <\/figcaption><\/figure>\n<\/div>\n\n\n<p id=\"Vv3\"><strong><em>Vv 3: <strong>Futtbold-<\/strong>2.<\/em><\/strong> Cura\u00e7ao \u2013 en \u00f8y utenfor Venezuela og en selvstendig del av <a href=\"http:\/\/\/ttt.skoletjenesten.no\/wp-content\/uploads\/2025\/09\/25_Kongeriket-Nederlandene---Skjema_Opera%20Bilde_2025-11-19_124103_no.wikipedia.org.png\" data-type=\"link\" data-id=\"ftp:\/\/onemanarmy@ftpcluster.loopia.se\/ttt.skoletjenesten.no\/public_html\/wp-content\/uploads\/2025\/09\/25_Kongeriket-Nederlandene---Skjema_Opera%20Bilde_2025-11-19_124103_no.wikipedia.org.png\" target=\"_blank\" rel=\"noreferrer noopener\">Kongeriket Nederlandene<\/a> \u2013 skal ogs\u00e5 delta i verdensmesterskapet i fotballsparking. Det hersker usikkerhet i Norge om hvordan <em>cura\u00e7ao<\/em> skal uttales, men bloggeren holder seg til den tradisjonelle uttalen, som han ogs\u00e5 f\u00e5r st\u00f8tte for i en innspilling av Povel Ramel.<\/p>\n\n\n\n<p><a href=\"mailto:ttt@skoletjenesten.no?cc=&amp;bcc=&amp;subject=Vv%203\/46&amp;amptarget=\"><em>Kommenter denne notisen<\/em><\/a><\/p>\n\n\n\n<p class=\"has-text-align-center\">\u058e\u058e\u058e<\/p>\n\n\n\n<p id=\"Vv4\"><strong><em>Vv 4: <strong>Futtbold-<\/strong>3.<\/em><\/strong> Da det ble formelt klart at fotballsparkelandslaget skal delta i sluttspillet i verdensmesterskapet, ble det arrangert fyllefest p\u00e5 utestedet Carls i Oslo. Reportasjer derfra tyder p\u00e5 at det b\u00f8r advares mot bilder neste \u00e5r av fulle nordmenn utstyrt med hatt med ku-horn. I opptaket som den skattefinansierte radiokanalen NRK sendte, fikk de fulle damene innlede:<\/p>\n\n\n\n<div class=\"wp-block-columns is-layout-flex wp-container-core-columns-is-layout-9d6595d7 wp-block-columns-is-layout-flex\">\n<div class=\"wp-block-column is-layout-flow wp-block-column-is-layout-flow\">\n<figure class=\"wp-block-audio\"><audio controls src=\"https:\/\/oma.skoletjenesten.no\/wp-content\/uploads\/2025\/11\/30_Fotballfyll_251117_NRK-AlltidNyheter_JohannaHauge_Reportasje.mp3\"><\/audio><figcaption class=\"wp-element-caption\">NRK Alltid Nyheter 17. november 2025<\/figcaption><\/figure>\n<\/div>\n\n\n\n<div class=\"wp-block-column is-layout-flow wp-block-column-is-layout-flow\">\n<figure class=\"wp-block-audio\"><audio controls src=\"https:\/\/oma.skoletjenesten.no\/wp-content\/uploads\/2025\/11\/30_VikingtoktVM_251114_NRK-AlltidNyheter_KristineKjendalen_Reportasje.mp3\"><\/audio><figcaption class=\"wp-element-caption\">NRK Alltid Nyheter 14. november 2025<\/figcaption><\/figure>\n<\/div>\n<\/div>\n\n\n\n<p><a href=\"mailto:ttt@skoletjenesten.no?cc=&amp;bcc=&amp;subject=Vv%204\/46&amp;amptarget=\"><em>Kommenter denne notisen<\/em><\/a><\/p>\n\n\n\n<p class=\"has-text-align-center\">\u058e\u058e\u058e<\/p>\n\n\n\n<p id=\"Vv5\"><strong><em>Vv 5: <strong>Futtbold-<\/strong>4.<\/em><\/strong> Bloggeren har selv deltatt i fotballsparking. P\u00e5 folkeskolen hendte det at slikt foregikk i gymtimen. Da skulle det velges lag, og bloggeren ble alltid valgt sist. Han ble gjerne tildelt rangen <em>back<\/em>. L\u00e6reren brukte briller og sto av og til i m\u00e5l, og bloggeren mener \u00e5 huske at det ga st\u00f8rre prestisje \u00e5 treffe brillene hans enn \u00e5 score m\u00e5l. I neste \u00e5rs verdensmesterskap teller bare ekte m\u00e5l, d.v.s. de som er scoret av Norge. Slik oppfatter i hvert fall bloggeren etterh\u00e5ndsomtalen av Norges to siste kvalifiseringsfotballkamper.<\/p>\n\n\n\n<div class=\"wp-block-columns is-layout-flex wp-container-core-columns-is-layout-9d6595d7 wp-block-columns-is-layout-flex\">\n<div class=\"wp-block-column is-layout-flow wp-block-column-is-layout-flow\">\n<figure class=\"wp-block-audio\"><audio controls src=\"https:\/\/oma.skoletjenesten.no\/wp-content\/uploads\/2025\/11\/x40_Verdensmesterskap-Norge_251114_NRK-AlltidNyheter_KristineKjendalen_Reportasje.mp3\"><\/audio><figcaption class=\"wp-element-caption\">NRK Alltid Nyheter 14. november 2025<\/figcaption><\/figure>\n<\/div>\n\n\n\n<div class=\"wp-block-column is-layout-flow wp-block-column-is-layout-flow\">\n<figure class=\"wp-block-audio\"><audio controls src=\"https:\/\/oma.skoletjenesten.no\/wp-content\/uploads\/2025\/11\/x40_Maalloest-med-ett-maal_251117_NRK-AlltidNyheter_JohannaHauge_Reportasje.mp3\"><\/audio><figcaption class=\"wp-element-caption\">NRK Alltid Nyheter 17. november 2025<\/figcaption><\/figure>\n<\/div>\n<\/div>\n\n\n\n<p><a href=\"mailto:ttt@skoletjenesten.no?cc=&amp;bcc=&amp;subject=Vv%205\/46&amp;amptarget=\"><em>Kommenter denne notisen<\/em><\/a><\/p>\n\n\n\n<p class=\"has-text-align-center\">\u058e\u058e\u058e<\/p>\n\n\n\n<figure class=\"wp-block-video alignright\"><video height=\"634\" style=\"aspect-ratio: 1354 \/ 634;\" width=\"1354\" controls src=\"https:\/\/oma.skoletjenesten.no\/wp-content\/uploads\/2025\/11\/50_Navneintro-Soltveit-Saltvedt_251113_NRK-AlltidNyheter_ChistelHigraff.mp4\"><\/video><figcaption class=\"wp-element-caption\">NRK Nyheter 13. november 2025.<\/figcaption><\/figure>\n\n\n\n<p id=\"Vv6\"><strong><em>Vv 6: Navn?<\/em><\/strong> Selv altmulig-spesialisten Jan Petter Saltvedt i den skattefinansierte TV-kanalen NRK kommer litt i bakgrunnen n\u00e5r han introduseres som spesialist p\u00e5 kvalifisering til verdensmesterskapet i fotballsparking.<\/p>\n\n\n\n<p><a href=\"mailto:ttt@skoletjenesten.no?cc=&amp;bcc=&amp;subject=Vv%206\/46&amp;amptarget=\"><em>Kommenter denne notisen<\/em><\/a><\/p>\n\n\n\n<p class=\"has-text-align-center\">\u058e\u058e\u058e<\/p>\n\n\n\n<p id=\"Vv7\"><strong><em>Vv 7: Redakt\u00f8rstyrt.<\/em><\/strong> Redakt\u00f8rstyrte medier er tingen, har man forst\u00e5tt. Beg\u00e5r de unntaksvis en feil, blir feilen rettet opp.<\/p>\n\n\n\n<figure class=\"wp-block-audio\"><audio controls src=\"https:\/\/oma.skoletjenesten.no\/wp-content\/uploads\/2025\/11\/70_KS-rettelse_251108-kl1058_NRK-Helgemorgen_.mp3\"><\/audio><figcaption class=\"wp-element-caption\">NRK Helgemorgen 8. november kl. 10:58<\/figcaption><\/figure>\n\n\n\n<figure class=\"wp-block-audio\"><audio controls src=\"https:\/\/oma.skoletjenesten.no\/wp-content\/uploads\/2025\/11\/70_KS-opplysning_251108-kl1102_NRK-Dagsnytt__.mp3\"><\/audio><figcaption class=\"wp-element-caption\">NRK Dagsnytt 8. november kl. 11:02&lt;<\/figcaption><\/figure>\n\n\n\n<p><a href=\"mailto:ttt@skoletjenesten.no?cc=&amp;bcc=&amp;subject=Vv%207\/46&amp;amptarget=\"><em>Kommenter denne notisen<\/em><\/a><\/p>\n\n\n\n<p class=\"has-text-align-center\">\u058e\u058e\u058e<\/p>\n\n\n\n<p id=\"Vv8\"><strong><em>Vv 8: Verb-konsekvens.<\/em><\/strong> Bloggeren, som er spr\u00e5knerd, lurer p\u00e5 hvorfor NRK (skattefinansiert) velger ulik b\u00f8ying av to verb som tilh\u00f8rer samme kategori?<\/p>\n\n\n\n<figure class=\"wp-block-image size-large is-style-twentytwentyone-border\"><img loading=\"lazy\" decoding=\"async\" width=\"1024\" height=\"216\" src=\"https:\/\/oma.skoletjenesten.no\/wp-content\/uploads\/2025\/11\/80_a-verb_Opera-Bilde_2025-10-10_204828_tv.nrk_.no_-1024x216.png\" alt=\"\" class=\"wp-image-3387\" srcset=\"https:\/\/oma.skoletjenesten.no\/wp-content\/uploads\/2025\/11\/80_a-verb_Opera-Bilde_2025-10-10_204828_tv.nrk_.no_-1024x216.png 1024w, https:\/\/oma.skoletjenesten.no\/wp-content\/uploads\/2025\/11\/80_a-verb_Opera-Bilde_2025-10-10_204828_tv.nrk_.no_-300x63.png 300w, https:\/\/oma.skoletjenesten.no\/wp-content\/uploads\/2025\/11\/80_a-verb_Opera-Bilde_2025-10-10_204828_tv.nrk_.no_-768x162.png 768w, https:\/\/oma.skoletjenesten.no\/wp-content\/uploads\/2025\/11\/80_a-verb_Opera-Bilde_2025-10-10_204828_tv.nrk_.no_.png 1082w\" sizes=\"auto, (max-width: 1024px) 100vw, 1024px\" \/><\/figure>\n\n\n\n<p><a href=\"mailto:ttt@skoletjenesten.no?cc=&amp;bcc=&amp;subject=Vv%208\/46&amp;amptarget=\"><em>Kommenter denne notisen<\/em><\/a><\/p>\n\n\n\n<p class=\"has-text-align-center\">\u058e\u058e\u058e<\/p>\n\n\n\n<p id=\"Vv9\"><strong><em>Vv 9: Stedsnavn.<\/em><\/strong> Veikrysset der Rjukanvegen, Raulandsvegen og Totakvegen m\u00f8tes, vil nok byn\u00e6re folk kalles trolig for Rauland sentrumav byn\u00e6re folk. Men det heter \u2013 som seg h\u00f8r og b\u00f8r \u2013 <em>Krossen<\/em>. Satans vegvesen er imidlertid en bokm\u00e5lsetat, s\u00e5 p\u00e5 deres kart heter det <em>Krysset<\/em>.<\/p>\n\n\n\n<div class=\"wp-block-columns is-layout-flex wp-container-core-columns-is-layout-9d6595d7 wp-block-columns-is-layout-flex\">\n<div class=\"wp-block-column is-layout-flow wp-block-column-is-layout-flow\">\n<figure class=\"wp-block-image size-full is-style-twentytwentyone-border\"><a href=\"https:\/\/oma.skoletjenesten.no\/wp-content\/uploads\/2025\/11\/90_Krossen_Opera-Bilde_2025-09-22_175243_www.vegvesen.no_.png\" target=\"_blank\" rel=\" noreferrer noopener\"><img loading=\"lazy\" decoding=\"async\" width=\"595\" height=\"550\" src=\"https:\/\/oma.skoletjenesten.no\/wp-content\/uploads\/2025\/11\/90_Krossen_Opera-Bilde_2025-09-22_175243_www.vegvesen.no_.png\" alt=\"\" class=\"wp-image-3388\" srcset=\"https:\/\/oma.skoletjenesten.no\/wp-content\/uploads\/2025\/11\/90_Krossen_Opera-Bilde_2025-09-22_175243_www.vegvesen.no_.png 595w, https:\/\/oma.skoletjenesten.no\/wp-content\/uploads\/2025\/11\/90_Krossen_Opera-Bilde_2025-09-22_175243_www.vegvesen.no_-300x277.png 300w\" sizes=\"auto, (max-width: 595px) 100vw, 595px\" \/><\/a><figcaption class=\"wp-element-caption\">Riktig navn her: Krossen.<\/figcaption><\/figure>\n<\/div>\n\n\n\n<div class=\"wp-block-column is-layout-flow wp-block-column-is-layout-flow\">\n<figure class=\"wp-block-image size-full is-style-twentytwentyone-border\"><a href=\"https:\/\/oma.skoletjenesten.no\/wp-content\/uploads\/2025\/11\/90_Krysset_Opera-Bilde_2025-09-22_175426_www.vegvesen.no_.png\" target=\"_blank\" rel=\" noreferrer noopener\"><img loading=\"lazy\" decoding=\"async\" width=\"525\" height=\"448\" src=\"https:\/\/oma.skoletjenesten.no\/wp-content\/uploads\/2025\/11\/90_Krysset_Opera-Bilde_2025-09-22_175426_www.vegvesen.no_.png\" alt=\"\" class=\"wp-image-3389\" srcset=\"https:\/\/oma.skoletjenesten.no\/wp-content\/uploads\/2025\/11\/90_Krysset_Opera-Bilde_2025-09-22_175426_www.vegvesen.no_.png 525w, https:\/\/oma.skoletjenesten.no\/wp-content\/uploads\/2025\/11\/90_Krysset_Opera-Bilde_2025-09-22_175426_www.vegvesen.no_-300x256.png 300w\" sizes=\"auto, (max-width: 525px) 100vw, 525px\" \/><\/a><figcaption class=\"wp-element-caption\">Hvem fant p\u00e5 dette? Det heter Krossen!<\/figcaption><\/figure>\n<\/div>\n<\/div>\n\n\n\n<p><a href=\"mailto:ttt@skoletjenesten.no?cc=&amp;bcc=&amp;subject=Vv%209\/46&amp;amptarget=\"><em>Kommenter denne notisen<\/em><\/a><\/p>\n\n\n\n<div style=\"height:100px\" aria-hidden=\"true\" class=\"wp-block-spacer\"><\/div>\n\n\n\n<hr class=\"wp-block-separator has-alpha-channel-opacity\"\/>\n\n\n\n<p class=\"has-text-align-center\"><em><a href=\"https:\/\/oma.skoletjenesten.no\/?p=3361\">Til innholdsliste for denne utgaven<\/a><\/em><\/p>\n\n\n\n<p><\/p>\n","protected":false},"excerpt":{"rendered":"<p>Denne spalten het tidligere Alternative fakta, som fortsatt er kategori-betegnelsen. I Alternative fakta l\u00e5 vekten ofte mer p\u00e5 det alternative enn p\u00e5 fakta. Her i Virtuell virkelighet kan vekten&nbsp; ligge mer p\u00e5 det virtuelle enn p\u00e5 virkeligheten. Navneskiftet ble forklart i siste utgave av Alternative fakta 15. januar 2021. Vv 1: Hilsen-svikt \u058e\u058e Vv 2:&hellip; <a class=\"more-link\" href=\"https:\/\/oma.skoletjenesten.no\/?p=3369\">Fortsett \u00e5 lese <span class=\"screen-reader-text\">Virtuell virkelighet 46\/25<\/span><\/a><\/p>\n","protected":false},"author":1,"featured_media":0,"comment_status":"open","ping_status":"open","sticky":false,"template":"","format":"standard","meta":{"footnotes":""},"categories":[11],"tags":[],"class_list":["post-3369","post","type-post","status-publish","format-standard","hentry","category-alternative-fakta","entry"],"_links":{"self":[{"href":"https:\/\/oma.skoletjenesten.no\/index.php?rest_route=\/wp\/v2\/posts\/3369","targetHints":{"allow":["GET"]}}],"collection":[{"href":"https:\/\/oma.skoletjenesten.no\/index.php?rest_route=\/wp\/v2\/posts"}],"about":[{"href":"https:\/\/oma.skoletjenesten.no\/index.php?rest_route=\/wp\/v2\/types\/post"}],"author":[{"embeddable":true,"href":"https:\/\/oma.skoletjenesten.no\/index.php?rest_route=\/wp\/v2\/users\/1"}],"replies":[{"embeddable":true,"href":"https:\/\/oma.skoletjenesten.no\/index.php?rest_route=%2Fwp%2Fv2%2Fcomments&post=3369"}],"version-history":[{"count":10,"href":"https:\/\/oma.skoletjenesten.no\/index.php?rest_route=\/wp\/v2\/posts\/3369\/revisions"}],"predecessor-version":[{"id":3405,"href":"https:\/\/oma.skoletjenesten.no\/index.php?rest_route=\/wp\/v2\/posts\/3369\/revisions\/3405"}],"wp:attachment":[{"href":"https:\/\/oma.skoletjenesten.no\/index.php?rest_route=%2Fwp%2Fv2%2Fmedia&parent=3369"}],"wp:term":[{"taxonomy":"category","embeddable":true,"href":"https:\/\/oma.skoletjenesten.no\/index.php?rest_route=%2Fwp%2Fv2%2Fcategories&post=3369"},{"taxonomy":"post_tag","embeddable":true,"href":"https:\/\/oma.skoletjenesten.no\/index.php?rest_route=%2Fwp%2Fv2%2Ftags&post=3369"}],"curies":[{"name":"wp","href":"https:\/\/api.w.org\/{rel}","templated":true}]}}