{"id":3316,"date":"2025-11-14T10:00:34","date_gmt":"2025-11-14T10:00:34","guid":{"rendered":"https:\/\/oma.skoletjenesten.no\/?p=3316"},"modified":"2026-02-05T22:01:54","modified_gmt":"2026-02-05T22:01:54","slug":"virtuell-virkelighet-45-25","status":"publish","type":"post","link":"https:\/\/oma.skoletjenesten.no\/?p=3316","title":{"rendered":"Virtuell virkelighet 45\/25"},"content":{"rendered":"\n<p><small>Denne spalten het tidligere <em>Alternative fakta<\/em>, som fortsatt er kategori-betegnelsen. I<em> Alternative fakta<\/em> l\u00e5 vekten ofte mer p\u00e5 det alternative enn p\u00e5 fakta. Her i <em>Virtuell virkelighet<\/em> kan vekten&nbsp; ligge mer p\u00e5 det virtuelle enn p\u00e5 virkeligheten.<\/small><\/p>\n\n\n\n<p><small>Navneskiftet ble forklart i <a href=\"http:\/\/ttt.skoletjenesten.no\/alternative-fakta-3-21\/\" target=\"_blank\" rel=\"noreferrer noopener\">siste utgave av Alternative fakta 15. januar 2021<\/a>.<\/small><\/p>\n\n\n\n<hr class=\"wp-block-separator has-alpha-channel-opacity\"\/>\n\n\n\n<p class=\"has-small-font-size\"><em><a href=\"#Vv-1Vv-1\" data-type=\"internal\" data-id=\"#Vv-1Vv-1\">Vv-1: Beredskapsradio<\/a> \u058e\u058e <a href=\"#Vv-2\" data-type=\"internal\" data-id=\"#Vv-2\">Vv-2: F\u00f8rjulstid-1<\/a> \u058e\u058e <a href=\"#Vv-3\" data-type=\"internal\" data-id=\"#Vv-3\">Vv-3: F\u00f8rjulstid-2<\/a> \u058e\u058e <br><a href=\"#Vv-4\" data-type=\"internal\" data-id=\"#Vv-4\">Vv-4: Propaganda<\/a> \u058e\u058e <a href=\"#Vv-5\" data-type=\"internal\" data-id=\"#Vv-5\">Vv-5: Forbudssalg<\/a> \u058e\u058e <a href=\"#Vv-6\" data-type=\"internal\" data-id=\"#Vv-6\">Vv-6: Konsert-slakt<\/a> \u058e\u058e <br><a href=\"#Vv-7\" data-type=\"internal\" data-id=\"#Vv-7\">Vv-7: Confection<\/a> \u058e\u058e <a href=\"#Vv-8\" data-type=\"internal\" data-id=\"#Vv-8\">Vv-8: -ia-lan<\/a><\/em><a href=\"#Vv-8\" data-type=\"internal\" data-id=\"#Vv-8\">d<\/a><\/p>\n\n\n\n<hr class=\"wp-block-separator has-alpha-channel-opacity\"\/>\n\n\n\n<p id=\"Vv-1\"><strong><em>Vv-1: Beredskapsradio.<\/em><\/strong> Batteridrevet DAB-radio h\u00f8rer med til beredskapsutstyret. Tror noen virkelig at DAB virker i en krisesituasjon? Les <em><a href=\"https:\/\/torgeirs-tanker.skoletjenesten.no\/varsling\" data-type=\"link\" data-id=\"https:\/\/torgeirs-tanker.skoletjenesten.no\/varsling\" target=\"_blank\" rel=\"noreferrer noopener\">Varsling<\/a><\/em> fra august 2023! Her kommer lyden av ekte beredskapsradio som vel \u00e5 merke er mottatt p\u00e5 mellomb\u00f8lge:<\/p>\n\n\n\n<figure class=\"wp-block-audio\"><audio controls src=\"https:\/\/oma.skoletjenesten.no\/wp-content\/uploads\/2025\/11\/05_V-signal-Dette-er-London_ToralfOeksnevad.mp3\"><\/audio><\/figure>\n\n\n\n<p><a href=\"mailto:ttt@skoletjenesten.no?cc=&amp;bcc=&amp;subject=Vv%201\/46&amp;amptarget=\"><em>Kommenter denne notisen<\/em><\/a><\/p>\n\n\n\n<p class=\"has-text-align-center\">\u058e\u058e\u058e<\/p>\n\n\n<div class=\"wp-block-image is-style-twentytwentyone-border\">\n<figure class=\"alignright size-full\"><a href=\"http:\/\/ttt.skoletjenesten.no\/wp-content\/uploads\/2025\/09\/10_Polannonse_Budstikka%2014-11-1975-pages_3.pdf\" target=\"_blank\" rel=\" noreferrer noopener\"><img loading=\"lazy\" decoding=\"async\" width=\"548\" height=\"804\" src=\"https:\/\/oma.skoletjenesten.no\/wp-content\/uploads\/2025\/11\/10_Polannonse_OK_Budstikka2014-11-1975-pages_3.jpg\" alt=\"\" class=\"wp-image-3320\" srcset=\"https:\/\/oma.skoletjenesten.no\/wp-content\/uploads\/2025\/11\/10_Polannonse_OK_Budstikka2014-11-1975-pages_3.jpg 548w, https:\/\/oma.skoletjenesten.no\/wp-content\/uploads\/2025\/11\/10_Polannonse_OK_Budstikka2014-11-1975-pages_3-204x300.jpg 204w\" sizes=\"auto, (max-width: 548px) 100vw, 548px\" \/><\/a><figcaption class=\"wp-element-caption\">Asker og B\u00e6rums Budstikke 14. november 1975. Klikk for \u00e5 lese.<\/figcaption><\/figure>\n<\/div>\n\n\n<p id=\"Vv-2\"><strong><em>Vv-2:<strong> F\u00f8rjulstid<\/strong>-1.<\/em><\/strong> Det g\u00e5r mot jul, men det kommer nok ingen annonse fra Vinmonopolet i Budstikka i \u00e5r, slik det gjorde for femti \u00e5r siden (klippet ved siden av).<\/p>\n\n\n\n<p>.<\/p>\n\n\n\n<p>.<\/p>\n\n\n\n<p>.<\/p>\n\n\n\n<p>.<\/p>\n\n\n\n<p><a href=\"mailto:ttt@skoletjenesten.no?cc=&amp;bcc=&amp;subject=Vv%202\/46&amp;amptarget=\"><em>Kommenter denne notisen<\/em><\/a><\/p>\n\n\n\n<p class=\"has-text-align-center\">\u058e\u058e\u058e<\/p>\n\n\n<div class=\"wp-block-image is-style-twentytwentyone-border\">\n<figure class=\"alignright size-large\"><a href=\"https:\/\/oma.skoletjenesten.no\/wp-content\/uploads\/2025\/11\/20_IMG_20251113_OK_130833320.jpg\" target=\"_blank\" rel=\" noreferrer noopener\"><img loading=\"lazy\" decoding=\"async\" width=\"992\" height=\"1024\" src=\"https:\/\/oma.skoletjenesten.no\/wp-content\/uploads\/2025\/11\/20_IMG_20251113_OK_130833320-992x1024.jpg\" alt=\"\" class=\"wp-image-3327\" srcset=\"https:\/\/oma.skoletjenesten.no\/wp-content\/uploads\/2025\/11\/20_IMG_20251113_OK_130833320-992x1024.jpg 992w, https:\/\/oma.skoletjenesten.no\/wp-content\/uploads\/2025\/11\/20_IMG_20251113_OK_130833320-291x300.jpg 291w, https:\/\/oma.skoletjenesten.no\/wp-content\/uploads\/2025\/11\/20_IMG_20251113_OK_130833320-768x793.jpg 768w, https:\/\/oma.skoletjenesten.no\/wp-content\/uploads\/2025\/11\/20_IMG_20251113_OK_130833320-1488x1536.jpg 1488w, https:\/\/oma.skoletjenesten.no\/wp-content\/uploads\/2025\/11\/20_IMG_20251113_OK_130833320-1984x2048.jpg 1984w, https:\/\/oma.skoletjenesten.no\/wp-content\/uploads\/2025\/11\/20_IMG_20251113_OK_130833320-1568x1619.jpg 1568w\" sizes=\"auto, (max-width: 992px) 100vw, 992px\" \/><\/a><figcaption class=\"wp-element-caption\">F\u00f8rjuls-postkassereklame pr. 14. november 2025. Klikk for st\u00f8rre bilde, der meterm\u00e5let kan avleses.<\/figcaption><\/figure>\n<\/div>\n\n\n<p id=\"Vv-3\"><strong><em>Vv-3: F\u00f8rjulstid-2.<\/em><\/strong> Avstanden til jul er omvendt proporsjonal med mengden reklame i postkassen. Bildet ved siden av viser det som har kommet siden f\u00f8rste julehilsen.<\/p>\n\n\n\n<p>.<\/p>\n\n\n\n<p>.<\/p>\n\n\n\n<p>.<\/p>\n\n\n\n<p><a href=\"mailto:ttt@skoletjenesten.no?cc=&amp;bcc=&amp;subject=Vv%203\/46&amp;amptarget=\"><em>Kommenter denne notisen<\/em><\/a><\/p>\n\n\n\n<p class=\"has-text-align-center\">\u058e\u058e\u058e<\/p>\n\n\n<div class=\"wp-block-image is-style-twentytwentyone-border\">\n<figure class=\"alignright size-full\"><a href=\"http:\/\/ttt.skoletjenesten.no\/wp-content\/uploads\/2025\/09\/30_Valgtegning_Aftenposten%2014.%20november%201925.pdf\" target=\"_blank\" rel=\" noreferrer noopener\"><img loading=\"lazy\" decoding=\"async\" width=\"519\" height=\"665\" src=\"https:\/\/oma.skoletjenesten.no\/wp-content\/uploads\/2025\/11\/30_Valgtegning_Aftenposten20november201925.pdf.png\" alt=\"\" class=\"wp-image-3322\" srcset=\"https:\/\/oma.skoletjenesten.no\/wp-content\/uploads\/2025\/11\/30_Valgtegning_Aftenposten20november201925.pdf.png 519w, https:\/\/oma.skoletjenesten.no\/wp-content\/uploads\/2025\/11\/30_Valgtegning_Aftenposten20november201925.pdf-234x300.png 234w\" sizes=\"auto, (max-width: 519px) 100vw, 519px\" \/><\/a><figcaption class=\"wp-element-caption\">Aftenposten 14. november 1925. Klikk for st\u00f8rre bilde.<\/figcaption><\/figure>\n<\/div>\n\n\n<p id=\"Vv-4\"><strong><em>Vv-4: Propaganda.<\/em><\/strong> For hundre \u00e5r siden hadde Aftenposten en politisk tegning p\u00e5 f\u00f8rstesiden (ved siden av). N\u00e5 har det vel g\u00e5tt s\u00e5 lang tid etter stortingsvalget at den ogs\u00e5 kan vises her uten at bloggen blir beskyldt for utilb\u00f8rlig p\u00e5virkning av leserne.<\/p>\n\n\n\n<p>.<\/p>\n\n\n\n<p>.<\/p>\n\n\n\n<p><a href=\"mailto:ttt@skoletjenesten.no?cc=&amp;bcc=&amp;subject=Vv%204\/46&amp;amptarget=\"><em>Kommenter denne notisen<\/em><\/a><\/p>\n\n\n\n<p class=\"has-text-align-center\">\u058e\u058e\u058e<\/p>\n\n\n<div class=\"wp-block-image is-style-twentytwentyone-border\">\n<figure class=\"alignright size-full\"><a href=\"http:\/\/ttt.skoletjenesten.no\/wp-content\/uploads\/2025\/09\/40_Hostedraaber_Aftenposten%20Aften%207.%20november%201925.pdf\" target=\"_blank\" rel=\" noreferrer noopener\"><img loading=\"lazy\" decoding=\"async\" width=\"573\" height=\"718\" src=\"https:\/\/oma.skoletjenesten.no\/wp-content\/uploads\/2025\/11\/40_Hostedraaber_OK_Opera-Bilde_2025-11-10_180946_Hostedraaber_Aftenposten207.201925.jpg\" alt=\"\" class=\"wp-image-3323\" srcset=\"https:\/\/oma.skoletjenesten.no\/wp-content\/uploads\/2025\/11\/40_Hostedraaber_OK_Opera-Bilde_2025-11-10_180946_Hostedraaber_Aftenposten207.201925.jpg 573w, https:\/\/oma.skoletjenesten.no\/wp-content\/uploads\/2025\/11\/40_Hostedraaber_OK_Opera-Bilde_2025-11-10_180946_Hostedraaber_Aftenposten207.201925-239x300.jpg 239w\" sizes=\"auto, (max-width: 573px) 100vw, 573px\" \/><\/a><figcaption class=\"wp-element-caption\"><br>Aftenposten 14. november 1925. Klikk for \u00e5 lese<\/figcaption><\/figure>\n<\/div>\n\n\n<p id=\"Vv-5\"><strong><em>Vv-5: Forbudssalg.<\/em><\/strong> Under forbudstiden (forbud mot brennevinsomsetning) p\u00e5 1920-tallet gikk salget av hostedr\u00e5per og h\u00e5rvann strykende. Det gjaldt ogs\u00e5 apoteket i Kviteseid (klippet ved siden av).<\/p>\n\n\n\n<p>.<\/p>\n\n\n\n<p>.<\/p>\n\n\n\n<p><a href=\"mailto:ttt@skoletjenesten.no?cc=&amp;bcc=&amp;subject=Vv%205\/46&amp;amptarget=\"><em>Kommenter denne notisen<\/em><\/a><\/p>\n\n\n\n<p class=\"has-text-align-center\">\u058e\u058e\u058e<\/p>\n\n\n<div class=\"wp-block-image is-style-twentytwentyone-border\">\n<figure class=\"alignright size-full\"><a href=\"http:\/\/ttt.skoletjenesten.no\/wp-content\/uploads\/2025\/09\/50_Konsert_Aftenposten%2014.%20november%201925.pdf\" target=\"_blank\" rel=\" noreferrer noopener\"><img loading=\"lazy\" decoding=\"async\" width=\"540\" height=\"679\" src=\"https:\/\/oma.skoletjenesten.no\/wp-content\/uploads\/2025\/11\/50_Konsertslakt_Aftenposten20november201925.pdf-\u2013-Kopi.jpg\" alt=\"\" class=\"wp-image-3324\" srcset=\"https:\/\/oma.skoletjenesten.no\/wp-content\/uploads\/2025\/11\/50_Konsertslakt_Aftenposten20november201925.pdf-\u2013-Kopi.jpg 540w, https:\/\/oma.skoletjenesten.no\/wp-content\/uploads\/2025\/11\/50_Konsertslakt_Aftenposten20november201925.pdf-\u2013-Kopi-239x300.jpg 239w\" sizes=\"auto, (max-width: 540px) 100vw, 540px\" \/><\/a><figcaption class=\"wp-element-caption\">Aftenposten 14. november 1925. Klikk for \u00e5 lese<\/figcaption><\/figure>\n<\/div>\n\n\n<p id=\"Vv-6\"><strong><em>Vv-6: Konsert-slakt.<\/em><\/strong> I gamle dager hadde avisene konsertanmeldelser. Bloggeren har lest noen slike i sine yngre dager, men han kan ikke huske \u00e5 ha lest et slikt slakt som anmeldelsen under <em>Konsert og viseaften<\/em> (klippet ved siden av) i Aftenposten for hundre \u00e5r siden.<\/p>\n\n\n\n<p>.<\/p>\n\n\n\n<p><a href=\"mailto:ttt@skoletjenesten.no?cc=&amp;bcc=&amp;subject=Vv%206\/46&amp;amptarget=\"><em>Kommenter denne notisen<\/em><\/a><\/p>\n\n\n\n<p class=\"has-text-align-center\">\u058e\u058e\u058e<\/p>\n\n\n\n<p id=\"Vv-7\"><strong><em>Vv-7: Confection.<\/em><\/strong> <em>Poulsson &amp; Co<\/em>. henvendte seg nok til byens finere fruer med sin annonse i Aftenposten for hundre \u00e5r siden (se klippet i forrige notis, Vv-6). Overskriften var i hvert fall p\u00e5 fransk.<\/p>\n\n\n\n<p><a href=\"mailto:ttt@skoletjenesten.no?cc=&amp;bcc=&amp;subject=Vv%207\/46&amp;amptarget=\"><em>Kommenter denne notisen<\/em><\/a><\/p>\n\n\n\n<p class=\"has-text-align-center\">\u058e\u058e\u058e<\/p>\n\n\n\n<p id=\"Vv-8\"><strong><em>Vv-8: -ia-land.<\/em><\/strong> S\u00e5 vidt bloggeren har kunnet finne ut, har 21 land i verden firestavelsesnavn som slutter p\u00e5 -ia (se oversikt nedenfor). Hvorfor har da bare Tanzania uttale med trykk p\u00e5 i&#8217;en?<\/p>\n\n\n\n<figure class=\"wp-block-image size-full\"><img loading=\"lazy\" decoding=\"async\" width=\"978\" height=\"308\" src=\"https:\/\/oma.skoletjenesten.no\/wp-content\/uploads\/2025\/11\/70_ia-land.jpg\" alt=\"\" class=\"wp-image-3326\" srcset=\"https:\/\/oma.skoletjenesten.no\/wp-content\/uploads\/2025\/11\/70_ia-land.jpg 978w, https:\/\/oma.skoletjenesten.no\/wp-content\/uploads\/2025\/11\/70_ia-land-300x94.jpg 300w, https:\/\/oma.skoletjenesten.no\/wp-content\/uploads\/2025\/11\/70_ia-land-768x242.jpg 768w\" sizes=\"auto, (max-width: 978px) 100vw, 978px\" \/><\/figure>\n\n\n\n<p><a href=\"mailto:ttt@skoletjenesten.no?cc=&amp;bcc=&amp;subject=Vv%208\/46&amp;amptarget=\"><em>Kommenter denne notisen<\/em><\/a><\/p>\n\n\n\n<div style=\"height:100px\" aria-hidden=\"true\" class=\"wp-block-spacer\"><\/div>\n\n\n\n<hr class=\"wp-block-separator has-alpha-channel-opacity\"\/>\n\n\n\n<p class=\"has-text-align-center\"><em><a href=\"https:\/\/oma.skoletjenesten.no\/?p=3308\">Til innholdsliste for denne utgaven<\/a><\/em><\/p>\n","protected":false},"excerpt":{"rendered":"<p>Denne spalten het tidligere Alternative fakta, som fortsatt er kategori-betegnelsen. I Alternative fakta l\u00e5 vekten ofte mer p\u00e5 det alternative enn p\u00e5 fakta. Her i Virtuell virkelighet kan vekten&nbsp; ligge mer p\u00e5 det virtuelle enn p\u00e5 virkeligheten. Navneskiftet ble forklart i siste utgave av Alternative fakta 15. januar 2021. Vv-1: Beredskapsradio \u058e\u058e Vv-2: F\u00f8rjulstid-1 \u058e\u058e&hellip; <a class=\"more-link\" href=\"https:\/\/oma.skoletjenesten.no\/?p=3316\">Fortsett \u00e5 lese <span class=\"screen-reader-text\">Virtuell virkelighet 45\/25<\/span><\/a><\/p>\n","protected":false},"author":1,"featured_media":0,"comment_status":"open","ping_status":"open","sticky":false,"template":"","format":"standard","meta":{"footnotes":""},"categories":[11],"tags":[],"class_list":["post-3316","post","type-post","status-publish","format-standard","hentry","category-alternative-fakta","entry"],"_links":{"self":[{"href":"https:\/\/oma.skoletjenesten.no\/index.php?rest_route=\/wp\/v2\/posts\/3316","targetHints":{"allow":["GET"]}}],"collection":[{"href":"https:\/\/oma.skoletjenesten.no\/index.php?rest_route=\/wp\/v2\/posts"}],"about":[{"href":"https:\/\/oma.skoletjenesten.no\/index.php?rest_route=\/wp\/v2\/types\/post"}],"author":[{"embeddable":true,"href":"https:\/\/oma.skoletjenesten.no\/index.php?rest_route=\/wp\/v2\/users\/1"}],"replies":[{"embeddable":true,"href":"https:\/\/oma.skoletjenesten.no\/index.php?rest_route=%2Fwp%2Fv2%2Fcomments&post=3316"}],"version-history":[{"count":11,"href":"https:\/\/oma.skoletjenesten.no\/index.php?rest_route=\/wp\/v2\/posts\/3316\/revisions"}],"predecessor-version":[{"id":3342,"href":"https:\/\/oma.skoletjenesten.no\/index.php?rest_route=\/wp\/v2\/posts\/3316\/revisions\/3342"}],"wp:attachment":[{"href":"https:\/\/oma.skoletjenesten.no\/index.php?rest_route=%2Fwp%2Fv2%2Fmedia&parent=3316"}],"wp:term":[{"taxonomy":"category","embeddable":true,"href":"https:\/\/oma.skoletjenesten.no\/index.php?rest_route=%2Fwp%2Fv2%2Fcategories&post=3316"},{"taxonomy":"post_tag","embeddable":true,"href":"https:\/\/oma.skoletjenesten.no\/index.php?rest_route=%2Fwp%2Fv2%2Ftags&post=3316"}],"curies":[{"name":"wp","href":"https:\/\/api.w.org\/{rel}","templated":true}]}}