{"id":3300,"date":"2025-11-14T10:01:15","date_gmt":"2025-11-14T10:01:15","guid":{"rendered":"https:\/\/oma.skoletjenesten.no\/?p=3300"},"modified":"2025-11-14T14:21:14","modified_gmt":"2025-11-14T14:21:14","slug":"kommunalt","status":"publish","type":"post","link":"https:\/\/oma.skoletjenesten.no\/?p=3300","title":{"rendered":"Kommunalt"},"content":{"rendered":"\n<p>N\u00e5r jeg ringer til B\u00e6rum kommune, lyser sikkert r\u00f8de varselamper p\u00e5 sentralbordet. Som regel skyldes min henvendelse et problem kommunen har skaffet meg. I det siste jeg m\u00e5tte henvende meg to ganger.<\/p>\n\n\n\n<p><strong><em><span style=\"text-decoration: underline;\">Egenberedskap<\/span><\/em><\/strong><\/p>\n\n\n\n<p>Det var egenberedskapsuke for et par uker siden, og tilfeldigvis hadde vi berammet m\u00f8te om egenberedskap her p\u00e5 bruket (berammet f\u00f8r vi visste om myndighetenes uke). P\u00e5 forh\u00e5nd hadde jeg lest DSBs (Direktoratet for samfunnssikkerhet og beredskap) <a href=\"https:\/\/www.dsb.no\/sikkerhverdag\/egenberedskap\/planlegg-din-eigenberedskap\" data-type=\"link\" data-id=\"https:\/\/www.dsb.no\/sikkerhverdag\/egenberedskap\/planlegg-din-eigenberedskap\" target=\"_blank\" rel=\"noreferrer noopener\">nettsider om egenberedskap<\/a>, der er det bl. a. st\u00e5r:<br>\u00ab<em>Dersom du allerede f\u00e5r helsetjenester fra kommunen der du bor, er du blant de f\u00f8rste som f\u00e5r hjelp ogs\u00e5 i en krise. Husk at i en krise kan de som normalt hjelper deg bruke lenger tid p\u00e5 \u00e5 komme frem til boligen din. Snakk med kommunen for \u00e5 h\u00f8re hva som gjelder for deg i en krise<\/em>.\u00bb<\/p>\n\n\n\n<p>Da jeg ringte kommunen (jeg f\u00e5r helsetjenester), kom jeg til slutt til Tildelingskontoret, som ikke visste noe spesielt om meg, men som forsikret om at det sikkert ville komme til \u00e5 g\u00e5 bra.<\/p>\n\n\n\n<p>I fellesskap har vi ordnet med vannkanner p\u00e5 eiendommen. Men hva n\u00e5r vannet (og annet) skal ut \u2013 i toalettet? Virker avl\u00f8pssystemet hvis str\u00f8mmen har g\u00e5tt i hele omr\u00e5det? Dette ringte jeg kommunens vann- og avl\u00f8psetat for \u00e5 sp\u00f8rre om, og fikk til svar at det var et godt sp\u00f8rsm\u00e5l. Det var egentlig det eneste svaret jeg fikk.<\/p>\n\n\n\n<p><span style=\"text-decoration: underline;\"><em><strong>Stengt vei<\/strong><\/em><\/span><\/p>\n\n\n\n<p>S\u00e5 gikk det noen dager, og jeg skulle ut p\u00e5 min ukentlige handletur. Men veien til Sandvika var sperret, og jeg hadde ikke lagt veien om n\u00e6rmeste kryss i motsatt retning for \u00e5 se om det kanskje kunne st\u00e5 skilt om sperring. De \u00e5tte eiendommene mellom skiltet og sperringen fikk ingen beskjed om at den korteste veien til Sandvika var stengt. Forh\u00e5pentlig visste n\u00f8detatene det.<\/p>\n\n\n\n<figure class=\"wp-block-image size-full\"><a href=\"https:\/\/oma.skoletjenesten.no\/wp-content\/uploads\/2025\/11\/Veistengt_OK-1.jpg\" target=\"_blank\" rel=\" noreferrer noopener\"><img loading=\"lazy\" decoding=\"async\" width=\"826\" height=\"276\" src=\"https:\/\/oma.skoletjenesten.no\/wp-content\/uploads\/2025\/11\/Veistengt_OK-1.jpg\" alt=\"\" class=\"wp-image-3303\" srcset=\"https:\/\/oma.skoletjenesten.no\/wp-content\/uploads\/2025\/11\/Veistengt_OK-1.jpg 826w, https:\/\/oma.skoletjenesten.no\/wp-content\/uploads\/2025\/11\/Veistengt_OK-1-300x100.jpg 300w, https:\/\/oma.skoletjenesten.no\/wp-content\/uploads\/2025\/11\/Veistengt_OK-1-768x257.jpg 768w\" sizes=\"auto, (max-width: 826px) 100vw, 826px\" \/><\/a><figcaption class=\"wp-element-caption\">Veien er stengt ved det r\u00f8de krysset p\u00e5 kartet. Eiendommene mellom stengingen og skiltene fikk ikke noe varsel, og kommunen sier den ikke har mulighet for \u00e5 sende det. <\/figcaption><\/figure>\n\n\n\n<p>Fra tidligere fors\u00f8k p\u00e5 \u00e5 ringe kommunen vet jeg at sentralbordet stenger kl. 14(!), s\u00e5 da jeg kom hjem etter handlingen, ringte jeg straks til kommunen. Etter tre fors\u00f8k hadde jeg fortsatt ikke f\u00e5tt snakke med noen som visste noe om veistengingen (det var jo fredag ettermiddag, m\u00e5 vite). Men \u00abAnders\u00bb, en av dem jeg var blitt satt over til og som ikke hadde svart, ringte tilbake etter en stund.<\/p>\n\n\n\n<div class=\"wp-block-columns is-layout-flex wp-container-core-columns-is-layout-9d6595d7 wp-block-columns-is-layout-flex\">\n<div class=\"wp-block-column is-layout-flow wp-block-column-is-layout-flow\">\n<figure class=\"wp-block-image size-large\"><img loading=\"lazy\" decoding=\"async\" width=\"1024\" height=\"592\" src=\"https:\/\/oma.skoletjenesten.no\/wp-content\/uploads\/2025\/11\/IMG_20251109_144809562_OK-1024x592.jpg\" alt=\"\" class=\"wp-image-3305\" srcset=\"https:\/\/oma.skoletjenesten.no\/wp-content\/uploads\/2025\/11\/IMG_20251109_144809562_OK-1024x592.jpg 1024w, https:\/\/oma.skoletjenesten.no\/wp-content\/uploads\/2025\/11\/IMG_20251109_144809562_OK-300x173.jpg 300w, https:\/\/oma.skoletjenesten.no\/wp-content\/uploads\/2025\/11\/IMG_20251109_144809562_OK-768x444.jpg 768w, https:\/\/oma.skoletjenesten.no\/wp-content\/uploads\/2025\/11\/IMG_20251109_144809562_OK-1536x887.jpg 1536w, https:\/\/oma.skoletjenesten.no\/wp-content\/uploads\/2025\/11\/IMG_20251109_144809562_OK-1568x906.jpg 1568w, https:\/\/oma.skoletjenesten.no\/wp-content\/uploads\/2025\/11\/IMG_20251109_144809562_OK.jpg 1755w\" sizes=\"auto, (max-width: 1024px) 100vw, 1024px\" \/><\/figure>\n<\/div>\n\n\n\n<div class=\"wp-block-column is-layout-flow wp-block-column-is-layout-flow\">\n<figure class=\"wp-block-image size-large\"><a href=\"https:\/\/oma.skoletjenesten.no\/wp-content\/uploads\/2025\/11\/IMG_20251109_145226898_OK.jpg\" target=\"_blank\" rel=\" noreferrer noopener\"><img loading=\"lazy\" decoding=\"async\" width=\"1024\" height=\"640\" src=\"https:\/\/oma.skoletjenesten.no\/wp-content\/uploads\/2025\/11\/IMG_20251109_145226898_OK-1024x640.jpg\" alt=\"\" class=\"wp-image-3306\" srcset=\"https:\/\/oma.skoletjenesten.no\/wp-content\/uploads\/2025\/11\/IMG_20251109_145226898_OK-1024x640.jpg 1024w, https:\/\/oma.skoletjenesten.no\/wp-content\/uploads\/2025\/11\/IMG_20251109_145226898_OK-300x187.jpg 300w, https:\/\/oma.skoletjenesten.no\/wp-content\/uploads\/2025\/11\/IMG_20251109_145226898_OK-768x480.jpg 768w, https:\/\/oma.skoletjenesten.no\/wp-content\/uploads\/2025\/11\/IMG_20251109_145226898_OK-1536x960.jpg 1536w, https:\/\/oma.skoletjenesten.no\/wp-content\/uploads\/2025\/11\/IMG_20251109_145226898_OK-1568x980.jpg 1568w, https:\/\/oma.skoletjenesten.no\/wp-content\/uploads\/2025\/11\/IMG_20251109_145226898_OK.jpg 1663w\" sizes=\"auto, (max-width: 1024px) 100vw, 1024px\" \/><\/a><\/figure>\n<\/div>\n<\/div>\n\n\n\n<p class=\"has-small-font-size\"><em>\u00abInnsnevring av veien\u00bb betyr vel at det fortsatt er en kj\u00f8rbar vei. Det trodde jeg, og det trodde to bilister som kom fra Sandvika mens jeg holdt p\u00e5 med \u00e5 ta bildene ovenfor. Veien er kj\u00f8rbar for biler med bredde opp til \u00e9n meter.<\/em><\/p>\n\n\n\n<p>\u00abAnders\u00bb var ogs\u00e5 den som tok telefonen da jeg ringte p\u00e5 mandag for \u00e5 h\u00f8re hvor lenge stengingen ville vare. Veien \u00e5pner p\u00e5 fredag, fikk jeg vite, men da jeg antydet at kommunen kunne melde det til de \u00e5tte eiendommene som er ber\u00f8rt, fikk jeg ogs\u00e5 vite at kommunen ikke har kapasitet eller systemer for slikt (men <em>Vann og avl\u00f8p<\/em> kan sende melding om d\u00e5rlig vann). Siden jeg har tilgang til det nettbaserte, kommunale kartet over omr\u00e5det (<em>Vei og trafikk<\/em> har ikke det?), og ogs\u00e5 til telefonkatalogen p\u00e5 nett, sendte jeg melding til nabolaget. Jeg snakket ogs\u00e5 med entrepren\u00f8ren (Asker og B\u00e6rum Graveservice AS), som syntes det var rart at varsling skulle v\u00e6re deres ansvar. Veien var fortsatt stengt da jeg kom fra handlerunden i dag.<\/p>\n\n\n\n<p><em><a href=\"https:\/\/ttt.skoletjenesten.no\/blir-jeg-mobbet-av-baerum-kommune\/\" data-type=\"link\" data-id=\"https:\/\/ttt.skoletjenesten.no\/blir-jeg-mobbet-av-baerum-kommune\/\" target=\"_blank\" rel=\"noreferrer noopener\">Blir jeg mobbet av B\u00e6rum kommune?<\/a><\/em> spurte jeg om i et blogginnlegg i mai 2017. Overfor naboene m\u00e5 jeg beklage at kommunen lar det g\u00e5 ut over dem at jeg er upopul\u00e6r.<\/p>\n\n\n\n<div style=\"height:100px\" aria-hidden=\"true\" class=\"wp-block-spacer\"><\/div>\n\n\n\n<hr class=\"wp-block-separator has-alpha-channel-opacity\"\/>\n\n\n\n<p class=\"has-text-align-center\"><em><a href=\"https:\/\/oma.skoletjenesten.no\/?p=3308\">Til innholdsliste for denne utgaven<\/a><\/em><\/p>\n\n\n\n<p><\/p>\n","protected":false},"excerpt":{"rendered":"<p>N\u00e5r jeg ringer til B\u00e6rum kommune, lyser sikkert r\u00f8de varselamper p\u00e5 sentralbordet. Som regel skyldes min henvendelse et problem kommunen har skaffet meg. I det siste jeg m\u00e5tte henvende meg to ganger. Egenberedskap Det var egenberedskapsuke for et par uker siden, og tilfeldigvis hadde vi berammet m\u00f8te om egenberedskap her p\u00e5 bruket (berammet f\u00f8r vi&hellip; <a class=\"more-link\" href=\"https:\/\/oma.skoletjenesten.no\/?p=3300\">Fortsett \u00e5 lese <span class=\"screen-reader-text\">Kommunalt<\/span><\/a><\/p>\n","protected":false},"author":1,"featured_media":0,"comment_status":"open","ping_status":"open","sticky":false,"template":"","format":"standard","meta":{"footnotes":""},"categories":[1],"tags":[],"class_list":["post-3300","post","type-post","status-publish","format-standard","hentry","category-uncategorized","entry"],"_links":{"self":[{"href":"https:\/\/oma.skoletjenesten.no\/index.php?rest_route=\/wp\/v2\/posts\/3300","targetHints":{"allow":["GET"]}}],"collection":[{"href":"https:\/\/oma.skoletjenesten.no\/index.php?rest_route=\/wp\/v2\/posts"}],"about":[{"href":"https:\/\/oma.skoletjenesten.no\/index.php?rest_route=\/wp\/v2\/types\/post"}],"author":[{"embeddable":true,"href":"https:\/\/oma.skoletjenesten.no\/index.php?rest_route=\/wp\/v2\/users\/1"}],"replies":[{"embeddable":true,"href":"https:\/\/oma.skoletjenesten.no\/index.php?rest_route=%2Fwp%2Fv2%2Fcomments&post=3300"}],"version-history":[{"count":6,"href":"https:\/\/oma.skoletjenesten.no\/index.php?rest_route=\/wp\/v2\/posts\/3300\/revisions"}],"predecessor-version":[{"id":3334,"href":"https:\/\/oma.skoletjenesten.no\/index.php?rest_route=\/wp\/v2\/posts\/3300\/revisions\/3334"}],"wp:attachment":[{"href":"https:\/\/oma.skoletjenesten.no\/index.php?rest_route=%2Fwp%2Fv2%2Fmedia&parent=3300"}],"wp:term":[{"taxonomy":"category","embeddable":true,"href":"https:\/\/oma.skoletjenesten.no\/index.php?rest_route=%2Fwp%2Fv2%2Fcategories&post=3300"},{"taxonomy":"post_tag","embeddable":true,"href":"https:\/\/oma.skoletjenesten.no\/index.php?rest_route=%2Fwp%2Fv2%2Ftags&post=3300"}],"curies":[{"name":"wp","href":"https:\/\/api.w.org\/{rel}","templated":true}]}}