{"id":3271,"date":"2025-11-07T10:00:10","date_gmt":"2025-11-07T10:00:10","guid":{"rendered":"https:\/\/oma.skoletjenesten.no\/?p=3271"},"modified":"2025-11-07T18:21:46","modified_gmt":"2025-11-07T18:21:46","slug":"virtuell-virkelighet-44-25","status":"publish","type":"post","link":"https:\/\/oma.skoletjenesten.no\/?p=3271","title":{"rendered":"Virtuell virkelighet 44\/25"},"content":{"rendered":"\n<p><small>Denne spalten het tidligere <em>Alternative fakta<\/em>, som fortsatt er kategori-betegnelsen. I<em> Alternative fakta<\/em> l\u00e5 vekten ofte mer p\u00e5 det alternative enn p\u00e5 fakta. Her i <em>Virtuell virkelighet<\/em> kan vekten&nbsp; ligge mer p\u00e5 det virtuelle enn p\u00e5 virkeligheten.<\/small><\/p>\n\n\n\n<p><small>Navneskiftet ble forklart i <a href=\"http:\/\/ttt.skoletjenesten.no\/alternative-fakta-3-21\/\" target=\"_blank\" rel=\"noreferrer noopener\">siste utgave av Alternative fakta 15. januar 2021<\/a>.<\/small><\/p>\n\n\n\n<hr class=\"wp-block-separator has-alpha-channel-opacity\"\/>\n\n\n\n<p class=\"has-small-font-size\"><a href=\"#Vv1\" data-type=\"internal\" data-id=\"#Vv1\">Vv 1: Austevoll-L<\/a> \u058e\u058e <a href=\"#Vv2\" data-type=\"internal\" data-id=\"#Vv2\">Vv 2: Spr\u00e5khistorisk<\/a> \u058e\u058e <a href=\"#Vv3\" data-type=\"internal\" data-id=\"#Vv3\">Vv 3: KI-NRK<\/a> \u058e\u058e <a href=\"#Vv4\" data-type=\"internal\" data-id=\"#Vv4\">Vv 4: Jaktprat<\/a> \u058e\u058e <a href=\"#Vv5\" data-type=\"internal\" data-id=\"#Vv5\">Vv 5: Evig liv<\/a> \u058e\u058e <a href=\"#Vv6\" data-type=\"internal\" data-id=\"#Vv6\">Vv6: Lokalhistorie-1<\/a> \u058e\u058e <a href=\"#Vv8\" data-type=\"internal\" data-id=\"#Vv8\">Vv7: Lokalhistorie-2<\/a> \u058e\u058e <a href=\"#Vv8\" data-type=\"internal\" data-id=\"#Vv8\">Vv 8: Vinterf\u00f8re<\/a> \u058e\u058e <a href=\"#Vv9\" data-type=\"internal\" data-id=\"#Vv9\">Vv 9: Nytale<\/a><\/p>\n\n\n\n<hr class=\"wp-block-separator has-alpha-channel-opacity\"\/>\n\n\n\n<p id=\"Vv1\"><strong><em>Vv 1: Austevoll-L.<\/em><\/strong> Programmet <em>Norge Rundt<\/em> i den skattefinansierte TV-kanalen NRK skal avsluttes med ordene \u00abGod helg\u00bb \u2013 helst uttalt \/Go h\u00e6lj\/. N\u00e5r sendingens gjennomgangsfigur er fra Austevoll, der dialekten ikke har tjukk L, m\u00e5 programlederen gj\u00f8re unntak.<\/p>\n\n\n\n<figure class=\"wp-block-audio\"><audio controls src=\"https:\/\/oma.skoletjenesten.no\/wp-content\/uploads\/2025\/11\/60_God-helg-God-haelj-251031_NRK-NorgeRundt_KenWillyWilhelmsen-ReginaToekje.mp3\"><\/audio><figcaption class=\"wp-element-caption\">NRK Norge Rundt 31. oktober 2025.<\/figcaption><\/figure>\n\n\n\n<p><a href=\"mailto:ttt@skoletjenesten.no?cc=&amp;bcc=&amp;subject=Vv%201\/45&amp;amptarget=\"><em>Kommenter denne notisen<\/em><\/a><\/p>\n\n\n\n<p class=\"has-text-align-center\">\u058e\u058e\u058e<\/p>\n\n\n\n<p id=\"Vv2\"><em><strong>Vv 2:<\/strong> <strong>Spr\u00e5khistorisk.<\/strong><\/em> I riktig gamle dager, da man snakket norr\u00f8nt (gammelnorsk), m\u00e5tte preposisjonen <em>til<\/em> ha genitiv etter seg. Det er derfor det heter <em>til sj\u00f8s <\/em>og <em>til fjells<\/em> \u2013 gamle uttrykk der genitiv-s&#8217;en har har blitt hengende med. Ken Willy Wilhelmsen i det skattefinansierte NRK-programmet <em>Norge Rundt<\/em> har gjeninnf\u00f8rt kravet om genitiv etter <em>til<\/em> n\u00e5r sier \u00abDa var vi til kais igjen\u00bb. Men Herman Wildenvey skrev \u00abHolmenkollen til trikks\u00bb i diktet <a href=\"https:\/\/ordovergrind1.blogspot.com\/2013\/02\/februardialog.html\" data-type=\"link\" data-id=\"https:\/\/ordovergrind1.blogspot.com\/2013\/02\/februardialog.html\" target=\"_blank\" rel=\"noreferrer noopener\">Februardialog<\/a>.<\/p>\n\n\n\n<figure class=\"wp-block-audio\"><audio controls src=\"https:\/\/oma.skoletjenesten.no\/wp-content\/uploads\/2025\/11\/50_Til-kaiS_251031_NRK-NorgeRundt_KenWillyWilhelmsen_ReginaToekje.mp3\"><\/audio><\/figure>\n\n\n\n<p><a href=\"mailto:ttt@skoletjenesten.no?cc=&amp;bcc=&amp;subject=Vv%202\/45&amp;amptarget=\"><em>Kommenter denne notisen<\/em><\/a><\/p>\n\n\n\n<p class=\"has-text-align-center\">\u058e\u058e\u058e<\/p>\n\n\n\n<p id=\"Vv3\"><em><strong>Vv 3:<\/strong> <strong>KI-NRK<\/strong>.<\/em> President Donald var nylig p\u00e5 Asia-tur, og snakket med bl. a. Kinas president Xi. Det er et vanskelig navn \u00e5 uttale, ikke minst for den skattefinansierte kunstige intelligensen som NRK bruker til oversettelser.<\/p>\n\n\n\n<figure class=\"wp-block-audio\"><audio controls src=\"https:\/\/oma.skoletjenesten.no\/wp-content\/uploads\/2025\/10\/251103_KIuttale-Kinapresident-Xi_251027_NRK-Alltid-Nyheter_Talemaskin_Trump-oversatt.mp3\"><\/audio><figcaption class=\"wp-element-caption\">NRK AlltidNyheter 27. oktober 2025.<\/figcaption><\/figure>\n\n\n\n<p><a href=\"mailto:ttt@skoletjenesten.no?cc=&amp;bcc=&amp;subject=Vv%203\/45&amp;amptarget=\"><em>Kommenter denne notisen<\/em><\/a><\/p>\n\n\n\n<p class=\"has-text-align-center\">\u058e\u058e\u058e<\/p>\n\n\n<div class=\"wp-block-image is-style-twentytwentyone-border\">\n<figure class=\"alignright size-full\"><img loading=\"lazy\" decoding=\"async\" width=\"243\" height=\"148\" src=\"https:\/\/oma.skoletjenesten.no\/wp-content\/uploads\/2025\/10\/Elg-i-solnedgang_nedlasting.jpeg\" alt=\"\" class=\"wp-image-3248\"\/><figcaption class=\"wp-element-caption\">Med sine urslipp av metangsss er elgen en trusel mot klimaet.<\/figcaption><\/figure>\n<\/div>\n\n\n<p id=\"Vv4\"><a href=\"#01.11.25-2\" data-type=\"internal\" data-id=\"#01.11.25-2\"><strong><em><strong>Vv 4:<\/strong> <\/em><\/strong><\/a><strong><em>J<\/em><\/strong><a href=\"#01.11.25-2\" data-type=\"internal\" data-id=\"#01.11.25-2\"><strong><em>aktprat<\/em><\/strong> <\/a><br>De fleste av \u00e5rets elgjegere har vel f\u00e5tt byttet i hus, og forh\u00e5pentligvis ble det et bytte. If\u00f8lge rykter blir det neste \u00e5r nye regler som skal hindre at elgen, som er dr\u00f8vtygger, slipper ut klima\u00f8deleggende metangass. S\u00e5 neste \u00e5r m\u00e5 de som feller en elg, finne \u00e9n til og sette propp i baken p\u00e5 den. Statens naturoppsyn har utviklet en app til dette form\u00e5let, og appen kan lastes ned fra Milj\u00f8direktoratets nettsider \u2013 mot et lite gebyr.<\/p>\n\n\n\n<p><a href=\"mailto:ttt@skoletjenesten.no?cc=&amp;bcc=&amp;subject=Vv%204\/45&amp;amptarget=\"><em>Kommenter denne notisen<\/em><\/a><\/p>\n\n\n\n<p class=\"has-text-align-center\">\u058e\u058e\u058e<\/p>\n\n\n\n<p id=\"Vv5\"><strong><em><span style=\"text-decoration: underline;\">Vv 5:<a href=\"#25.11.01-1\" data-type=\"internal\" data-id=\"#25.11.01-1\"> Evig liv<\/a><\/span><\/em><\/strong>. NRK-programmet <em>Abels t\u00e5rn<\/em> ga oppskriften p\u00e5 evig liv forrige fredag. Det er jo viktig for den skattefinansierte mediekanalen \u00e5 holde liv i skatteyterne.<br>Programleder Torkild Jemterud er ikke s\u00e5 n\u00f8ye med \u00e5 oppgi hvem som bidrar med opplysningene, men det er enten Hanne Cecilia Aass eller Kristina Aas.<\/p>\n\n\n\n<figure class=\"wp-block-audio\"><audio controls src=\"https:\/\/oma.skoletjenesten.no\/wp-content\/uploads\/2025\/10\/251101_Doedsrisiko_251031_NRK-AbelsTaarn_Kristina-Aas.mp3\"><\/audio><figcaption class=\"wp-element-caption\"><a href=\"https:\/\/radio.nrk.no\/serie\/abels-taarn-radio\/MDFP05008425\" data-type=\"link\" data-id=\"https:\/\/radio.nrk.no\/serie\/abels-taarn-radio\/MDFP05008425\" target=\"_blank\" rel=\"noreferrer noopener\">NRK Abels T\u00e5rn<\/a> 31. oktober 2025.<\/figcaption><\/figure>\n\n\n\n<p><a href=\"mailto:ttt@skoletjenesten.no?cc=&amp;bcc=&amp;subject=Vv%205\/45&amp;amptarget=\"><em>Kommenter denne notisen<\/em><\/a><\/p>\n\n\n\n<p class=\"has-text-align-center\">\u058e\u058e\u058e<\/p>\n\n\n<div class=\"wp-block-image is-style-twentytwentyone-border\">\n<figure class=\"alignright size-large\"><a href=\"https:\/\/oma.skoletjenesten.no\/wp-content\/uploads\/2025\/11\/70_Budstikkegaarden-Gamle-Sandvika_1543925515885-1.jpg\" target=\"_blank\" rel=\" noreferrer noopener\"><img loading=\"lazy\" decoding=\"async\" width=\"1024\" height=\"713\" src=\"https:\/\/oma.skoletjenesten.no\/wp-content\/uploads\/2025\/11\/70_Budstikkegaarden-Gamle-Sandvika_1543925515885-1-1024x713.jpg\" alt=\"\" class=\"wp-image-3276\" srcset=\"https:\/\/oma.skoletjenesten.no\/wp-content\/uploads\/2025\/11\/70_Budstikkegaarden-Gamle-Sandvika_1543925515885-1-1024x713.jpg 1024w, https:\/\/oma.skoletjenesten.no\/wp-content\/uploads\/2025\/11\/70_Budstikkegaarden-Gamle-Sandvika_1543925515885-1-300x209.jpg 300w, https:\/\/oma.skoletjenesten.no\/wp-content\/uploads\/2025\/11\/70_Budstikkegaarden-Gamle-Sandvika_1543925515885-1-768x534.jpg 768w, https:\/\/oma.skoletjenesten.no\/wp-content\/uploads\/2025\/11\/70_Budstikkegaarden-Gamle-Sandvika_1543925515885-1.jpg 1200w\" sizes=\"auto, (max-width: 1024px) 100vw, 1024px\" \/><\/a><figcaption class=\"wp-element-caption\">Klikk for st\u00f8rre bilde.<\/figcaption><\/figure>\n<\/div>\n\n\n<p id=\"Vv6\"><strong><em>Vv 6: Lokalhistorie-1.<\/em><\/strong> Bildet ved siden av viser hvordan Sandvika sentrum s\u00e5 ut da bloggeren vokste opp. Lokalavisen Budstikkas redaksjon holdt til i det lille huset n\u00e6rmest. Tvers over veien (gaten?) fra det store huset l\u00e5 \u00abR\u00f8nna\u00bb, tidligere Sandvika middelsskole, som huset noen av realskoleklassene ved Valler kommunale h\u00f8gre allmennskole. Bygningen ble revet etter at bloggeren hadde v\u00e6rt elev der i ett \u00e5r.<\/p>\n\n\n\n<p><a href=\"mailto:ttt@skoletjenesten.no?cc=&amp;bcc=&amp;subject=Vv%206\/45&amp;amptarget=\"><em>Kommenter denne notisen<\/em><\/a><\/p>\n\n\n\n<p class=\"has-text-align-center\">\u058e\u058e\u058e<\/p>\n\n\n<div class=\"wp-block-image is-style-twentytwentyone-border\">\n<figure class=\"alignright size-full\"><a href=\"http:\/\/ttt.skoletjenesten.no\/wp-content\/uploads\/2025\/09\/75Frelsesarmeen_Budstikka%2009-11-1925-pages_3.pdf\" target=\"_blank\" rel=\" noreferrer noopener\"><img loading=\"lazy\" decoding=\"async\" width=\"541\" height=\"810\" src=\"https:\/\/oma.skoletjenesten.no\/wp-content\/uploads\/2025\/11\/75_Frelsesarmeen-Sandvika_OK_Budstikka2009-11-1925-pages_3.jpg\" alt=\"\" class=\"wp-image-3277\" srcset=\"https:\/\/oma.skoletjenesten.no\/wp-content\/uploads\/2025\/11\/75_Frelsesarmeen-Sandvika_OK_Budstikka2009-11-1925-pages_3.jpg 541w, https:\/\/oma.skoletjenesten.no\/wp-content\/uploads\/2025\/11\/75_Frelsesarmeen-Sandvika_OK_Budstikka2009-11-1925-pages_3-200x300.jpg 200w\" sizes=\"auto, (max-width: 541px) 100vw, 541px\" \/><\/a><figcaption class=\"wp-element-caption\">Budstikka 9. november 1925. Klikk for \u00e5 lese.<\/figcaption><\/figure>\n<\/div>\n\n\n<p id=\"Vv7\"><strong><em>Vv 7:<strong> <em>Lokalhistorie-<\/em><\/strong><\/em>2.<\/strong> Frelsesarm\u00e9ens den gang nye hus i Sandvika fikk omtale i Budstikka for hundre \u00e5r siden. Huset er fortsatt oppest\u00e5ende, og er en av de siste trebygningene av den alder i Sandvika<\/p>\n\n\n\n<p>.<\/p>\n\n\n\n<p>.<\/p>\n\n\n\n<p>.<\/p>\n\n\n\n<p>.<\/p>\n\n\n\n<p><a href=\"mailto:ttt@skoletjenesten.no?cc=&amp;bcc=&amp;subject=Vv%207\/45&amp;amptarget=\" target=\"_blank\" rel=\"noreferrer noopener\"><em>Kommenter denne notisen<\/em><\/a><\/p>\n\n\n\n<p class=\"has-text-align-center\">\u058e\u058e\u058e<\/p>\n\n\n<div class=\"wp-block-image\">\n<figure class=\"alignright size-full\"><img loading=\"lazy\" decoding=\"async\" width=\"394\" height=\"797\" src=\"https:\/\/oma.skoletjenesten.no\/wp-content\/uploads\/2025\/11\/80_Motor-over-drivhjul_1975-1107_Opera-Bilde_2025-11-03_111202_eavis.budstikka.no_.png\" alt=\"\" class=\"wp-image-3278\" srcset=\"https:\/\/oma.skoletjenesten.no\/wp-content\/uploads\/2025\/11\/80_Motor-over-drivhjul_1975-1107_Opera-Bilde_2025-11-03_111202_eavis.budstikka.no_.png 394w, https:\/\/oma.skoletjenesten.no\/wp-content\/uploads\/2025\/11\/80_Motor-over-drivhjul_1975-1107_Opera-Bilde_2025-11-03_111202_eavis.budstikka.no_-148x300.png 148w\" sizes=\"auto, (max-width: 394px) 100vw, 394px\" \/><figcaption class=\"wp-element-caption\">Asker og B\u00e6rums Budstikke 7. november 1975.<\/figcaption><\/figure>\n<\/div>\n\n\n<p id=\"Vv8\"><strong><em>Vv 8: Vinterf\u00f8re.<\/em><\/strong> Annonsen ved siden av antyder \u00e9n mulig l\u00f8sning p\u00e5 eventuelle fremkommelighetsproblemer p\u00e5 vinterf\u00f8re. Ford, som har produsert bloggerens bil, har valgt en annen l\u00f8sning: Motor og drivhjul foran. Bloggeren tror det gir best fremkommelighet. Men best fremkommelighet blir det uten vinterf\u00f8re. Bloggeren kj\u00f8rer derfor dieselbil.<\/p>\n\n\n\n<p>.<\/p>\n\n\n\n<p>.<\/p>\n\n\n\n<p>.<\/p>\n\n\n\n<p>.<\/p>\n\n\n\n<p><a href=\"mailto:ttt@skoletjenesten.no?cc=&amp;bcc=&amp;subject=Vv%208\/45&amp;amptarget=\" target=\"_blank\" rel=\"noreferrer noopener\"><em>Kommenter denne notisen<\/em><\/a><\/p>\n\n\n\n<p class=\"has-text-align-center\">\u058e\u058e\u058e<\/p>\n\n\n\n<p id=\"Vv9\"><strong><em>Vv 9: Nytale.<\/em><\/strong> Den skattefinansierte radiokanalen NRK er i ferd med \u00e5 innf\u00f8re ny uttale av navn som <em>Bye<\/em> og <em>Aae<\/em>. \u00c5sa Vartdal holder seg fortsatt til gamlem\u00e5ten med stum -e, mens Nicole Klatzka uttaler e&#8217;en og f\u00e5r NRK-st\u00f8tte for det ved at Dagsreyens innslag ble sendt i reprise i Dagsrevyen 21 og i Kveldsnytt. Det blir interessant \u00e5 h\u00f8re hvor lenge Trygve Lie (FNs f\u00f8rste generalsekret\u00e6r) og Ola Borten Moe (Senterparti-politiker) f\u00e5r beholde den tradisjonelle uttalen.<\/p>\n\n\n\n<figure class=\"wp-block-audio\"><audio controls src=\"https:\/\/oma.skoletjenesten.no\/wp-content\/uploads\/2025\/11\/90_Aae-uttale_251105_NRK-Dagsrevyen-Dr21-.og-Kveldsnyt_AasaVartdal-NicoleKarinKlatzka_Intro-og-reportasje.mp3\"><\/audio><figcaption class=\"wp-element-caption\">NRK Dagsrevyen \/ Dagsrevyen 21 \/ Kveldsnytt 5. november 2025.<\/figcaption><\/figure>\n\n\n\n<p><a href=\"mailto:ttt@skoletjenesten.no?cc=&amp;bcc=&amp;subject=Vv%209\/45&amp;amptarget=\" target=\"_blank\" rel=\"noreferrer noopener\"><em>Kommenter denne notisen<\/em><\/a><\/p>\n\n\n\n<div style=\"height:100px\" aria-hidden=\"true\" class=\"wp-block-spacer\"><\/div>\n\n\n\n<hr class=\"wp-block-separator has-alpha-channel-opacity\"\/>\n\n\n\n<p class=\"has-text-align-center\"><em><a href=\"https:\/\/oma.skoletjenesten.no\/?p=3283\">Til innholdsliste for denne utgaven<\/a><\/em><\/p>\n","protected":false},"excerpt":{"rendered":"<p>Denne spalten het tidligere Alternative fakta, som fortsatt er kategori-betegnelsen. I Alternative fakta l\u00e5 vekten ofte mer p\u00e5 det alternative enn p\u00e5 fakta. Her i Virtuell virkelighet kan vekten&nbsp; ligge mer p\u00e5 det virtuelle enn p\u00e5 virkeligheten. Navneskiftet ble forklart i siste utgave av Alternative fakta 15. januar 2021. Vv 1: Austevoll-L \u058e\u058e Vv 2:&hellip; <a class=\"more-link\" href=\"https:\/\/oma.skoletjenesten.no\/?p=3271\">Fortsett \u00e5 lese <span class=\"screen-reader-text\">Virtuell virkelighet 44\/25<\/span><\/a><\/p>\n","protected":false},"author":1,"featured_media":0,"comment_status":"open","ping_status":"open","sticky":false,"template":"","format":"standard","meta":{"footnotes":""},"categories":[1],"tags":[],"class_list":["post-3271","post","type-post","status-publish","format-standard","hentry","category-uncategorized","entry"],"_links":{"self":[{"href":"https:\/\/oma.skoletjenesten.no\/index.php?rest_route=\/wp\/v2\/posts\/3271","targetHints":{"allow":["GET"]}}],"collection":[{"href":"https:\/\/oma.skoletjenesten.no\/index.php?rest_route=\/wp\/v2\/posts"}],"about":[{"href":"https:\/\/oma.skoletjenesten.no\/index.php?rest_route=\/wp\/v2\/types\/post"}],"author":[{"embeddable":true,"href":"https:\/\/oma.skoletjenesten.no\/index.php?rest_route=\/wp\/v2\/users\/1"}],"replies":[{"embeddable":true,"href":"https:\/\/oma.skoletjenesten.no\/index.php?rest_route=%2Fwp%2Fv2%2Fcomments&post=3271"}],"version-history":[{"count":6,"href":"https:\/\/oma.skoletjenesten.no\/index.php?rest_route=\/wp\/v2\/posts\/3271\/revisions"}],"predecessor-version":[{"id":3290,"href":"https:\/\/oma.skoletjenesten.no\/index.php?rest_route=\/wp\/v2\/posts\/3271\/revisions\/3290"}],"wp:attachment":[{"href":"https:\/\/oma.skoletjenesten.no\/index.php?rest_route=%2Fwp%2Fv2%2Fmedia&parent=3271"}],"wp:term":[{"taxonomy":"category","embeddable":true,"href":"https:\/\/oma.skoletjenesten.no\/index.php?rest_route=%2Fwp%2Fv2%2Fcategories&post=3271"},{"taxonomy":"post_tag","embeddable":true,"href":"https:\/\/oma.skoletjenesten.no\/index.php?rest_route=%2Fwp%2Fv2%2Ftags&post=3271"}],"curies":[{"name":"wp","href":"https:\/\/api.w.org\/{rel}","templated":true}]}}