{"id":3269,"date":"2025-11-07T10:02:45","date_gmt":"2025-11-07T10:02:45","guid":{"rendered":"https:\/\/oma.skoletjenesten.no\/?p=3269"},"modified":"2025-11-07T18:22:16","modified_gmt":"2025-11-07T18:22:16","slug":"revolusjon","status":"publish","type":"post","link":"https:\/\/oma.skoletjenesten.no\/?p=3269","title":{"rendered":"Revolusjon!"},"content":{"rendered":"\n<p>I dag er det 108 \u00e5r siden oktoberrevolusjonen i Russland. Den kalles oktoberrevolusjonen fordi Russland p\u00e5 den tiden fulgte den julianske kalenderen, der 25. oktober tilsvarer 7. november i den gregorianske kalenderen, som vi n\u00e5 f\u00f8lger.<\/p>\n\n\n\n<p>Det var ikke den f\u00f8rste <a href=\"https:\/\/snl.no\/Den_russiske_revolusjon\" data-type=\"link\" data-id=\"https:\/\/snl.no\/Den_russiske_revolusjon\" target=\"_blank\" rel=\"noreferrer noopener\">russiske revolusjonen<\/a> det \u00e5ret. Februarrevolusjonen (som etter v\u00e5r kalender fant sted i mars) var heller ikke \u00abstarten p\u00e5 det hele\u00bb. Det var revolusjonen i 1905, som f\u00f8rte til at tsarens makt ble litt redusert, at det ble opprettet en folkeforsamling (duma) og at landet fikk en midlertidig regjering.<\/p>\n\n\n\n<p>Ved februarrevolusjonen i 1917, utl\u00f8st av et oppr\u00f8r i St. Petersburg, abdiserte tsaren. I oktober tok bolsjevikene, som utgjorde en del av regjeringen, makten alene. Etter hvert ble det borgerkrig mellom \u00abde r\u00f8de\u00bb (bolsjevikene) og \u00abde hvite\u00bb (alle de andre). \u00abDe hvite\u00bb ble st\u00f8ttet av fremmede stater (bl.a. Storbritannia, Frankrike, USA og Japan) men de r\u00f8de seiret. Under borgerkrigen ble tsarfamilien henrettet.<\/p>\n\n\n\n<p><a href=\"https:\/\/snl.no\/Sovjetunionen\" data-type=\"link\" data-id=\"https:\/\/snl.no\/Sovjetunionen\">Sovjetunionen<\/a> ble dannet i 1922 p\u00e5 grunnlag av bolsjevikenes r\u00f8de Russland. Unionen ble oppl\u00f8st i 1991, men \u00abdet russiske\u00bb satt igjen lenge etter det. Da skifertaket p\u00e5 hovedbygningen her ble renovert i 2015, ble arbeidet utf\u00f8rt av en polsk og en litauisk arbeider (begge ansatt i et norsk firma). De snakket sammen p\u00e5 russisk, som de hadde l\u00e6rt p\u00e5 skolen.<\/p>\n\n\n\n<p>Tordenskjold (Peter Wessel) har f\u00f8dselsdag i dag (f\u00f8dt 1690), men han godtar sikkert at musikken f\u00e5r et russisk preg. <em>Midnight in Moscow<\/em> er en jazzl\u00e5t som minner ikke s\u00e5 lite om den ukrainske folketonen som er grunnlaget for popl\u00e5ten <em><a href=\"https:\/\/torgeirs-tanker.skoletjenesten.no\/%d1%8e%d1%80%d1%96%d0%b9-%d0%ba%d0%b5%d1%80%d0%bf%d0%b0%d1%82%d0%b5%d0%bd%d0%ba%d0%beo-1976-2022\/#darling-daughter\" data-type=\"link\" data-id=\"https:\/\/torgeirs-tanker.skoletjenesten.no\/%d1%8e%d1%80%d1%96%d0%b9-%d0%ba%d0%b5%d1%80%d0%bf%d0%b0%d1%82%d0%b5%d0%bd%d0%ba%d0%beo-1976-2022\/#darling-daughter\" target=\"_blank\" rel=\"noreferrer noopener\">Yes, my darling daughter<\/a><\/em>.<\/p>\n\n\n\n<figure class=\"wp-block-embed is-type-video is-provider-youtube wp-block-embed-youtube wp-embed-aspect-16-9 wp-has-aspect-ratio\"><div class=\"wp-block-embed__wrapper\">\n<iframe loading=\"lazy\" title=\"Trad-Jazz:  Kenny Ball And His Jazzmen - &quot;Midnight in Moscow&quot;\" width=\"750\" height=\"422\" src=\"https:\/\/www.youtube.com\/embed\/FtsZ7k2-uqA?feature=oembed\" frameborder=\"0\" allow=\"accelerometer; autoplay; clipboard-write; encrypted-media; gyroscope; picture-in-picture; web-share\" referrerpolicy=\"strict-origin-when-cross-origin\" allowfullscreen><\/iframe>\n<\/div><figcaption class=\"wp-element-caption\">I tillegg til <em>Midnight in Moscow<\/em> ovenfor anbefales <em>Puttin&#8217; on the Ritz<\/em> (21:40 p\u00e5 \u00abtelleverket\u00bb) \u2013 eller h\u00f8r hele LP&#8217;en.<\/figcaption><\/figure>\n\n\n\n<hr class=\"wp-block-separator has-alpha-channel-opacity\"\/>\n\n\n\n<p class=\"has-text-align-center\"><em><a href=\"https:\/\/oma.skoletjenesten.no\/?p=3283\">Til innholdsliste for denne utgaven<\/a><\/em><\/p>\n","protected":false},"excerpt":{"rendered":"<p>I dag er det 108 \u00e5r siden oktoberrevolusjonen i Russland. Den kalles oktoberrevolusjonen fordi Russland p\u00e5 den tiden fulgte den julianske kalenderen, der 25. oktober tilsvarer 7. november i den gregorianske kalenderen, som vi n\u00e5 f\u00f8lger. Det var ikke den f\u00f8rste russiske revolusjonen det \u00e5ret. Februarrevolusjonen (som etter v\u00e5r kalender fant sted i mars) var&hellip; <a class=\"more-link\" href=\"https:\/\/oma.skoletjenesten.no\/?p=3269\">Fortsett \u00e5 lese <span class=\"screen-reader-text\">Revolusjon!<\/span><\/a><\/p>\n","protected":false},"author":1,"featured_media":0,"comment_status":"open","ping_status":"open","sticky":false,"template":"","format":"standard","meta":{"footnotes":""},"categories":[1],"tags":[],"class_list":["post-3269","post","type-post","status-publish","format-standard","hentry","category-uncategorized","entry"],"_links":{"self":[{"href":"https:\/\/oma.skoletjenesten.no\/index.php?rest_route=\/wp\/v2\/posts\/3269","targetHints":{"allow":["GET"]}}],"collection":[{"href":"https:\/\/oma.skoletjenesten.no\/index.php?rest_route=\/wp\/v2\/posts"}],"about":[{"href":"https:\/\/oma.skoletjenesten.no\/index.php?rest_route=\/wp\/v2\/types\/post"}],"author":[{"embeddable":true,"href":"https:\/\/oma.skoletjenesten.no\/index.php?rest_route=\/wp\/v2\/users\/1"}],"replies":[{"embeddable":true,"href":"https:\/\/oma.skoletjenesten.no\/index.php?rest_route=%2Fwp%2Fv2%2Fcomments&post=3269"}],"version-history":[{"count":3,"href":"https:\/\/oma.skoletjenesten.no\/index.php?rest_route=\/wp\/v2\/posts\/3269\/revisions"}],"predecessor-version":[{"id":3285,"href":"https:\/\/oma.skoletjenesten.no\/index.php?rest_route=\/wp\/v2\/posts\/3269\/revisions\/3285"}],"wp:attachment":[{"href":"https:\/\/oma.skoletjenesten.no\/index.php?rest_route=%2Fwp%2Fv2%2Fmedia&parent=3269"}],"wp:term":[{"taxonomy":"category","embeddable":true,"href":"https:\/\/oma.skoletjenesten.no\/index.php?rest_route=%2Fwp%2Fv2%2Fcategories&post=3269"},{"taxonomy":"post_tag","embeddable":true,"href":"https:\/\/oma.skoletjenesten.no\/index.php?rest_route=%2Fwp%2Fv2%2Ftags&post=3269"}],"curies":[{"name":"wp","href":"https:\/\/api.w.org\/{rel}","templated":true}]}}