{"id":3263,"date":"2025-11-07T10:01:00","date_gmt":"2025-11-07T10:01:00","guid":{"rendered":"https:\/\/oma.skoletjenesten.no\/?p=3263"},"modified":"2025-11-07T18:22:03","modified_gmt":"2025-11-07T18:22:03","slug":"presidenter","status":"publish","type":"post","link":"https:\/\/oma.skoletjenesten.no\/?p=3263","title":{"rendered":"Presidenter"},"content":{"rendered":"<div class=\"wp-block-image\">\n<figure class=\"alignright size-full\"><img loading=\"lazy\" decoding=\"async\" width=\"225\" height=\"225\" src=\"https:\/\/oma.skoletjenesten.no\/wp-content\/uploads\/2025\/11\/Trump-2028_nedlasting.jpeg\" alt=\"\" class=\"wp-image-3264\" srcset=\"https:\/\/oma.skoletjenesten.no\/wp-content\/uploads\/2025\/11\/Trump-2028_nedlasting.jpeg 225w, https:\/\/oma.skoletjenesten.no\/wp-content\/uploads\/2025\/11\/Trump-2028_nedlasting-150x150.jpeg 150w\" sizes=\"auto, (max-width: 225px) 100vw, 225px\" \/><\/figure>\n<\/div>\n\n\n<p>Noen har f\u00e5tt laget \u00abcapsen\u00bb som er avbildet ved siden av. Teksten \u00abTRUMP 2028\u00bb kan tolkes som et \u00f8nske om at han skal stille som kandidat ved f\u00f8rstkommende presidentvalg. Men det har han ikke lov til etter grunnlovstillegg 22, der det st\u00e5r at en person bare kan velges til president i to perioder, ogs\u00e5 om de to periodene ikke er sammenhengende, og at en som har fungert som president (f. eks. ved \u00abopprykk\u00bb fra visepresident) i mer enn halvparten av en periode, bare kan gjenvelges \u00e9n gang. Bestemmelsen tr\u00e5dte i kraft i 1951, men hvis den hadde v\u00e6rt gjeldende da Franklin D. Roosevelt d\u00f8de i 1944 og visepresident Harry Truman overtok , kunne Truman bare ha stilt til valg \u00e9n gang (noe han for\u00f8vrig ogs\u00e5 gjorde), mens visepresident Lyndon B. Johnson, som ble president etter at John F. Kennedy ble drept i 1963, kunne gjenvelges to ganger (men stilte til gjenvalg bare \u00e9n gang).<\/p>\n\n\n\n<p>Av de 47 presidentene Sambandsstatene har hatt til n\u00e5 (president Donald inkludert) har \u00e5tte (ca. 17 prosent) avg\u00e5tt ved d\u00f8den mens de satt i embetet \u2013 fire av naturlige \u00e5rsaker, fire ved drap. Dessuten har \u00e9n (Richard M. Nixon) trukket seg fra embetet \u00abfrivillig\u00bb.<\/p>\n\n\n\n<p>Det er vel lite trolig at president Donald g\u00e5r av frivillig. Vi f\u00e5r ogs\u00e5 h\u00e5pe at han ikke blir utsatt for attentat, for det t\u00e5ler kanskje ikke det USAnske samfunnet. Men vi f\u00e5r h\u00e5pe han holder seg til grunnlovstillegg 22. Bloggens telleverk viser hvor lenge det er til vi f\u00e5r vite om han gj\u00f8r det.<\/p>\n\n\n<div class=\"wp-block-image is-style-twentytwentyone-border\">\n<figure class=\"aligncenter size-full is-resized\"><a href=\"http:\/\/oma.skoletjenesten.no\/wp-content\/uploads\/2025\/03\/10_Nedtelling2.html\" target=\"_blank\" rel=\" noreferrer noopener\"><img loading=\"lazy\" decoding=\"async\" width=\"337\" height=\"59\" src=\"https:\/\/oma.skoletjenesten.no\/wp-content\/uploads\/2025\/03\/10_Nedtelling_Opera-Bilde_2025-03-13_235524_10_Nedtelling2.html.png\" alt=\"\" class=\"wp-image-1610\" style=\"width:594px;height:auto\" srcset=\"https:\/\/oma.skoletjenesten.no\/wp-content\/uploads\/2025\/03\/10_Nedtelling_Opera-Bilde_2025-03-13_235524_10_Nedtelling2.html.png 337w, https:\/\/oma.skoletjenesten.no\/wp-content\/uploads\/2025\/03\/10_Nedtelling_Opera-Bilde_2025-03-13_235524_10_Nedtelling2.html-300x53.png 300w\" sizes=\"auto, (max-width: 337px) 100vw, 337px\" \/><\/a><figcaption class=\"wp-element-caption\">Klikk for \u00e5 se nedtellingen til f\u00f8rste presidentskifte i Sambandsstatene. Se ogs\u00e5 <a href=\"https:\/\/oma.skoletjenesten.no\/?p=1594\/#trumpnedtelling\" data-type=\"link\" data-id=\"https:\/\/oma.skoletjenesten.no\/?p=1594\/#trumpnedtelling\" target=\"_blank\" rel=\"noreferrer noopener\">Virtuell virkelighet 11\/25 (Vv4)<\/a>.<\/figcaption><\/figure>\n<\/div>\n\n\n<div style=\"height:100px\" aria-hidden=\"true\" class=\"wp-block-spacer\"><\/div>\n\n\n\n<hr class=\"wp-block-separator has-alpha-channel-opacity\"\/>\n\n\n\n<p class=\"has-text-align-center\"><em><a href=\"https:\/\/oma.skoletjenesten.no\/?p=3283\">Til innholdsliste for denne utgaven<\/a><\/em><\/p>\n","protected":false},"excerpt":{"rendered":"<p>Noen har f\u00e5tt laget \u00abcapsen\u00bb som er avbildet ved siden av. Teksten \u00abTRUMP 2028\u00bb kan tolkes som et \u00f8nske om at han skal stille som kandidat ved f\u00f8rstkommende presidentvalg. Men det har han ikke lov til etter grunnlovstillegg 22, der det st\u00e5r at en person bare kan velges til president i to perioder, ogs\u00e5 om&hellip; <a class=\"more-link\" href=\"https:\/\/oma.skoletjenesten.no\/?p=3263\">Fortsett \u00e5 lese <span class=\"screen-reader-text\">Presidenter<\/span><\/a><\/p>\n","protected":false},"author":1,"featured_media":0,"comment_status":"open","ping_status":"open","sticky":false,"template":"","format":"standard","meta":{"footnotes":""},"categories":[1],"tags":[],"class_list":["post-3263","post","type-post","status-publish","format-standard","hentry","category-uncategorized","entry"],"_links":{"self":[{"href":"https:\/\/oma.skoletjenesten.no\/index.php?rest_route=\/wp\/v2\/posts\/3263","targetHints":{"allow":["GET"]}}],"collection":[{"href":"https:\/\/oma.skoletjenesten.no\/index.php?rest_route=\/wp\/v2\/posts"}],"about":[{"href":"https:\/\/oma.skoletjenesten.no\/index.php?rest_route=\/wp\/v2\/types\/post"}],"author":[{"embeddable":true,"href":"https:\/\/oma.skoletjenesten.no\/index.php?rest_route=\/wp\/v2\/users\/1"}],"replies":[{"embeddable":true,"href":"https:\/\/oma.skoletjenesten.no\/index.php?rest_route=%2Fwp%2Fv2%2Fcomments&post=3263"}],"version-history":[{"count":6,"href":"https:\/\/oma.skoletjenesten.no\/index.php?rest_route=\/wp\/v2\/posts\/3263\/revisions"}],"predecessor-version":[{"id":3287,"href":"https:\/\/oma.skoletjenesten.no\/index.php?rest_route=\/wp\/v2\/posts\/3263\/revisions\/3287"}],"wp:attachment":[{"href":"https:\/\/oma.skoletjenesten.no\/index.php?rest_route=%2Fwp%2Fv2%2Fmedia&parent=3263"}],"wp:term":[{"taxonomy":"category","embeddable":true,"href":"https:\/\/oma.skoletjenesten.no\/index.php?rest_route=%2Fwp%2Fv2%2Fcategories&post=3263"},{"taxonomy":"post_tag","embeddable":true,"href":"https:\/\/oma.skoletjenesten.no\/index.php?rest_route=%2Fwp%2Fv2%2Ftags&post=3263"}],"curies":[{"name":"wp","href":"https:\/\/api.w.org\/{rel}","templated":true}]}}