{"id":3206,"date":"2025-10-31T10:00:46","date_gmt":"2025-10-31T10:00:46","guid":{"rendered":"https:\/\/oma.skoletjenesten.no\/?p=3206"},"modified":"2026-02-05T22:02:09","modified_gmt":"2026-02-05T22:02:09","slug":"virtuell-virkelighet-43-25","status":"publish","type":"post","link":"https:\/\/oma.skoletjenesten.no\/?p=3206","title":{"rendered":"Virtuell virkelighet 43\/25"},"content":{"rendered":"\n<p><small>Denne spalten het tidligere <em>Alternative fakta<\/em>, som fortsatt er kategori-betegnelsen. I<em> Alternative fakta<\/em> l\u00e5 vekten ofte mer p\u00e5 det alternative enn p\u00e5 fakta. Her i <em>Virtuell virkelighet<\/em> kan vekten&nbsp; ligge mer p\u00e5 det virtuelle enn p\u00e5 virkeligheten.<\/small><\/p>\n\n\n\n<p><small>Navneskiftet ble forklart i <a href=\"http:\/\/ttt.skoletjenesten.no\/alternative-fakta-3-21\/\" target=\"_blank\" rel=\"noreferrer noopener\">siste utgave av Alternative fakta 15. januar 2021<\/a>.<\/small><\/p>\n\n\n\n<hr class=\"wp-block-separator has-alpha-channel-opacity\"\/>\n\n\n\n<p><a href=\"#Vv1\" data-type=\"internal\" data-id=\"#Vv1\">Vv 1: Tall-tull<\/a> \u058e\u058e <a href=\"#Vv2\" data-type=\"internal\" data-id=\"#Vv2\">Vv 2: Langtidsvarsel<\/a> \u058e\u058e <a href=\"#Vv3\" data-type=\"internal\" data-id=\"#Vv3\">Vv 3: Klimatiltak<\/a> \u058e\u058e <a href=\"#Vv4\" data-type=\"internal\" data-id=\"#Vv4\">Vv 4: Advent<\/a> \u058e\u058e<a href=\"#Vv5\" data-type=\"internal\" data-id=\"#Vv5\"> Vv 5: Normaltid<\/a> \u058e\u058e <a href=\"#Vv6\" data-type=\"internal\" data-id=\"#Vv6\">Vv 6: Kran<\/a> \u058e\u058e<a href=\"#Vv7\" data-type=\"internal\" data-id=\"#Vv7\"> Vv 7: Fjernkontroll<\/a> \u058e\u058e <a href=\"#Vv8\" data-type=\"internal\" data-id=\"#Vv8\">Vv 8: T\u00f8mming<\/a> \u058e\u058e <a href=\"#Vv9\" data-type=\"internal\" data-id=\"#Vv9\">Vv 9: Speil<\/a><\/p>\n\n\n\n<hr class=\"wp-block-separator has-alpha-channel-opacity\"\/>\n\n\n\n<div style=\"height:100px\" aria-hidden=\"true\" class=\"wp-block-spacer\"><\/div>\n\n\n\n<p id=\"Vv1\"><strong><em>Vv 1: Tall-tull.<\/em><\/strong> 30-\u00e5rskrigen p\u00e5gikk i 30 \u00e5r, ikke i 60 (det sto \u2013 til det ble rettet \u2013 <em>60-\u00e5rs<\/em>krigen i innlegget <em><a href=\"https:\/\/oma.skoletjenesten.no\/?p=3130\" data-type=\"link\" data-id=\"https:\/\/oma.skoletjenesten.no\/?p=3130\" target=\"_blank\" rel=\"noreferrer noopener\">Fred og v\u00e5penhvile<\/a><\/em> for en uke siden). Men tallene <em>3<\/em> og <em>6<\/em> er naboer p\u00e5 talltastaturet, og bloggens korrekturleser er sl\u00f8v.<\/p>\n\n\n\n<p><a href=\"mailto:ttt@skoletjenesten.no?cc=&amp;bcc=&amp;subject=Vv%201\/43&amp;amptarget=\"><em>Kommenter denne notisen<\/em><\/a><\/p>\n\n\n\n<p class=\"has-text-align-center\">\u058e\u058e\u058e<\/p>\n\n\n\n<figure class=\"wp-block-video alignright\"><video height=\"880\" style=\"aspect-ratio: 1320 \/ 880;\" width=\"1320\" controls src=\"https:\/\/oma.skoletjenesten.no\/wp-content\/uploads\/2025\/10\/20_Varmere-vintre-ventes_251027_NRK-Dagsrevyen_PetterOulieHauge_.mp4\"><\/video><figcaption class=\"wp-element-caption\">NRK Dagsrevyen 27, oktober 2025.<\/figcaption><\/figure>\n\n\n\n<p id=\"Vv2\"><strong><em>Vv 2: Langtidsvarsel.<\/em><\/strong> NRK Dagsrevyen kom med et skattefinansiert langtidsvarsel sist mandag (klippet ved siden av). Varselet var lovende for en vinterhater som bloggeren.<\/p>\n\n\n\n<p><a href=\"mailto:ttt@skoletjenesten.no?cc=&amp;bcc=&amp;subject=Vv%202\/43&amp;amptarget=\"><em>Kommenter denne notisen<\/em><\/a><\/p>\n\n\n\n<p class=\"has-text-align-center\">\u058e\u058e\u058e<\/p>\n\n\n\n<p id=\"Vv3\"><strong><em>Vv 3: Klimatiltak. <\/em><\/strong> Bloggeren gj\u00f8r hva han kan for \u00e5 oppn\u00e5 varme vinterdager. Derfor kj\u00f8rer han dieselbil \u2013 minst en gang ukentlig.<\/p>\n\n\n\n<p><a href=\"mailto:ttt@skoletjenesten.no?cc=&amp;bcc=&amp;subject=Vv%203\/43&amp;amptarget=\"><em>Kommenter denne notisen<\/em><\/a><\/p>\n\n\n\n<p class=\"has-text-align-center\">\u058e\u058e\u058e<\/p>\n\n\n<div class=\"wp-block-image\">\n<figure class=\"alignright size-large\"><img loading=\"lazy\" decoding=\"async\" width=\"1024\" height=\"483\" src=\"https:\/\/oma.skoletjenesten.no\/wp-content\/uploads\/2025\/10\/30_God-jul-oktober_IMG_20251023_135041812-1024x483.jpg\" alt=\"\" class=\"wp-image-3221\" srcset=\"https:\/\/oma.skoletjenesten.no\/wp-content\/uploads\/2025\/10\/30_God-jul-oktober_IMG_20251023_135041812-1024x483.jpg 1024w, https:\/\/oma.skoletjenesten.no\/wp-content\/uploads\/2025\/10\/30_God-jul-oktober_IMG_20251023_135041812-300x141.jpg 300w, https:\/\/oma.skoletjenesten.no\/wp-content\/uploads\/2025\/10\/30_God-jul-oktober_IMG_20251023_135041812-768x362.jpg 768w, https:\/\/oma.skoletjenesten.no\/wp-content\/uploads\/2025\/10\/30_God-jul-oktober_IMG_20251023_135041812-1536x724.jpg 1536w, https:\/\/oma.skoletjenesten.no\/wp-content\/uploads\/2025\/10\/30_God-jul-oktober_IMG_20251023_135041812-1568x740.jpg 1568w, https:\/\/oma.skoletjenesten.no\/wp-content\/uploads\/2025\/10\/30_God-jul-oktober_IMG_20251023_135041812.jpg 1923w\" sizes=\"auto, (max-width: 1024px) 100vw, 1024px\" \/><\/figure>\n<\/div>\n\n\n<p id=\"Vv4\"><strong><em>Vv 4: Advent.<\/em><\/strong> Vi er i forretningsstandens adventstid, og bloggeren har allerede mottatt f\u00f8rste julehilsen. Forel\u00f8pig var den bare i poststempelet, men det \u00f8ker nok p\u00e5.<\/p>\n\n\n\n<p><a href=\"mailto:ttt@skoletjenesten.no?cc=&amp;bcc=&amp;subject=Vv%204\/43&amp;amptarget=\"><em>Kommenter denne notisen<\/em><\/a><\/p>\n\n\n\n<p class=\"has-text-align-center\">\u058e\u058e\u058e<\/p>\n\n\n\n<figure class=\"wp-block-video alignright\"><video height=\"762\" style=\"aspect-ratio: 1344 \/ 762;\" width=\"1344\" controls src=\"https:\/\/oma.skoletjenesten.no\/wp-content\/uploads\/2025\/10\/40_Vintertid.mp4\"><\/video><figcaption class=\"wp-element-caption\">NRK 25. oktober 2025.<\/figcaption><\/figure>\n\n\n\n<p id=\"Vv5\"><strong><em>Vv 5: Normaltid.<\/em><\/strong> If\u00f8lge NRK (klippet ved siden av) er vi n\u00e5 inne i vintertiden. Den skattefinansierte TV-kanalen later til \u00e5 tro at vintertid er det motsatte av sommertid n\u00e5r det gjelder klokkeslett. Eller kanskje er det sportsredaksjonen som \u00f8nsker \u00e5 bygge opp OL-hysteriet?<\/p>\n\n\n\n<p><a href=\"mailto:ttt@skoletjenesten.no?cc=&amp;bcc=&amp;subject=Vv%205\/43&amp;amptarget=\"><em>Kommenter denne notisen<\/em><\/a><\/p>\n\n\n\n<p class=\"has-text-align-center\">\u058e\u058e\u058e<\/p>\n\n\n<div class=\"wp-block-image\">\n<figure class=\"alignright size-full\"><a href=\"https:\/\/oma.skoletjenesten.no\/wp-content\/uploads\/2025\/10\/50_Louvre-Kran_OK_Opera-Bilde_2025-10-24_194143_tv.nrk_.no_.jpg\" target=\"_blank\" rel=\" noreferrer noopener\"><img loading=\"lazy\" decoding=\"async\" width=\"1000\" height=\"468\" src=\"https:\/\/oma.skoletjenesten.no\/wp-content\/uploads\/2025\/10\/50_Louvre-Kran_OK_Opera-Bilde_2025-10-24_194143_tv.nrk_.no_.jpg\" alt=\"\" class=\"wp-image-3226\" srcset=\"https:\/\/oma.skoletjenesten.no\/wp-content\/uploads\/2025\/10\/50_Louvre-Kran_OK_Opera-Bilde_2025-10-24_194143_tv.nrk_.no_.jpg 1000w, https:\/\/oma.skoletjenesten.no\/wp-content\/uploads\/2025\/10\/50_Louvre-Kran_OK_Opera-Bilde_2025-10-24_194143_tv.nrk_.no_-300x140.jpg 300w, https:\/\/oma.skoletjenesten.no\/wp-content\/uploads\/2025\/10\/50_Louvre-Kran_OK_Opera-Bilde_2025-10-24_194143_tv.nrk_.no_-768x359.jpg 768w\" sizes=\"auto, (max-width: 1000px) 100vw, 1000px\" \/><\/a><figcaption class=\"wp-element-caption\">Klikk for st\u00f8rre bilde av \u00abkranen\u00bb.<\/figcaption><\/figure>\n<\/div>\n\n\n<p id=\"Vv6\"><strong><em>Vv 6: Kran.<\/em><\/strong> If\u00f8lge den skattefinansierte mediebedriften NRK ble innbruddet i Louvre gjennomf\u00f8rt ved hjelp av en kran. Bildet ved siden av viser \u00abkranen\u00bb. N\u00e5r det gjelder stiger, har NRK trolig ikke kommet lenger enn til gardintrapp.<\/p>\n\n\n\n<figure class=\"wp-block-audio\"><audio controls src=\"https:\/\/oma.skoletjenesten.no\/wp-content\/uploads\/2025\/10\/50_Louvreran-Kran-Stige_251026_NRK-Dagsnytt-1200_AndersBorgenWerring_Nyhetsmelding.mp3\"><\/audio><figcaption class=\"wp-element-caption\">NRK Dagsnytt kl. 12 26. oktober 2025.<\/figcaption><\/figure>\n\n\n\n<p><a href=\"mailto:ttt@skoletjenesten.no?cc=&amp;bcc=&amp;subject=Vv%206\/43&amp;amptarget=\"><em>Kommenter denne notisen<\/em><\/a><\/p>\n\n\n\n<p class=\"has-text-align-center\">\u058e\u058e\u058e<\/p>\n\n\n\n<p id=\"Vv7\"><strong><em>Vv 7: Fjernkontroll.<\/em><\/strong> Oslo Sporveier har anskaffet kinesisk-produserte busser som kan kontrolleres fra Kina. Selskapet har selv unders\u00f8kt bussene og funnet ut dette. Bloggeren har en vaskemaskin som er kinesisk-produsert. Han er engstelig for at ogs\u00e5 den kan kontrolleres fra Kina.<\/p>\n\n\n\n<p><a href=\"mailto:ttt@skoletjenesten.no?cc=&amp;bcc=&amp;subject=Vv%207\/43&amp;amptarget=\"><em>Kommenter denne notisen<\/em><\/a><\/p>\n\n\n\n<p class=\"has-text-align-center\">\u058e\u058e\u058e<\/p>\n\n\n\n<p id=\"Vv8\"><strong><em>Vv 8: T\u00f8mming.<\/em><\/strong> I innlegget <em><a href=\"https:\/\/oma.skoletjenesten.no\/?p=3201\" data-type=\"link\" data-id=\"https:\/\/oma.skoletjenesten.no\/?p=3201\" target=\"_blank\" rel=\"noreferrer noopener\">Oslo-ras<\/a><\/em> st\u00e5r det om studentboligene som ble evakuert. Studentene er sikkert lykkelige over at det ikke var dem som ble <a href=\"https:\/\/naob.no\/ordbok\/evakuere\" data-type=\"link\" data-id=\"https:\/\/naob.no\/ordbok\/evakuere\" target=\"_blank\" rel=\"noreferrer noopener\">evakuert<\/a>.<\/p>\n\n\n\n<p><a href=\"mailto:ttt@skoletjenesten.no?cc=&amp;bcc=&amp;subject=Vv%208\/43&amp;amptarget=\"><em>Kommenter denne notisen<\/em><\/a><\/p>\n\n\n\n<p class=\"has-text-align-center\">\u058e\u058e\u058e<\/p>\n\n\n\n<figure class=\"wp-block-video alignright\"><video height=\"704\" style=\"aspect-ratio: 406 \/ 704;\" width=\"406\" controls src=\"https:\/\/oma.skoletjenesten.no\/wp-content\/uploads\/2025\/10\/90_Bilvinduspeil.mp4\"><\/video><\/figure>\n\n\n\n<p id=\"Vv9\"><strong><em>Vv 9: Speil.<\/em><\/strong> Videoen ved siden av dukket opp da bloggeren lette etter noe annet. Den viser hvordan man kan bruke et sotet bilvindu som speil. Det fremg\u00e5r av videoen at man skal v\u00e6re litt forsiktig med slik bruk.<\/p>\n\n\n\n<p>.<\/p>\n\n\n\n<p>.<\/p>\n\n\n\n<p>.<\/p>\n\n\n\n<p>.<\/p>\n\n\n\n<p>.<\/p>\n\n\n\n<p><a href=\"mailto:ttt@skoletjenesten.no?cc=&amp;bcc=&amp;subject=Vv%209\/43&amp;amptarget=\"><em>Kommenter denne notisen<\/em><\/a><\/p>\n\n\n\n<div style=\"height:100px\" aria-hidden=\"true\" class=\"wp-block-spacer\"><\/div>\n\n\n\n<hr class=\"wp-block-separator has-alpha-channel-opacity\"\/>\n\n\n\n<p class=\"has-text-align-center\"><em><a href=\"https:\/\/oma.skoletjenesten.no\/?p=3230\">Til innholdsliste for denne utgaven<\/a><\/em><\/p>\n","protected":false},"excerpt":{"rendered":"<p>Denne spalten het tidligere Alternative fakta, som fortsatt er kategori-betegnelsen. I Alternative fakta l\u00e5 vekten ofte mer p\u00e5 det alternative enn p\u00e5 fakta. Her i Virtuell virkelighet kan vekten&nbsp; ligge mer p\u00e5 det virtuelle enn p\u00e5 virkeligheten. Navneskiftet ble forklart i siste utgave av Alternative fakta 15. januar 2021. Vv 1: Tall-tull \u058e\u058e Vv 2:&hellip; <a class=\"more-link\" href=\"https:\/\/oma.skoletjenesten.no\/?p=3206\">Fortsett \u00e5 lese <span class=\"screen-reader-text\">Virtuell virkelighet 43\/25<\/span><\/a><\/p>\n","protected":false},"author":1,"featured_media":0,"comment_status":"open","ping_status":"open","sticky":false,"template":"","format":"standard","meta":{"footnotes":""},"categories":[11],"tags":[],"class_list":["post-3206","post","type-post","status-publish","format-standard","hentry","category-alternative-fakta","entry"],"_links":{"self":[{"href":"https:\/\/oma.skoletjenesten.no\/index.php?rest_route=\/wp\/v2\/posts\/3206","targetHints":{"allow":["GET"]}}],"collection":[{"href":"https:\/\/oma.skoletjenesten.no\/index.php?rest_route=\/wp\/v2\/posts"}],"about":[{"href":"https:\/\/oma.skoletjenesten.no\/index.php?rest_route=\/wp\/v2\/types\/post"}],"author":[{"embeddable":true,"href":"https:\/\/oma.skoletjenesten.no\/index.php?rest_route=\/wp\/v2\/users\/1"}],"replies":[{"embeddable":true,"href":"https:\/\/oma.skoletjenesten.no\/index.php?rest_route=%2Fwp%2Fv2%2Fcomments&post=3206"}],"version-history":[{"count":7,"href":"https:\/\/oma.skoletjenesten.no\/index.php?rest_route=\/wp\/v2\/posts\/3206\/revisions"}],"predecessor-version":[{"id":3242,"href":"https:\/\/oma.skoletjenesten.no\/index.php?rest_route=\/wp\/v2\/posts\/3206\/revisions\/3242"}],"wp:attachment":[{"href":"https:\/\/oma.skoletjenesten.no\/index.php?rest_route=%2Fwp%2Fv2%2Fmedia&parent=3206"}],"wp:term":[{"taxonomy":"category","embeddable":true,"href":"https:\/\/oma.skoletjenesten.no\/index.php?rest_route=%2Fwp%2Fv2%2Fcategories&post=3206"},{"taxonomy":"post_tag","embeddable":true,"href":"https:\/\/oma.skoletjenesten.no\/index.php?rest_route=%2Fwp%2Fv2%2Ftags&post=3206"}],"curies":[{"name":"wp","href":"https:\/\/api.w.org\/{rel}","templated":true}]}}