{"id":3204,"date":"2025-10-31T10:01:56","date_gmt":"2025-10-31T10:01:56","guid":{"rendered":"https:\/\/oma.skoletjenesten.no\/?p=3204"},"modified":"2025-10-31T15:51:05","modified_gmt":"2025-10-31T15:51:05","slug":"fokus","status":"publish","type":"post","link":"https:\/\/oma.skoletjenesten.no\/?p=3204","title":{"rendered":"Fokus"},"content":{"rendered":"\n<p>Den som skal snakke moteriktig, m\u00e5 bruke ordet fokus. Det latinske ordet (opprinnelig betydning: ildsted) var tidligere bare brukt i optikk, der det betegnet brennpunktet for en linse; blogglesere p\u00e5 min alder har kanskje \u2013 som jeg \u2013 klart \u00e5 sette fyr p\u00e5 papir ved \u00e5 samle sollyset til en flekk hjelp av en linse.<\/p>\n\n\n\n<p>Siden bare et mindretall har noe forhold til latin eller optikk, kan ordet <em>fokus<\/em> n\u00e5 brukes med generell betydning. Abid Raja gj\u00f8r det n\u00e5r han snakker om \u00e5 <em>sette fokus p\u00e5<\/em> noe. For meg h\u00f8res det litt rart ut, og enda rarere blir det n\u00e5r dette fokuset skal v\u00e6re <em>h\u00f8yt<\/em>.<\/p>\n\n\n\n<figure class=\"wp-block-audio\"><audio controls src=\"https:\/\/oma.skoletjenesten.no\/wp-content\/uploads\/2025\/10\/20_Fokus_251015_NRK-AlltiNyheter_AbidRaja_Statsbudsjett-2026.mp3\"><\/audio><figcaption class=\"wp-element-caption\">Abid Raja i forbindelse med at statsbudsjettet for 2026 ble fremlagt.<\/figcaption><\/figure>\n\n\n\n<p>Optikk-betydningen av fokus er tydeligvis sterkt svekket. Det m\u00e5 man i hvert fall tro n\u00e5r verdens beste naturfotograf, <a href=\"https:\/\/snl.no\/Audun_Rikardsen\" data-type=\"link\" data-id=\"https:\/\/snl.no\/Audun_Rikardsen\" target=\"_blank\" rel=\"noreferrer noopener\">Audun Rikardsen<\/a>, ogs\u00e5 bruker uttrykket <em>sette fokus p\u00e5<\/em>.<\/p>\n\n\n\n<figure class=\"wp-block-audio\"><audio controls src=\"https:\/\/oma.skoletjenesten.no\/wp-content\/uploads\/2025\/10\/x_Fokus-Fotograf-snakker-1_251017_NRK-AlltidNyheter_.mp3\"><\/audio><figcaption class=\"wp-element-caption\">Audun Rikardsen i <em>NRK Nyhetsmorgen<\/em> 17. oktober 2025.<\/figcaption><\/figure>\n\n\n\n<p>Jan Espen Kruse, den skattefinansierte mediekanalen NRKs <a href=\"https:\/\/oma.skoletjenesten.no\/?p=2330#balkongstudio\" data-type=\"link\" data-id=\"https:\/\/oma.skoletjenesten.no\/?p=2330#balkongstudio\" target=\"_blank\" rel=\"noreferrer noopener\">balkongreporter<\/a> i Moskva, legger fokuset <em>rundt<\/em> det han vil fremheve.<\/p>\n\n\n\n<figure class=\"wp-block-audio\"><audio controls src=\"https:\/\/oma.skoletjenesten.no\/wp-content\/uploads\/2025\/10\/Fokus-rundt_251028_NRK-AlltidNyheter_JanEssspenKruse_.mp3\"><\/audio><figcaption class=\"wp-element-caption\">Jan Espen Kruse i <em>NRK Alltid Nyheter<\/em> 18. oktober 2025.<\/figcaption><\/figure>\n\n\n\n<p>Det virker som om <em>fokus<\/em> som moteord i de fleste tilfeller kan erstattes av <em>s\u00f8kelys<\/em>. Men det er jo et norsk ord, og gir selvsagt ikke samme status som latin.<\/p>\n\n\n\n<hr class=\"wp-block-separator has-alpha-channel-opacity\"\/>\n\n\n\n<p class=\"has-text-align-center\"><em><a href=\"https:\/\/oma.skoletjenesten.no\/?p=3230\">Til innholdsliste for denne utgaven<\/a><\/em><\/p>\n","protected":false},"excerpt":{"rendered":"<p>Den som skal snakke moteriktig, m\u00e5 bruke ordet fokus. Det latinske ordet (opprinnelig betydning: ildsted) var tidligere bare brukt i optikk, der det betegnet brennpunktet for en linse; blogglesere p\u00e5 min alder har kanskje \u2013 som jeg \u2013 klart \u00e5 sette fyr p\u00e5 papir ved \u00e5 samle sollyset til en flekk hjelp av en linse.&hellip; <a class=\"more-link\" href=\"https:\/\/oma.skoletjenesten.no\/?p=3204\">Fortsett \u00e5 lese <span class=\"screen-reader-text\">Fokus<\/span><\/a><\/p>\n","protected":false},"author":1,"featured_media":0,"comment_status":"open","ping_status":"open","sticky":false,"template":"","format":"standard","meta":{"footnotes":""},"categories":[1],"tags":[],"class_list":["post-3204","post","type-post","status-publish","format-standard","hentry","category-uncategorized","entry"],"_links":{"self":[{"href":"https:\/\/oma.skoletjenesten.no\/index.php?rest_route=\/wp\/v2\/posts\/3204","targetHints":{"allow":["GET"]}}],"collection":[{"href":"https:\/\/oma.skoletjenesten.no\/index.php?rest_route=\/wp\/v2\/posts"}],"about":[{"href":"https:\/\/oma.skoletjenesten.no\/index.php?rest_route=\/wp\/v2\/types\/post"}],"author":[{"embeddable":true,"href":"https:\/\/oma.skoletjenesten.no\/index.php?rest_route=\/wp\/v2\/users\/1"}],"replies":[{"embeddable":true,"href":"https:\/\/oma.skoletjenesten.no\/index.php?rest_route=%2Fwp%2Fv2%2Fcomments&post=3204"}],"version-history":[{"count":6,"href":"https:\/\/oma.skoletjenesten.no\/index.php?rest_route=\/wp\/v2\/posts\/3204\/revisions"}],"predecessor-version":[{"id":3241,"href":"https:\/\/oma.skoletjenesten.no\/index.php?rest_route=\/wp\/v2\/posts\/3204\/revisions\/3241"}],"wp:attachment":[{"href":"https:\/\/oma.skoletjenesten.no\/index.php?rest_route=%2Fwp%2Fv2%2Fmedia&parent=3204"}],"wp:term":[{"taxonomy":"category","embeddable":true,"href":"https:\/\/oma.skoletjenesten.no\/index.php?rest_route=%2Fwp%2Fv2%2Fcategories&post=3204"},{"taxonomy":"post_tag","embeddable":true,"href":"https:\/\/oma.skoletjenesten.no\/index.php?rest_route=%2Fwp%2Fv2%2Ftags&post=3204"}],"curies":[{"name":"wp","href":"https:\/\/api.w.org\/{rel}","templated":true}]}}