{"id":3199,"date":"2025-10-31T10:03:30","date_gmt":"2025-10-31T10:03:30","guid":{"rendered":"https:\/\/oma.skoletjenesten.no\/?p=3199"},"modified":"2025-10-31T15:51:27","modified_gmt":"2025-10-31T15:51:27","slug":"31-oktober-2005","status":"publish","type":"post","link":"https:\/\/oma.skoletjenesten.no\/?p=3199","title":{"rendered":"31. oktober 2005"},"content":{"rendered":"\n<p>For 20 \u00e5r siden i dag d\u00f8de far. Da hadde han bodd p\u00e5 Kols\u00e5shjemmet i noen m\u00e5neder, etter f\u00f8rst \u00e5 ha v\u00e6rt beboer p\u00e5 Vallerhjemmet. Les om ham i <em><a href=\"https:\/\/ttt.skoletjenesten.no\/de-som-bygde-landet\" data-type=\"link\" data-id=\"https:\/\/ttt.skoletjenesten.no\/de-som-bygde-landet\" target=\"_blank\" rel=\"noreferrer noopener\">De som bygde landet<\/a><\/em> fra september 2017.<\/p>\n\n\n\n<p>Fra tiden mellom d\u00f8dsfallet og begravelsen husker jeg s\u00e6rlig \u00e9n episode. Det var da kisten skulle transporteres fra Kols\u00e5shjemmet til Haslum krematorium. De to-tre bilene som fulgte b\u00e5rebilen, fikk magnetmerker p\u00e5 taket, slik at man kunne se at det var et begravelsesf\u00f8lge. Da vi kom til krysset Kirkeveien\/Nesveien, var det en bil p\u00e5 Kirkeveien som presset seg inn i f\u00f8lget bak b\u00e5rebilen og foran meg. Da kom jeg til \u00e5 tenke p\u00e5 da far og jeg gikk til Sandvika en gang tidlig p\u00e5 1950-tallet. Plutselig stoppet far og tok av seg hatten. Han pekte p\u00e5 Drammensveien rett nedenfor, der det kj\u00f8rte et begravelsesf\u00f8lge, og forklarte at slik gj\u00f8r man for \u00e5 vise respekt.<\/p>\n\n\n\n<p>Far d\u00f8de sent p\u00e5 kvelden 31. oktober, faktisk fem minutter over midnatt, s\u00e5 formelt var det 1. november. I det offentlige byr\u00e5kratiet spiller det formelle stor rolle, blant annet fordi pensjonen utbetales ut den m\u00e5neden et d\u00f8dsfall skjer. Far fikk ikke selv noen glede av det, men han ville nok ha likt sin \u00abinnsats\u00bb.<\/p>\n\n\n<div class=\"wp-block-image is-style-twentytwentyone-border\">\n<figure class=\"alignright size-large\"><img loading=\"lazy\" decoding=\"async\" width=\"1024\" height=\"816\" src=\"https:\/\/oma.skoletjenesten.no\/wp-content\/uploads\/2025\/10\/RegningTildelingskontoret-1024x816.jpg\" alt=\"\" class=\"wp-image-3209\" srcset=\"https:\/\/oma.skoletjenesten.no\/wp-content\/uploads\/2025\/10\/RegningTildelingskontoret-1024x816.jpg 1024w, https:\/\/oma.skoletjenesten.no\/wp-content\/uploads\/2025\/10\/RegningTildelingskontoret-300x239.jpg 300w, https:\/\/oma.skoletjenesten.no\/wp-content\/uploads\/2025\/10\/RegningTildelingskontoret-768x612.jpg 768w, https:\/\/oma.skoletjenesten.no\/wp-content\/uploads\/2025\/10\/RegningTildelingskontoret.jpg 1200w\" sizes=\"auto, (max-width: 1024px) 100vw, 1024px\" \/><figcaption class=\"wp-element-caption\">Fakturaen var adressert til \u00abTorger\u00bb Oma, og ble returnert u\u00e5pnet (jeg har bodd i kommunen siden 1948).<\/figcaption><\/figure>\n<\/div>\n\n\n<p>Men det offentlige slo tilbake. I september 2026 \u2013 nesten ett \u00e5r etter at far d\u00f8de \u2013 kom et brev fra B\u00e6rum kommune med krav om  23.000 kroner til dekning av \u00abfor lite betalt vederlag i 2005\u00bb. Det var ikke bel\u00f8pets st\u00f8rrelse, men den uf\u00f8lsomme, byr\u00e5kratiske tonen i forbindelse med et d\u00f8dsfall, som gjorde at jeg opps\u00f8kte avsenderen p\u00e5 Tildelingskontoret i kommunen. Hun skj\u00f8nte ikke problemstillingen. Vi fikk brev ogs\u00e5 fra forsikringsselskapet der far hadde pensjonsforsikring, og det brevet \u2013 som ogs\u00e5 var ganske byr\u00e5kratisk \u2013 begynte med setningen \u00abVi har f\u00e5tt melding om at Trygve Oma er d\u00f8d\u00bb. Mer skulle ikke til for \u00e5 innlede det byr\u00e5kratiske med ord som viste et snev av menneskelighet.<\/p>\n\n\n\n<hr class=\"wp-block-separator has-alpha-channel-opacity\"\/>\n\n\n\n<p class=\"has-text-align-center\"><em><a href=\"https:\/\/oma.skoletjenesten.no\/?p=3230\">Til innholdsliste for denne utgaven<\/a><\/em><\/p>\n","protected":false},"excerpt":{"rendered":"<p>For 20 \u00e5r siden i dag d\u00f8de far. Da hadde han bodd p\u00e5 Kols\u00e5shjemmet i noen m\u00e5neder, etter f\u00f8rst \u00e5 ha v\u00e6rt beboer p\u00e5 Vallerhjemmet. Les om ham i De som bygde landet fra september 2017. Fra tiden mellom d\u00f8dsfallet og begravelsen husker jeg s\u00e6rlig \u00e9n episode. Det var da kisten skulle transporteres fra Kols\u00e5shjemmet&hellip; <a class=\"more-link\" href=\"https:\/\/oma.skoletjenesten.no\/?p=3199\">Fortsett \u00e5 lese <span class=\"screen-reader-text\">31. oktober 2005<\/span><\/a><\/p>\n","protected":false},"author":1,"featured_media":0,"comment_status":"open","ping_status":"open","sticky":false,"template":"","format":"standard","meta":{"footnotes":""},"categories":[1],"tags":[],"class_list":["post-3199","post","type-post","status-publish","format-standard","hentry","category-uncategorized","entry"],"_links":{"self":[{"href":"https:\/\/oma.skoletjenesten.no\/index.php?rest_route=\/wp\/v2\/posts\/3199","targetHints":{"allow":["GET"]}}],"collection":[{"href":"https:\/\/oma.skoletjenesten.no\/index.php?rest_route=\/wp\/v2\/posts"}],"about":[{"href":"https:\/\/oma.skoletjenesten.no\/index.php?rest_route=\/wp\/v2\/types\/post"}],"author":[{"embeddable":true,"href":"https:\/\/oma.skoletjenesten.no\/index.php?rest_route=\/wp\/v2\/users\/1"}],"replies":[{"embeddable":true,"href":"https:\/\/oma.skoletjenesten.no\/index.php?rest_route=%2Fwp%2Fv2%2Fcomments&post=3199"}],"version-history":[{"count":5,"href":"https:\/\/oma.skoletjenesten.no\/index.php?rest_route=\/wp\/v2\/posts\/3199\/revisions"}],"predecessor-version":[{"id":3245,"href":"https:\/\/oma.skoletjenesten.no\/index.php?rest_route=\/wp\/v2\/posts\/3199\/revisions\/3245"}],"wp:attachment":[{"href":"https:\/\/oma.skoletjenesten.no\/index.php?rest_route=%2Fwp%2Fv2%2Fmedia&parent=3199"}],"wp:term":[{"taxonomy":"category","embeddable":true,"href":"https:\/\/oma.skoletjenesten.no\/index.php?rest_route=%2Fwp%2Fv2%2Fcategories&post=3199"},{"taxonomy":"post_tag","embeddable":true,"href":"https:\/\/oma.skoletjenesten.no\/index.php?rest_route=%2Fwp%2Fv2%2Ftags&post=3199"}],"curies":[{"name":"wp","href":"https:\/\/api.w.org\/{rel}","templated":true}]}}