{"id":3153,"date":"2025-10-24T10:00:47","date_gmt":"2025-10-24T10:00:47","guid":{"rendered":"https:\/\/oma.skoletjenesten.no\/?p=3153"},"modified":"2026-02-05T22:02:23","modified_gmt":"2026-02-05T22:02:23","slug":"virtuell-virkelighet-42-25","status":"publish","type":"post","link":"https:\/\/oma.skoletjenesten.no\/?p=3153","title":{"rendered":"Virtuell virkelighet 42\/25"},"content":{"rendered":"\n<p><small>Denne spalten het tidligere <em>Alternative fakta<\/em>, som fortsatt er kategori-betegnelsen. I<em> Alternative fakta<\/em> l\u00e5 vekten ofte mer p\u00e5 det alternative enn p\u00e5 fakta. Her i <em>Virtuell virkelighet<\/em> kan vekten&nbsp; ligge mer p\u00e5 det virtuelle enn p\u00e5 virkeligheten.<\/small><\/p>\n\n\n\n<p><small>Navneskiftet ble forklart i <a href=\"http:\/\/ttt.skoletjenesten.no\/alternative-fakta-3-21\/\" target=\"_blank\" rel=\"noreferrer noopener\">siste utgave av Alternative fakta 15. januar 2021<\/a>.<\/small><\/p>\n\n\n\n<hr class=\"wp-block-separator has-alpha-channel-opacity\"\/>\n\n\n\n<p><a href=\"#Vv1\" data-type=\"internal\" data-id=\"#Vv1\">Vv 1: Sentralitet<\/a> \u058e\u058e <a href=\"#Vv2\" data-type=\"internal\" data-id=\"#Vv2\">Vv 2: Skattefinansiert<\/a> \u058e\u058e <a href=\"#Vv3\" data-type=\"internal\" data-id=\"#Vv3\">Vv 3: Villa-sau<\/a> \u058e\u058e <a href=\"#Vv4\" data-type=\"internal\" data-id=\"#Vv4\">Vv 4: Krenket<\/a>? \u058e\u058e <a href=\"#Vv5\" data-type=\"internal\" data-id=\"#Vv5\">Vv 5: Vinterved<\/a> \u058e\u058e <a href=\"#Vv6\" data-type=\"internal\" data-id=\"#Vv6\">Vv 6: GHOTI<\/a> \u058e\u058e <a href=\"#Vv7\" data-type=\"internal\" data-id=\"#Vv7\">Vv 7: Husmortips<\/a> \u058e\u058e Vv 8: Sj\u00f8lyst<\/p>\n\n\n\n<hr class=\"wp-block-separator has-alpha-channel-opacity\"\/>\n\n\n\n<p id=\"Vv1\"><strong><em>Vv 1: Sentralitet.<\/em><\/strong> Som \u00aballe\u00bb har forst\u00e5tt av statsbudsjettkalamitetene, kan det ha betydning for privat\u00f8konomien hvilken sentralitetssklasse bostedskommunen tilh\u00f8rer. B\u00e6rum, der bloggeren bor, tilh\u00f8rer sentralitetsklasse 1. Hele oversikten over sentralitetsklassene og hva som ligger i begrepet, er \u00e5 finne p\u00e5 <a href=\"https:\/\/www.ssb.no\/klass\/klassifikasjoner\/128\/korrespondanser\/1417\" data-type=\"link\" data-id=\"https:\/\/www.ssb.no\/klass\/klassifikasjoner\/128\/korrespondanser\/1417\" target=\"_blank\" rel=\"noreferrer noopener\">Statistisk Sentralbyr\u00e5s nettsider<\/a>.<\/p>\n\n\n\n<p><a href=\"mailto:ttt@skoletjenesten.no?cc=&amp;bcc=&amp;subject=Vv%201\/43&amp;amptarget=\"><em>Kommenter denne notisen<\/em><\/a><\/p>\n\n\n\n<p class=\"has-text-align-center\">\u058e\u058e\u058e<\/p>\n\n\n\n<p id=\"Vv2\"><strong><em>Vv 2: Skattefinansiert.<\/em><\/strong> Det st\u00e5r fortsatt ikke p\u00e5 skatteseddelen hvor stor NRK-skatten er. Men den skattefinansierte radiokanalen har i hvert fall begynt \u00e5 innr\u00f8mme hvor den f\u00e5r pengene fra:<\/p>\n\n\n\n<figure class=\"wp-block-audio\"><audio controls src=\"https:\/\/oma.skoletjenesten.no\/wp-content\/uploads\/2025\/10\/10_NRKskatt-Dagsssnyttfleip_251020_NRK-Dgsnytt0730_JonBranaes.mp3\"><\/audio><figcaption class=\"wp-element-caption\">NRK Dagsnytt 7.30 20, oktober 2025.<\/figcaption><\/figure>\n\n\n\n<p><a href=\"mailto:ttt@skoletjenesten.no?cc=&amp;bcc=&amp;subject=Vv%202\/43&amp;amptarget=\"><em>Kommenter denne notisen<\/em><\/a><\/p>\n\n\n\n<p class=\"has-text-align-center\">\u058e\u058e\u058e<\/p>\n\n\n<div class=\"wp-block-image is-style-twentytwentyone-border\">\n<figure class=\"alignright size-full\"><img loading=\"lazy\" decoding=\"async\" width=\"406\" height=\"144\" src=\"https:\/\/oma.skoletjenesten.no\/wp-content\/uploads\/2025\/10\/20_Robotklipper_250718_Opera-Bilde_2025-09-28_210052_e-avis.aftenposten.no_.png\" alt=\"\" class=\"wp-image-3156\" srcset=\"https:\/\/oma.skoletjenesten.no\/wp-content\/uploads\/2025\/10\/20_Robotklipper_250718_Opera-Bilde_2025-09-28_210052_e-avis.aftenposten.no_.png 406w, https:\/\/oma.skoletjenesten.no\/wp-content\/uploads\/2025\/10\/20_Robotklipper_250718_Opera-Bilde_2025-09-28_210052_e-avis.aftenposten.no_-300x106.png 300w\" sizes=\"auto, (max-width: 406px) 100vw, 406px\" \/><figcaption class=\"wp-element-caption\">Aftenposten 18. juli 2025.<\/figcaption><\/figure>\n<\/div>\n\n\n<p id=\"Vv3\"><strong><em>Vv 3: Villa-sau.<\/em><\/strong> Bloggeren har vurdert elektronisk sau (=robotgressklipper) til bruk p\u00e5 paradeplenen. Ideen ble forlatt etter at han hadde lest klippet ved siden av.<\/p>\n\n\n\n<p><a href=\"mailto:ttt@skoletjenesten.no?cc=&amp;bcc=&amp;subject=Vv%203\/43&amp;amptarget=\"><em>Kommenter denne notisen<\/em><\/a><\/p>\n\n\n\n<p class=\"has-text-align-center\">\u058e\u058e\u058e<\/p>\n\n\n<div class=\"wp-block-image is-style-twentytwentyone-border\">\n<figure class=\"alignright size-full\"><a href=\"http:\/\/ttt.skoletjenesten.no\/wp-content\/uploads\/2025\/09\/30_Jeans---Genes_Aftenposten%201.%20august%202025.pdf\" target=\"_blank\" rel=\" noreferrer noopener\"><img loading=\"lazy\" decoding=\"async\" width=\"502\" height=\"727\" src=\"https:\/\/oma.skoletjenesten.no\/wp-content\/uploads\/2025\/10\/30_Jeans-Genes_Aftenposten20august202025.pdf.png\" alt=\"\" class=\"wp-image-3162\" srcset=\"https:\/\/oma.skoletjenesten.no\/wp-content\/uploads\/2025\/10\/30_Jeans-Genes_Aftenposten20august202025.pdf.png 502w, https:\/\/oma.skoletjenesten.no\/wp-content\/uploads\/2025\/10\/30_Jeans-Genes_Aftenposten20august202025.pdf-207x300.png 207w\" sizes=\"auto, (max-width: 502px) 100vw, 502px\" \/><\/a><figcaption class=\"wp-element-caption\">Aftenposten 20. juli 2025.<\/figcaption><\/figure>\n<\/div>\n\n\n<p id=\"Vv4\"> <strong><em>Vv 4: Krenket?<\/em><\/strong> De som vil f\u00f8le seg krenket, finner gjerne noe \u00e5 bli krenket av. I Aftenposten-klippet ved siden av handler det om ordene <em>jeans<\/em> og <em>genes<\/em>, som uttales ganske likt p\u00e5 engelsk.<\/p>\n\n\n\n<p>.<\/p>\n\n\n\n<p>.<\/p>\n\n\n\n<p>.<\/p>\n\n\n\n<p>.<\/p>\n\n\n\n<p><a href=\"mailto:ttt@skoletjenesten.no?cc=&amp;bcc=&amp;subject=Vv%204\/43&amp;amptarget=\"><em>Kommenter denne notisen<\/em><\/a><\/p>\n\n\n\n<p class=\"has-text-align-center\">\u058e\u058e\u058e<\/p>\n\n\n<div class=\"wp-block-image is-style-twentytwentyone-border\">\n<figure class=\"alignright size-full\"><a href=\"http:\/\/ttt.skoletjenesten.no\/wp-content\/uploads\/2025\/09\/40_Vedhugst_Aftenposten%2026.%20juli%201945.pdf\" target=\"_blank\" rel=\" noreferrer noopener\"><img loading=\"lazy\" decoding=\"async\" width=\"526\" height=\"681\" src=\"https:\/\/oma.skoletjenesten.no\/wp-content\/uploads\/2025\/10\/40_Vedhugst_OK_Aftenposten20juli201945.jpg\" alt=\"\" class=\"wp-image-3165\" srcset=\"https:\/\/oma.skoletjenesten.no\/wp-content\/uploads\/2025\/10\/40_Vedhugst_OK_Aftenposten20juli201945.jpg 526w, https:\/\/oma.skoletjenesten.no\/wp-content\/uploads\/2025\/10\/40_Vedhugst_OK_Aftenposten20juli201945-232x300.jpg 232w\" sizes=\"auto, (max-width: 526px) 100vw, 526px\" \/><\/a><figcaption class=\"wp-element-caption\">Aftenposten 26. juli 1945. Klikk for \u00e5 lese.<\/figcaption><\/figure>\n<\/div>\n\n\n<p id=\"Vv5\"><strong><em>Vv 5: Vinterved<\/em>.<\/strong> Ogs\u00e5 for 80 \u00e5r siden gikk det mot vinter, og Aftenposten (klippet ved siden av) skrev om behovet for vinterved. Notisen sto p\u00e5 en varm sommerdag. Bloggeren tror den var varm fordi journalisten har skrevet \u00ab<em>hogge<\/em> ved\u00bb. Det var neppe innenfor Aftenpostens dav\u00e6rende spr\u00e5klige retningslinjer; i overskriften st\u00e5r det \u00ab<em>nu<\/em> m\u00e5 alle vite\u00bb, og i teksten tiltaler man leserne med h\u00f8flighetsformen <em>De<\/em>.<\/p>\n\n\n\n<p><a href=\"mailto:ttt@skoletjenesten.no?cc=&amp;bcc=&amp;subject=Vv%205\/43&amp;amptarget=\"><em>Kommenter denne notisen<\/em><\/a><\/p>\n\n\n\n<p class=\"has-text-align-center\">\u058e\u058e\u058e<\/p>\n\n\n\n<p id=\"Vv6\"><strong><em>Vv 6: GHOTI.<\/em><\/strong> Med sin brede spr\u00e5klige kompetanse ser bloggens lesere naturligvis straks hvilket engelsk ord som st\u00e5r i tittelen til denne notisen. Ordet uttales slik: <em>GH <\/em>som i <em>laugh<\/em>, <em>O<\/em> som i <em>women<\/em>, <em>TI<\/em> som i <em>nation<\/em>. Mindre avanserte spr\u00e5kbrukere skriver <em>fish<\/em>.<\/p>\n\n\n\n<p><a href=\"mailto:ttt@skoletjenesten.no?cc=&amp;bcc=&amp;subject=Vv%206\/43&amp;amptarget=\"><em>Kommenter denne notisen<\/em><\/a><\/p>\n\n\n\n<p class=\"has-text-align-center\">\u058e\u058e\u058e<\/p>\n\n\n\n<p class=\"Vv7\"><strong><em>Vv 7: Husmortips.<\/em><\/strong> Da Aftenpostens aftenummer eksisterte, hadde denne delen av avisen gjerne forbrukerstoff. <em>For husmoren<\/em> var en fast spalte skrevet av dr. Olav Sopp. I v\u00e5re dager, med et \u00f8kende antall \u00abtrad wives\u00bb, vil kanskje noen av bloggens lesere finne interessant stoff i spalten (klikk nedenfor for \u00e5 lese).<\/p>\n\n\n\n<div class=\"wp-block-columns is-layout-flex wp-container-core-columns-is-layout-9d6595d7 wp-block-columns-is-layout-flex\">\n<div class=\"wp-block-column is-layout-flow wp-block-column-is-layout-flow\">\n<figure class=\"wp-block-image size-full is-style-twentytwentyone-border\"><a href=\"http:\/\/ttt.skoletjenesten.no\/wp-content\/uploads\/2025\/09\/60_For-husmoren-1_Aftenposten%20Aften%2024.%20oktober%201925.pdf\" target=\"_blank\" rel=\" noreferrer noopener\"><img loading=\"lazy\" decoding=\"async\" width=\"532\" height=\"690\" src=\"https:\/\/oma.skoletjenesten.no\/wp-content\/uploads\/2025\/10\/60_For-husmoren-1_OK_Aftenposten2024.201925.jpg\" alt=\"\" class=\"wp-image-3163\" srcset=\"https:\/\/oma.skoletjenesten.no\/wp-content\/uploads\/2025\/10\/60_For-husmoren-1_OK_Aftenposten2024.201925.jpg 532w, https:\/\/oma.skoletjenesten.no\/wp-content\/uploads\/2025\/10\/60_For-husmoren-1_OK_Aftenposten2024.201925-231x300.jpg 231w\" sizes=\"auto, (max-width: 532px) 100vw, 532px\" \/><\/a><figcaption class=\"wp-element-caption\">Aftenposten 24. oktober 1925.<\/figcaption><\/figure>\n<\/div>\n\n\n\n<div class=\"wp-block-column is-layout-flow wp-block-column-is-layout-flow\">\n<figure class=\"wp-block-image size-full is-style-twentytwentyone-border\"><a href=\"http:\/\/ttt.skoletjenesten.no\/wp-content\/uploads\/2025\/09\/60_For-husmoren-2_Aftenposten%20Aften%2024.%20oktober%201925.pdf\" target=\"_blank\" rel=\" noreferrer noopener\"><img loading=\"lazy\" decoding=\"async\" width=\"517\" height=\"685\" src=\"https:\/\/oma.skoletjenesten.no\/wp-content\/uploads\/2025\/10\/60_For-husmoren-2_OK_Aftenposten2024.201925.jpg\" alt=\"\" class=\"wp-image-3164\" srcset=\"https:\/\/oma.skoletjenesten.no\/wp-content\/uploads\/2025\/10\/60_For-husmoren-2_OK_Aftenposten2024.201925.jpg 517w, https:\/\/oma.skoletjenesten.no\/wp-content\/uploads\/2025\/10\/60_For-husmoren-2_OK_Aftenposten2024.201925-226x300.jpg 226w\" sizes=\"auto, (max-width: 517px) 100vw, 517px\" \/><\/a><figcaption class=\"wp-element-caption\">Aftenposten 24. oktober 1925.<\/figcaption><\/figure>\n<\/div>\n<\/div>\n\n\n\n<p><a href=\"mailto:ttt@skoletjenesten.no?cc=&amp;bcc=&amp;subject=Vv%207\/43&amp;amptarget=\"><em>Kommenter denne notisen<\/em><\/a><\/p>\n\n\n\n<p class=\"has-text-align-center\">\u058e\u058e\u058e<\/p>\n\n\n\n<p class=\"Vv8\"><strong><em>Vv 8: Sj\u00f8lyst.<\/em><\/strong> Sj\u00f8lystveien bringer biltrafikken fra Drammensveien ved Sk\u00f8yen til Operatunnelen under Bj\u00f8rvika. Da veien ble \u00e5pnet i 1959, skulle den avlaste Oslo vest for biltrafikk i rushtiden. Filmavisen (nedenfor) hadde reportasje om det nye vidunderet.<\/p>\n\n\n\n<figure class=\"wp-block-video\"><video height=\"674\" style=\"aspect-ratio: 1002 \/ 674;\" width=\"1002\" controls src=\"https:\/\/oma.skoletjenesten.no\/wp-content\/uploads\/2025\/10\/70_Sjoelystveien-1959.mp4\"><\/video><\/figure>\n\n\n\n<p><a href=\"mailto:ttt@skoletjenesten.no?cc=&amp;bcc=&amp;subject=Vv%208\/43&amp;amptarget=\"><em>Kommenter denne notisen<\/em><\/a><\/p>\n\n\n\n<p class=\"has-text-align-center\"><\/p>\n\n\n\n<hr class=\"wp-block-separator has-alpha-channel-opacity\"\/>\n\n\n\n<p class=\"has-text-align-center\"><em><a href=\"https:\/\/oma.skoletjenesten.no\/?p=3128\">Til innholdsliste for denne utgaven<\/a><\/em><\/p>\n","protected":false},"excerpt":{"rendered":"<p>Denne spalten het tidligere Alternative fakta, som fortsatt er kategori-betegnelsen. I Alternative fakta l\u00e5 vekten ofte mer p\u00e5 det alternative enn p\u00e5 fakta. Her i Virtuell virkelighet kan vekten&nbsp; ligge mer p\u00e5 det virtuelle enn p\u00e5 virkeligheten. Navneskiftet ble forklart i siste utgave av Alternative fakta 15. januar 2021. Vv 1: Sentralitet \u058e\u058e Vv 2:&hellip; <a class=\"more-link\" href=\"https:\/\/oma.skoletjenesten.no\/?p=3153\">Fortsett \u00e5 lese <span class=\"screen-reader-text\">Virtuell virkelighet 42\/25<\/span><\/a><\/p>\n","protected":false},"author":1,"featured_media":0,"comment_status":"open","ping_status":"open","sticky":false,"template":"","format":"standard","meta":{"footnotes":""},"categories":[11],"tags":[],"class_list":["post-3153","post","type-post","status-publish","format-standard","hentry","category-alternative-fakta","entry"],"_links":{"self":[{"href":"https:\/\/oma.skoletjenesten.no\/index.php?rest_route=\/wp\/v2\/posts\/3153","targetHints":{"allow":["GET"]}}],"collection":[{"href":"https:\/\/oma.skoletjenesten.no\/index.php?rest_route=\/wp\/v2\/posts"}],"about":[{"href":"https:\/\/oma.skoletjenesten.no\/index.php?rest_route=\/wp\/v2\/types\/post"}],"author":[{"embeddable":true,"href":"https:\/\/oma.skoletjenesten.no\/index.php?rest_route=\/wp\/v2\/users\/1"}],"replies":[{"embeddable":true,"href":"https:\/\/oma.skoletjenesten.no\/index.php?rest_route=%2Fwp%2Fv2%2Fcomments&post=3153"}],"version-history":[{"count":14,"href":"https:\/\/oma.skoletjenesten.no\/index.php?rest_route=\/wp\/v2\/posts\/3153\/revisions"}],"predecessor-version":[{"id":3196,"href":"https:\/\/oma.skoletjenesten.no\/index.php?rest_route=\/wp\/v2\/posts\/3153\/revisions\/3196"}],"wp:attachment":[{"href":"https:\/\/oma.skoletjenesten.no\/index.php?rest_route=%2Fwp%2Fv2%2Fmedia&parent=3153"}],"wp:term":[{"taxonomy":"category","embeddable":true,"href":"https:\/\/oma.skoletjenesten.no\/index.php?rest_route=%2Fwp%2Fv2%2Fcategories&post=3153"},{"taxonomy":"post_tag","embeddable":true,"href":"https:\/\/oma.skoletjenesten.no\/index.php?rest_route=%2Fwp%2Fv2%2Ftags&post=3153"}],"curies":[{"name":"wp","href":"https:\/\/api.w.org\/{rel}","templated":true}]}}