{"id":311,"date":"2024-08-29T10:00:39","date_gmt":"2024-08-29T10:00:39","guid":{"rendered":"https:\/\/oma.skoletjenesten.no\/?p=311"},"modified":"2024-12-25T13:04:56","modified_gmt":"2024-12-25T13:04:56","slug":"virtuell-virkelighet-34-24","status":"publish","type":"post","link":"https:\/\/oma.skoletjenesten.no\/?p=311","title":{"rendered":"Virtuell virkelighet 34\/24"},"content":{"rendered":"\n<p><small>Denne spalten het tidligere <em>Alternative fakta<\/em>, som fortsatt er kategori-betegnelsen. I<em> Alternative fakta<\/em> l\u00e5 vekten ofte mer p\u00e5 det alternative enn p\u00e5 fakta. Her i <em>Virtuell virkelighet<\/em> kan vekten&nbsp; ligge mer p\u00e5 det virtuelle enn p\u00e5 virkeligheten.<\/small><\/p>\n\n\n\n<p><small>Navneskiftet ble forklart i <a href=\"http:\/\/ttt.skoletjenesten.no\/alternative-fakta-3-21\/\" target=\"_blank\" rel=\"noreferrer noopener\">siste utgave av Alternative fakta 15. januar 2021<\/a>.<\/small><\/p>\n\n\n\n<hr class=\"wp-block-separator has-alpha-channel-opacity\"\/>\n\n\n<div class=\"wp-block-image is-style-twentytwentyone-border\">\n<figure class=\"alignright size-full\"><img loading=\"lazy\" decoding=\"async\" width=\"323\" height=\"406\" src=\"https:\/\/oma.skoletjenesten.no\/wp-content\/uploads\/2024\/08\/10.jpg\" alt=\"\" class=\"wp-image-317\" srcset=\"https:\/\/oma.skoletjenesten.no\/wp-content\/uploads\/2024\/08\/10.jpg 323w, https:\/\/oma.skoletjenesten.no\/wp-content\/uploads\/2024\/08\/10-239x300.jpg 239w\" sizes=\"auto, (max-width: 323px) 100vw, 323px\" \/><figcaption class=\"wp-element-caption\">Ingen epletyver da Timmy var vakthund.<\/figcaption><\/figure>\n<\/div>\n\n\n<p><strong><em>Vv 1: Epleslang?<\/em><\/strong> Langsets vakthund var for mange \u00e5r siden en collie. Timmy fulgte alle syklister p\u00e5 Gamle Drammensvei med iltre bjeff, og ingen turte \u00e5 pr\u00f8ve seg p\u00e5 \u00e5 h\u00f8ste epler i smug. Slik var det ogs\u00e5  i mange \u00e5r etter at Timmy hadde reist til hundehimmelen. N\u00e5 har virkningen forsvunnet, men s\u00e5 er ikke lenger epleavlingen inntektskilde for eieren, og alle \u2013 s\u00e6rlig bloggens lesere \u2013 er velkommen til \u00e5 forsyne seg. Forel\u00f8pig er nedfallsfrukten mest spisemoden. Den store epleplukkedagen er fortsatt berammet til l\u00f8rdag 21. september.<\/p>\n\n\n\n<p><a href=\"mailto:ttt@skoletjenesten.no?cc=&amp;bcc=&amp;subject=Vv%201\/34&amp;amptarget=\"><em>Kommenter denne notisen<\/em><\/a><\/p>\n\n\n\n<p class=\"has-text-align-center\">\u058e\u058e\u058e<\/p>\n\n\n\n<p id=\"Bryllup\"><strong><em>Vv 2: Bryllup.<\/em><\/strong> Brudeferden i Geiranger \u2013 med bryllup i morgen, l\u00f8rdag \u2013 har medf\u00f8rt mye medieomtale. Bloggeren har selvsagt ikke f\u00e5tt med seg alt, men er noks\u00e5 sikker p\u00e5 at ingen har turt \u00e5 spille den gamle traveren nedenfor. Men bloggeren t\u00f8r!<\/p>\n\n\n\n<figure class=\"wp-block-audio\"><audio controls src=\"https:\/\/oma.skoletjenesten.no\/wp-content\/uploads\/2024\/08\/20_Det-blir-ke-no-bryllup-paa-loerdag_Uten-intro.wav\"><\/audio><\/figure>\n\n\n\n<p><a href=\"mailto:ttt@skoletjenesten.no?cc=&amp;bcc=&amp;subject=Vv%202\/34&amp;amptarget=\"><em>Kommenter denne notisen<\/em><\/a><\/p>\n\n\n\n<p class=\"has-text-align-center\">\u058e\u058e\u058e<\/p>\n\n\n<div class=\"wp-block-image is-style-twentytwentyone-border\">\n<figure class=\"alignright size-full\"><img loading=\"lazy\" decoding=\"async\" width=\"355\" height=\"677\" src=\"https:\/\/oma.skoletjenesten.no\/wp-content\/uploads\/2024\/08\/30_Hoyre-1884Opera-Bilde_2024-08-18_163945_e-avis.aftenposten.no_.png\" alt=\"\" class=\"wp-image-319\" srcset=\"https:\/\/oma.skoletjenesten.no\/wp-content\/uploads\/2024\/08\/30_Hoyre-1884Opera-Bilde_2024-08-18_163945_e-avis.aftenposten.no_.png 355w, https:\/\/oma.skoletjenesten.no\/wp-content\/uploads\/2024\/08\/30_Hoyre-1884Opera-Bilde_2024-08-18_163945_e-avis.aftenposten.no_-157x300.png 157w\" sizes=\"auto, (max-width: 355px) 100vw, 355px\" \/><figcaption class=\"wp-element-caption\">Aftenposten 23. august 1974.<\/figcaption><\/figure>\n<\/div>\n\n\n<p><strong><em>Vv 3: Feiring.<\/em><\/strong> Partiet H\u00f8yre fylte 140 \u00e5r sist s\u00f8ndag. Etter det bloggeren har observert, ble ikke begivenheten feiret like storslagent som 90-\u00e5rs-\u00abjubileet\u00bb.. <\/p>\n\n\n\n<p>.<\/p>\n\n\n\n<p>.<\/p>\n\n\n\n<p>.<\/p>\n\n\n\n<p>.<\/p>\n\n\n\n<p>.<\/p>\n\n\n\n<p>.<\/p>\n\n\n\n<p><\/p>\n\n\n\n<p><a href=\"mailto:ttt@skoletjenesten.no?cc=&amp;bcc=&amp;subject=Vv%203\/34&amp;amptarget=\"><em>Kommenter denne notisen<\/em><\/a><\/p>\n\n\n\n<p class=\"has-text-align-center\">\u058e\u058e\u058e<\/p>\n\n\n\n<p><strong><em>Vv 4: Tekstilspr\u00e5k.<\/em><\/strong> <em>Nylon<\/em> uttales vel av de fleste nordmenn p\u00e5 norsk \u2013 med norsk <em>y<\/em>. <em>Frott\u00e9, <\/em>derimot, uttales p\u00e5 fransk med trykk p\u00e5 <em>\u00e9<\/em>. I f\u00f8lgende replikkveksling uttales begge ord p\u00e5 norsk (med trykket p\u00e5 f\u00f8rste stavelse), s\u00e6rlig det siste, der aksenten er utelatt i henhold til norsk skrivestandard:<br>&#8211; Er det nylon?<br>&#8211; Nei, det er frotte.<\/p>\n\n\n\n<p><a href=\"mailto:ttt@skoletjenesten.no?cc=&amp;bcc=&amp;subject=Vv%204\/34&amp;amptarget=\"><em>Kommenter denne notisen<\/em><\/a><\/p>\n\n\n\n<p class=\"has-text-align-center\">\u058e\u058e\u058e<\/p>\n\n\n<div class=\"wp-block-image is-style-twentytwentyone-border\">\n<figure class=\"alignright size-large\"><a href=\"https:\/\/oma.skoletjenesten.no\/wp-content\/uploads\/2024\/08\/50_IMG_20240826_111153147-scaled.jpg\" target=\"_blank\" rel=\"noreferrer noopener\"><img loading=\"lazy\" decoding=\"async\" width=\"1024\" height=\"768\" src=\"https:\/\/oma.skoletjenesten.no\/wp-content\/uploads\/2024\/08\/50_IMG_20240826_111153147-1024x768.jpg\" alt=\"\" class=\"wp-image-320\" srcset=\"https:\/\/oma.skoletjenesten.no\/wp-content\/uploads\/2024\/08\/50_IMG_20240826_111153147-1024x768.jpg 1024w, https:\/\/oma.skoletjenesten.no\/wp-content\/uploads\/2024\/08\/50_IMG_20240826_111153147-300x225.jpg 300w, https:\/\/oma.skoletjenesten.no\/wp-content\/uploads\/2024\/08\/50_IMG_20240826_111153147-768x576.jpg 768w, https:\/\/oma.skoletjenesten.no\/wp-content\/uploads\/2024\/08\/50_IMG_20240826_111153147-1536x1152.jpg 1536w, https:\/\/oma.skoletjenesten.no\/wp-content\/uploads\/2024\/08\/50_IMG_20240826_111153147-2048x1536.jpg 2048w, https:\/\/oma.skoletjenesten.no\/wp-content\/uploads\/2024\/08\/50_IMG_20240826_111153147-1568x1176.jpg 1568w\" sizes=\"auto, (max-width: 1024px) 100vw, 1024px\" \/><\/a><figcaption class=\"wp-element-caption\">Hvilken skriftgrad har en fyrstikk? Klikk for st\u00f8rre bilde.<\/figcaption><\/figure>\n<\/div>\n\n\n<p><strong><em>Vv 5: Sm\u00e5skala.<\/em><\/strong> En flerspr\u00e5klig bruksanvisning fulgte med tekstilfargen som bloggeren kj\u00f8pte nylig. Ett av spr\u00e5kene var norsk. Bloggeren vet det fordi han har forst\u00f8rrelsesglass. Skriftst\u00f8rrelsen fremg\u00e5r av bildet ved siden av.<\/p>\n\n\n\n<p><a href=\"mailto:ttt@skoletjenesten.no?cc=&amp;bcc=&amp;subject=Vv%205\/34&amp;amptarget=\"><em>Kommenter denne notisen<\/em><\/a><\/p>\n\n\n\n<p class=\"has-text-align-center\">\u058e\u058e\u058e<\/p>\n\n\n\n<p><strong><em>Vv 6: Realisme.<\/em><\/strong> Ukjent opphav: \u00abAt sauene vedtar at alle skal leve av gress, hjelper dem lite hvis ulvene ikke er enige.\u00bb<\/p>\n\n\n\n<p><a href=\"mailto:ttt@skoletjenesten.no?cc=&amp;bcc=&amp;subject=Vv%206\/34&amp;amptarget=\"><em>Kommenter denne notisen<\/em><\/a><\/p>\n\n\n\n<p class=\"has-text-align-center\">\u058e\u058e\u058e<\/p>\n\n\n<div class=\"wp-block-image is-style-twentytwentyone-border\">\n<figure class=\"alignright size-full\"><a href=\"https:\/\/www.document.no\/2024\/01\/16\/fortiden-kommer-tilbake\/\" target=\"_blank\" rel=\"noreferrer noopener\"><img loading=\"lazy\" decoding=\"async\" width=\"777\" height=\"996\" src=\"https:\/\/oma.skoletjenesten.no\/wp-content\/uploads\/2024\/08\/70_Fortiden-kommer-tilbake-\u2013-Document.jpg\" alt=\"\" class=\"wp-image-321\" srcset=\"https:\/\/oma.skoletjenesten.no\/wp-content\/uploads\/2024\/08\/70_Fortiden-kommer-tilbake-\u2013-Document.jpg 777w, https:\/\/oma.skoletjenesten.no\/wp-content\/uploads\/2024\/08\/70_Fortiden-kommer-tilbake-\u2013-Document-234x300.jpg 234w, https:\/\/oma.skoletjenesten.no\/wp-content\/uploads\/2024\/08\/70_Fortiden-kommer-tilbake-\u2013-Document-768x984.jpg 768w\" sizes=\"auto, (max-width: 777px) 100vw, 777px\" \/><\/a><figcaption class=\"wp-element-caption\"><em>Document.no<\/em> 16. januar 2024. Klikk for \u00e5 lese.<\/figcaption><\/figure>\n<\/div>\n\n\n<p id=\"gaza\"><strong><em>Vv 7: Reprise?<\/em><\/strong> I <em>Document<\/em>-kommentaren <em>Fortiden kommer tilbake<\/em> setter Nicolas Kuvung Gaza-krigen inn i et st\u00f8rre tidsperspektiv. Les ogs\u00e5 <a href=\"https:\/\/oma.skoletjenesten.no\/?p=304\" target=\"_blank\" rel=\"noreferrer noopener\"><em>Gaza-krigen: To stemmer<\/em> <\/a>i denne utgaven av bloggen.<\/p>\n\n\n\n<p>.<\/p>\n\n\n\n<p>.<\/p>\n\n\n\n<p>.<\/p>\n\n\n\n<p><a href=\"mailto:ttt@skoletjenesten.no?cc=&amp;bcc=&amp;subject=Vv%207\/34&amp;amptarget=\"><em>Kommenter denne notisen<\/em><\/a><\/p>\n\n\n\n<p class=\"has-text-align-center\">\u058e\u058e\u058e<\/p>\n\n\n<div class=\"wp-block-image is-style-twentytwentyone-border\">\n<figure class=\"alignright size-large\"><img loading=\"lazy\" decoding=\"async\" width=\"576\" height=\"1024\" src=\"https:\/\/oma.skoletjenesten.no\/wp-content\/uploads\/2024\/08\/75_Herrehijab_Kiwi-Kjoerbo_DSC_0001-576x1024.jpg\" alt=\"\" class=\"wp-image-322\" srcset=\"https:\/\/oma.skoletjenesten.no\/wp-content\/uploads\/2024\/08\/75_Herrehijab_Kiwi-Kjoerbo_DSC_0001-576x1024.jpg 576w, https:\/\/oma.skoletjenesten.no\/wp-content\/uploads\/2024\/08\/75_Herrehijab_Kiwi-Kjoerbo_DSC_0001-169x300.jpg 169w, https:\/\/oma.skoletjenesten.no\/wp-content\/uploads\/2024\/08\/75_Herrehijab_Kiwi-Kjoerbo_DSC_0001-768x1365.jpg 768w, https:\/\/oma.skoletjenesten.no\/wp-content\/uploads\/2024\/08\/75_Herrehijab_Kiwi-Kjoerbo_DSC_0001-864x1536.jpg 864w, https:\/\/oma.skoletjenesten.no\/wp-content\/uploads\/2024\/08\/75_Herrehijab_Kiwi-Kjoerbo_DSC_0001-1152x2048.jpg 1152w, https:\/\/oma.skoletjenesten.no\/wp-content\/uploads\/2024\/08\/75_Herrehijab_Kiwi-Kjoerbo_DSC_0001-1568x2788.jpg 1568w, https:\/\/oma.skoletjenesten.no\/wp-content\/uploads\/2024\/08\/75_Herrehijab_Kiwi-Kjoerbo_DSC_0001-scaled.jpg 1440w\" sizes=\"auto, (max-width: 576px) 100vw, 576px\" \/><\/figure>\n<\/div>\n\n\n<p><strong><em>Vv 8: Hijab.<\/em><\/strong> Plagget hijab var mye omtalt i fjor p\u00e5 denne tiden i forbindelse med sinte damer i Iran. Plagget vakte til dels sterke negative reaksjoner. Det samme har man ikke sett n\u00e5r det gjelder herre-hijab (bildet ved siden av), som er stadig oftere \u00e5 se.<\/p>\n\n\n\n<p>.<\/p>\n\n\n\n<p>.<\/p>\n\n\n\n<p>.<\/p>\n\n\n\n<p>.<\/p>\n\n\n\n<p><a href=\"mailto:ttt@skoletjenesten.no?cc=&amp;bcc=&amp;subject=Vv%208\/34&amp;amptarget=\"><em>Kommenter denne notisen<\/em><\/a><\/p>\n\n\n\n<p class=\"has-text-align-center\">\u058e\u058e\u058e<\/p>\n\n\n\n<p><strong><em>Vv 9: Teknisk.<\/em><\/strong> Til opplysning og hjelp for blogglesere som trenger det, bringes her et innslag om fjernsyn i Norge fra Filmavisen i mai 1950.<\/p>\n\n\n\n<figure class=\"wp-block-video\"><video height=\"672\" style=\"aspect-ratio: 894 \/ 672;\" width=\"894\" controls src=\"https:\/\/oma.skoletjenesten.no\/wp-content\/uploads\/2024\/08\/80_Fjernsyn-i-Norge-1950_1950-1005_Filmavisen_.mp4\"><\/video><figcaption class=\"wp-element-caption\">Filmavisen 10. mai 1950.<\/figcaption><\/figure>\n\n\n\n<p><a href=\"mailto:ttt@skoletjenesten.no?cc=&amp;bcc=&amp;subject=Vv%209\/34&amp;amptarget=\"><em>Kommenter denne notisen<\/em><\/a><\/p>\n\n\n\n<div style=\"height:100px\" aria-hidden=\"true\" class=\"wp-block-spacer\"><\/div>\n\n\n\n<hr class=\"wp-block-separator has-alpha-channel-opacity\"\/>\n\n\n\n<p class=\"has-text-align-center\"><em><a href=\"https:\/\/oma.skoletjenesten.no\/?p=216\">Til innholdsliste for denne utgaven<\/a><\/em><\/p>\n","protected":false},"excerpt":{"rendered":"<p>Denne spalten het tidligere Alternative fakta, som fortsatt er kategori-betegnelsen. I Alternative fakta l\u00e5 vekten ofte mer p\u00e5 det alternative enn p\u00e5 fakta. Her i Virtuell virkelighet kan vekten&nbsp; ligge mer p\u00e5 det virtuelle enn p\u00e5 virkeligheten. Navneskiftet ble forklart i siste utgave av Alternative fakta 15. januar 2021. Vv 1: Epleslang? Langsets vakthund var&hellip; <a class=\"more-link\" href=\"https:\/\/oma.skoletjenesten.no\/?p=311\">Fortsett \u00e5 lese <span class=\"screen-reader-text\">Virtuell virkelighet 34\/24<\/span><\/a><\/p>\n","protected":false},"author":1,"featured_media":0,"comment_status":"open","ping_status":"open","sticky":false,"template":"","format":"standard","meta":{"footnotes":""},"categories":[11],"tags":[],"class_list":["post-311","post","type-post","status-publish","format-standard","hentry","category-alternative-fakta","entry"],"_links":{"self":[{"href":"https:\/\/oma.skoletjenesten.no\/index.php?rest_route=\/wp\/v2\/posts\/311","targetHints":{"allow":["GET"]}}],"collection":[{"href":"https:\/\/oma.skoletjenesten.no\/index.php?rest_route=\/wp\/v2\/posts"}],"about":[{"href":"https:\/\/oma.skoletjenesten.no\/index.php?rest_route=\/wp\/v2\/types\/post"}],"author":[{"embeddable":true,"href":"https:\/\/oma.skoletjenesten.no\/index.php?rest_route=\/wp\/v2\/users\/1"}],"replies":[{"embeddable":true,"href":"https:\/\/oma.skoletjenesten.no\/index.php?rest_route=%2Fwp%2Fv2%2Fcomments&post=311"}],"version-history":[{"count":8,"href":"https:\/\/oma.skoletjenesten.no\/index.php?rest_route=\/wp\/v2\/posts\/311\/revisions"}],"predecessor-version":[{"id":1084,"href":"https:\/\/oma.skoletjenesten.no\/index.php?rest_route=\/wp\/v2\/posts\/311\/revisions\/1084"}],"wp:attachment":[{"href":"https:\/\/oma.skoletjenesten.no\/index.php?rest_route=%2Fwp%2Fv2%2Fmedia&parent=311"}],"wp:term":[{"taxonomy":"category","embeddable":true,"href":"https:\/\/oma.skoletjenesten.no\/index.php?rest_route=%2Fwp%2Fv2%2Fcategories&post=311"},{"taxonomy":"post_tag","embeddable":true,"href":"https:\/\/oma.skoletjenesten.no\/index.php?rest_route=%2Fwp%2Fv2%2Ftags&post=311"}],"curies":[{"name":"wp","href":"https:\/\/api.w.org\/{rel}","templated":true}]}}