{"id":3098,"date":"2025-10-17T10:00:21","date_gmt":"2025-10-17T10:00:21","guid":{"rendered":"https:\/\/oma.skoletjenesten.no\/?p=3098"},"modified":"2026-02-05T22:02:35","modified_gmt":"2026-02-05T22:02:35","slug":"virtuell-virkelighet-41-25","status":"publish","type":"post","link":"https:\/\/oma.skoletjenesten.no\/?p=3098","title":{"rendered":"Virtuell virkelighet 41\/25"},"content":{"rendered":"\n<p><small>Denne spalten het tidligere <em>Alternative fakta<\/em>, som fortsatt er kategori-betegnelsen. I<em> Alternative fakta<\/em> l\u00e5 vekten ofte mer p\u00e5 det alternative enn p\u00e5 fakta. Her i <em>Virtuell virkelighet<\/em> kan vekten&nbsp; ligge mer p\u00e5 det virtuelle enn p\u00e5 virkeligheten.<\/small><\/p>\n\n\n\n<p><small>Navneskiftet ble forklart i <a href=\"http:\/\/ttt.skoletjenesten.no\/alternative-fakta-3-21\/\" target=\"_blank\" rel=\"noreferrer noopener\">siste utgave av Alternative fakta 15. januar 2021<\/a>.<\/small><\/p>\n\n\n\n<hr class=\"wp-block-separator has-alpha-channel-opacity\"\/>\n\n\n\n<p><a href=\"#Vv1\" data-type=\"internal\" data-id=\"#Vv1\">1: Sport?<\/a> \u058e\u058e <a href=\"#Vv2\" data-type=\"internal\" data-id=\"#Vv2\">2: Fokus-ordet<\/a> \u058e\u058e <a href=\"#Vv3\" data-type=\"internal\" data-id=\"#Vv3\">3: Omsorg<\/a> \u058e\u058e <a href=\"#Vv4\" data-type=\"internal\" data-id=\"#Vv4\">4: H\u00f8gskole-reklame<\/a> \u058e\u058e <a href=\"#Vv5\" data-type=\"internal\" data-id=\"#Vv5\">5: Kj\u00f8nnspronomen<\/a> \u058e\u058e <a href=\"#Vv6\" data-type=\"internal\" data-id=\"#Vv6\">6: Forkj\u00f8lelseskur?<\/a> \u058e\u058e <a href=\"#Vv7\" data-type=\"internal\" data-id=\"#Vv7\">7: Morsmelk<\/a> \u058e\u058e <a href=\"#Vv8\" data-type=\"internal\" data-id=\"#Vv8\">8: Overhva?<\/a><\/p>\n\n\n\n<hr class=\"wp-block-separator has-alpha-channel-opacity\"\/>\n\n\n\n<p id=\"Vv1\"><strong><em>Vv 1: Sport?<\/em><\/strong> <em>Nju Silen<\/em> var motstanderen da det norske herrelandslaget i fotballsparking spilte landskamp p\u00e5 Ullev\u00e5l sist tirsdag. N\u00e5r resultatet ble uavgjort (1-1), kan grunnen v\u00e6re at Israel lot Norge vinne noen dager f\u00f8r, og at de norske fotballsparkerne etter det var litt h\u00f8ye p\u00e5 seg selv.<\/p>\n\n\n\n<p><a href=\"mailto:ttt@skoletjenesten.no?cc=&amp;bcc=&amp;subject=Vv%201\/42&amp;amptarget=\"><em>Kommenter denne notisen<\/em><\/a><\/p>\n\n\n\n<p class=\"has-text-align-center\">\u058e\u058e\u058e<\/p>\n\n\n\n<p id=\"Vv2\"><strong><em>Vv 2: Fokus-ordet.<\/em><\/strong> Hva mener Abid Raja med ordet <em>fokus<\/em>? Bloggeren sp\u00f8r seg om dette etter \u00e5 ha h\u00f8rt venstrepolitiker Raja uttale seg i forbindelse med at statsbudsjettet for 2026 ble lagt frem i Stortinget<\/p>\n\n\n\n<figure class=\"wp-block-audio\"><audio controls src=\"https:\/\/oma.skoletjenesten.no\/wp-content\/uploads\/2025\/10\/20_Fokus_251015_NRK-AlltiNyheter_AbidRaja_Statsbudsjett-2026.mp3\"><\/audio><figcaption class=\"wp-element-caption\">NRK Alltid Nyheter 15. oktober 2025.<\/figcaption><\/figure>\n\n\n\n<p><a href=\"mailto:ttt@skoletjenesten.no?cc=&amp;bcc=&amp;subject=Vv%202\/42&amp;amptarget=\"><em>Kommenter denne notisen<\/em><\/a><\/p>\n\n\n\n<p class=\"has-text-align-center\">\u058e\u058e\u058e<\/p>\n\n\n\n<p id=\"Vv3\"><strong><em>Vv 3: Omsorg.<\/em><\/strong> Da bloggeren i forrige \u00e5rhundre gjennomf\u00f8rte sine universitetsstudier p\u00e5 Blindern, var Sognsvannsbanen mellom Nationalteatret og Blindernveien en del av transportetappen dit. Dette transportmiddelet mellom universitetsbygningene i sentrum og p\u00e5 Blindern var s\u00e5 h\u00f8yt elsket blant studentene at Realistforeningen skal ha hatt dugnad for \u00e5 strikke skinnevarmer til Sognsvannsbanen.<\/p>\n\n\n\n<p><a href=\"mailto:ttt@skoletjenesten.no?cc=&amp;bcc=&amp;subject=Vv%203\/42&amp;amptarget=\"><em>Kommenter denne notisen<\/em><\/a><\/p>\n\n\n\n<p class=\"has-text-align-center\">\u058e\u058e\u058e<\/p>\n\n\n\n<p id=\"Vv4\"><strong><em>Vv 4: H\u00f8gskole-reklame.<\/em><\/strong> OsloMet har overtatt Frydenlunds Bryggeri. OsloMet er ikke et bryggeri, og har heller ikke noe med meteorologi \u00e5 gj\u00f8re. OsloMet er navnet p\u00e5 H\u00f8gskolen i Oslo. Siden navnet er uforst\u00e5elig, har OsloMet tatt i bruk spesielle metoder for \u00e5 gj\u00f8re det kjent:<\/p>\n\n\n\n<figure class=\"wp-block-video\"><video height=\"738\" style=\"aspect-ratio: 1316 \/ 738;\" width=\"1316\" controls src=\"https:\/\/oma.skoletjenesten.no\/wp-content\/uploads\/2025\/10\/35_OsloMet-Haandgrnat.mp4\"><\/video><figcaption class=\"wp-element-caption\">NRK Kveldsnytt 15. oktober 2025.<\/figcaption><\/figure>\n\n\n\n<p><a href=\"mailto:ttt@skoletjenesten.no?cc=&amp;bcc=&amp;subject=Vv%204\/42&amp;amptarget=\"><em>Kommenter denne notisen<\/em><\/a><\/p>\n\n\n\n<p class=\"has-text-align-center\">\u058e\u058e\u058e<\/p>\n\n\n<div class=\"wp-block-image\">\n<figure class=\"alignright size-full\"><img loading=\"lazy\" decoding=\"async\" width=\"434\" height=\"725\" src=\"https:\/\/oma.skoletjenesten.no\/wp-content\/uploads\/2025\/10\/50_Arbgiver-han_Opera-Bilde_2025-10-10_160958_ttt.skoletjenesten.no_.png\" alt=\"\" class=\"wp-image-3103\" srcset=\"https:\/\/oma.skoletjenesten.no\/wp-content\/uploads\/2025\/10\/50_Arbgiver-han_Opera-Bilde_2025-10-10_160958_ttt.skoletjenesten.no_.png 434w, https:\/\/oma.skoletjenesten.no\/wp-content\/uploads\/2025\/10\/50_Arbgiver-han_Opera-Bilde_2025-10-10_160958_ttt.skoletjenesten.no_-180x300.png 180w\" sizes=\"auto, (max-width: 434px) 100vw, 434px\" \/><figcaption class=\"wp-element-caption\">Aftenposten 17. oktober 1975<\/figcaption><\/figure>\n<\/div>\n\n\n<p id=\"Vv5\"><strong><em>Vv 5: Kj\u00f8nnspronomen.<\/em><\/strong> I sin egenannonse (ved siden av) var Aftenposten i 1975 ikke i tvil om hvilket kj\u00f8nn en arbeidsgiver tilh\u00f8rte. Samtidig fikk avisen dekket et ledig felt under \u00abStilling ledig\u00bb.<\/p>\n\n\n\n<p>.<\/p>\n\n\n\n<p>.<\/p>\n\n\n\n<p>.<\/p>\n\n\n\n<p>.<\/p>\n\n\n\n<p><a href=\"mailto:ttt@skoletjenesten.no?cc=&amp;bcc=&amp;subject=Vv%205\/42&amp;amptarget=\"><em>Kommenter denne notisen<\/em><\/a><\/p>\n\n\n\n<p class=\"has-text-align-center\">\u058e\u058e\u058e<\/p>\n\n\n\n<p id=\"Vv6\"><strong><em>Vv 6: Forkj\u00f8lelseskur?<\/em><\/strong> Bloggeren hadde en l\u00e6rerkollega med fortid som legemiddelkonsulent. Vedkommende sverget til c-vitaminsjokk som kur mot forkj\u00f8lelse. If\u00f8lge <a href=\"https:\/\/www.forskning.no\/ny-hjernen-immunforsvaret\/c-vitamin-hjelper-neppe-mot-forkjolelse\/285425\" data-type=\"link\" data-id=\"https:\/\/www.forskning.no\/ny-hjernen-immunforsvaret\/c-vitamin-hjelper-neppe-mot-forkjolelse\/285425\" target=\"_blank\" rel=\"noreferrer noopener\"><em>forskning.no<\/em><\/a> er det vitenskapelige grunnlaget for kuren tvilsomt<\/p>\n\n\n\n<p><a href=\"mailto:ttt@skoletjenesten.no?cc=&amp;bcc=&amp;subject=Vv%206\/42&amp;amptarget=\"><em>Kommenter denne notisen<\/em><\/a><\/p>\n\n\n\n<p class=\"has-text-align-center\">\u058e\u058e\u058e<\/p>\n\n\n\n<p id=\"Vv7\"><strong><em>Vv 7: Morsmelk.<\/em><\/strong> Sidsel Wold i den skattefinansierte mediekanalen NRK er kanalens spesialist p\u00e5 israelsk innenrikspolitikk. I den anledning opptr\u00e5dte hun i radioprogrammet <em>Helgemorgen<\/em>. Men hun har merkelige teorier om morsmelk, som man kan h\u00f8re av klippet nedenfor. Bloggeren vet hvem som var hennes naturfagl\u00e6rer p\u00e5 ungdomsskolen, og tror neppe det kommer derfra.<\/p>\n\n\n\n<figure class=\"wp-block-audio\"><audio controls src=\"https:\/\/oma.skoletjenesten.no\/wp-content\/uploads\/2025\/10\/70_Morsmelk-gjennom-far_251012_NRK-Helgemorgen_SidselWold_Studiosamtale.mp3\"><\/audio><figcaption class=\"wp-element-caption\">NRK Helgemorgen 12. oktober 2025.<\/figcaption><\/figure>\n\n\n\n<p><a href=\"mailto:ttt@skoletjenesten.no?cc=&amp;bcc=&amp;subject=Vv%207\/42&amp;amptarget=\"><em>Kommenter denne notisen<\/em><\/a><\/p>\n\n\n\n<p class=\"has-text-align-center\">\u058e\u058e\u058e<\/p>\n\n\n\n<p id=\"Vv8\"><strong><em>Vv 8: Overhva?<\/em><\/strong> I forbindelse med alle drone-observasjonene i det siste var justis- og beredskapsminister Astri Aas-Hansen intervjuet i programmet <em>Helgemorgen<\/em> p\u00e5 den skattefinanierte radiokanalen NRK. Er vi trygge med en minister som ikke vet forskjell p\u00e5 <em>\u00e5rv\u00e5kne<\/em> og <em>overv\u00e5kende<\/em>?<\/p>\n\n\n\n<figure class=\"wp-block-audio\"><audio controls src=\"https:\/\/oma.skoletjenesten.no\/wp-content\/uploads\/2025\/10\/80_Aarvaakne-Overvaakende_251001_NRK-Helgemorgen_AstriAasHansen_Studiosamtale.mp3\"><\/audio><figcaption class=\"wp-element-caption\">NRK Helgemorgen 4. oktober 2025.<\/figcaption><\/figure>\n\n\n\n<p><a href=\"mailto:ttt@skoletjenesten.no?cc=&amp;bcc=&amp;subject=Vv%208\/42&amp;amptarget=\"><em>Kommenter denne notisen<\/em><\/a><\/p>\n\n\n\n<hr class=\"wp-block-separator has-alpha-channel-opacity\"\/>\n\n\n\n<p class=\"has-text-align-center\"><em><a href=\"https:\/\/oma.skoletjenesten.no\/?p=3083\">Til innholdsliste for denne utgaven<\/a><\/em><\/p>\n","protected":false},"excerpt":{"rendered":"<p>Denne spalten het tidligere Alternative fakta, som fortsatt er kategori-betegnelsen. I Alternative fakta l\u00e5 vekten ofte mer p\u00e5 det alternative enn p\u00e5 fakta. Her i Virtuell virkelighet kan vekten&nbsp; ligge mer p\u00e5 det virtuelle enn p\u00e5 virkeligheten. Navneskiftet ble forklart i siste utgave av Alternative fakta 15. januar 2021. 1: Sport? \u058e\u058e 2: Fokus-ordet \u058e\u058e&hellip; <a class=\"more-link\" href=\"https:\/\/oma.skoletjenesten.no\/?p=3098\">Fortsett \u00e5 lese <span class=\"screen-reader-text\">Virtuell virkelighet 41\/25<\/span><\/a><\/p>\n","protected":false},"author":1,"featured_media":0,"comment_status":"open","ping_status":"open","sticky":false,"template":"","format":"standard","meta":{"footnotes":""},"categories":[11],"tags":[],"class_list":["post-3098","post","type-post","status-publish","format-standard","hentry","category-alternative-fakta","entry"],"_links":{"self":[{"href":"https:\/\/oma.skoletjenesten.no\/index.php?rest_route=\/wp\/v2\/posts\/3098","targetHints":{"allow":["GET"]}}],"collection":[{"href":"https:\/\/oma.skoletjenesten.no\/index.php?rest_route=\/wp\/v2\/posts"}],"about":[{"href":"https:\/\/oma.skoletjenesten.no\/index.php?rest_route=\/wp\/v2\/types\/post"}],"author":[{"embeddable":true,"href":"https:\/\/oma.skoletjenesten.no\/index.php?rest_route=\/wp\/v2\/users\/1"}],"replies":[{"embeddable":true,"href":"https:\/\/oma.skoletjenesten.no\/index.php?rest_route=%2Fwp%2Fv2%2Fcomments&post=3098"}],"version-history":[{"count":5,"href":"https:\/\/oma.skoletjenesten.no\/index.php?rest_route=\/wp\/v2\/posts\/3098\/revisions"}],"predecessor-version":[{"id":3117,"href":"https:\/\/oma.skoletjenesten.no\/index.php?rest_route=\/wp\/v2\/posts\/3098\/revisions\/3117"}],"wp:attachment":[{"href":"https:\/\/oma.skoletjenesten.no\/index.php?rest_route=%2Fwp%2Fv2%2Fmedia&parent=3098"}],"wp:term":[{"taxonomy":"category","embeddable":true,"href":"https:\/\/oma.skoletjenesten.no\/index.php?rest_route=%2Fwp%2Fv2%2Fcategories&post=3098"},{"taxonomy":"post_tag","embeddable":true,"href":"https:\/\/oma.skoletjenesten.no\/index.php?rest_route=%2Fwp%2Fv2%2Ftags&post=3098"}],"curies":[{"name":"wp","href":"https:\/\/api.w.org\/{rel}","templated":true}]}}