{"id":3036,"date":"2025-10-10T10:02:28","date_gmt":"2025-10-10T10:02:28","guid":{"rendered":"https:\/\/oma.skoletjenesten.no\/?p=3036"},"modified":"2025-10-11T12:19:15","modified_gmt":"2025-10-11T12:19:15","slug":"da-gaza-var-norsk","status":"publish","type":"post","link":"https:\/\/oma.skoletjenesten.no\/?p=3036","title":{"rendered":"Da Gaza var norsk"},"content":{"rendered":"\n<p>Gaza har jeg visst om helt siden 1950-tallet da jeg gikk p\u00e5 folkeskolen. Sannsynligvis har jeg snappet opp nyhetsmeldinger i radioen om <a href=\"https:\/\/snl.no\/United_Nations_Emergency_Force\" data-type=\"link\" data-id=\"https:\/\/snl.no\/United_Nations_Emergency_Force\" target=\"_blank\" rel=\"noreferrer noopener\">Danor-bataljonen<\/a> som FN hadde utstasjonert der i 1956. Senere fikk jeg vite at den lederen som hadde st\u00f8rst betydning for meg i min speidertid, hadde v\u00e6rt presseoffiser i Danor-bataljonen, og da jeg var l\u00e6rer og norske FN-soldater ble sendt til Libanon, fikk jeg l\u00e5ne hans bl\u00e5 FN-hjelm da jeg skulle ha samfunnsfagstime om FN-styrker.<\/p>\n\n\n\n<p>S\u00e5 da Egypts president Nasser nasjonaliserte Suezkanalen (som frem til 1956 var et britisk-fransk foretak) og erkl\u00e6rte FN-styrken u\u00f8nsket i Egypt (Gaza var egyptisk), var dette noe som ber\u00f8rte meg. P\u00e5 en m\u00e5te var det vel som da Norge m\u00e5tte avst\u00e5 J\u00e4mtland og H\u00e4rjedalen til Sverige i 1648.<\/p>\n\n\n\n<p>Fars butikk l\u00e5 bare noen kvartaler fra synagogen i Oslo, og det bodde mange j\u00f8diske familier i str\u00f8ket. De var kunder i butikken, og noen hadde barn p\u00e5 min alder. S\u00e5 da \u00ab<a href=\"https:\/\/snl.no\/seksdagerskrigen\" data-type=\"link\" data-id=\"https:\/\/snl.no\/seksdagerskrigen\" target=\"_blank\" rel=\"noreferrer noopener\">seksdagerskrigen<\/a>\u00bb br\u00f8t ut i juni 1967, var min sympati automatisk p\u00e5 Israels side. Israel var ogs\u00e5 den underlegne part \u2013 i hvert fall i antall.<\/p>\n\n\n\n<p>S\u00f8steren min var opptatt av Wenche Myhre da hun (W.M.) var pop-idol, og et \u00e5r fikk hun (s\u00f8ster) et signert bilde av popstjernen til jul \u2013 noe far hadde skaffet via en av de j\u00f8diske kundene. Om s\u00f8ster bidro til Wenche Myhres barnehospital i Gaza vet jeg ikke. Men jeg fant <a href=\"https:\/\/skoletjenesten.no\/torgeir\/ttt-illustrasjoner\/2018\/05\/1964_NRK_WencheMyhre-i-Gaza_Format-4-3_For-epost.html\" data-type=\"link\" data-id=\"https:\/\/skoletjenesten.no\/torgeir\/ttt-illustrasjoner\/2018\/05\/1964_NRK_WencheMyhre-i-Gaza_Format-4-3_For-epost.html\" target=\"_blank\" rel=\"noreferrer noopener\">filmen<\/a> om overleveringen av hospitalet (1964), og da jeg nylig s\u00e5 den p\u00e5 nytt, ble den utgangspunkt for et grundig google-karts\u00f8k. For filmen viste da store \u00f8rkenomr\u00e5der? Og det ser vi jo ikke i TV-reportasjene fra Gaza i dag. S\u00e5 jeg tok for meg Google Maps, skiftet til satellittbilde og zoomet inn p\u00e5 <a href=\"https:\/\/www.google.no\/maps\/place\/Gaza-stripen\/@31.4069815,34.1979604,43864m\/data=!3m1!1e3!4m15!1m8!3m7!1s0x14fd7f054e542767:0x7ff98dc913046392!2sGaza!3b1!8m2!3d31.5016951!4d34.4668445!16zL20vMGZka2w!3m5!1s0x14fd844104b258a9:0xfddcb14b194be8e7!8m2!3d31.3546763!4d34.3088255!16zL20vMDM1N18?entry=ttu&amp;g_ep=EgoyMDI1MTAwNy4wIKXMDSoASAFQAw%3D%3D\" data-type=\"link\" data-id=\"https:\/\/www.google.no\/maps\/dir\/Sderot,+Israel\/Eilat,+Israel\/@30.536898,33.5167905,360901m\/data=!3m2!1e3!4b1!4m19!4m18!1m10!1m1!1s0x15028152b5bc422b:0x9eca44351ad2130a!2m2!1d34.595581!2d31.522694!3m4!1m2!1d34.7854749!2d30.6911864!3s0x1501f5d35b6e4bcb:0xd35b613d90fb4c81!1m5!1m1!1s0x150071e324795e0b:0xfe1d95f85577f6db!2m2!1d34.951925!2d29.557669!3e0?entry=ttu&amp;g_ep=EgoyMDI1MDkyNC4wIKXMDSoASAFQAw%3D%3D\" target=\"_blank\" rel=\"noreferrer noopener\">Gaza<\/a>. Hvor var de store, \u00e5pne omr\u00e5dene TV-reportasjene ikke viser? De var ikke der. S\u00e5 vidt jeg kunne se av google-bildene, (sikkert tatt f\u00f8r 7. oktober 2023), var omr\u00e5dene mellom byene noks\u00e5 tettbygd.<\/p>\n\n\n\n<p>N\u00e5 har jeg l\u00e6rt meg \u00e5 tvile p\u00e5 Google, s\u00e5 jeg fant (riktignok med hjelp av Google) en bok fra 1961: <em><a href=\"https:\/\/www.nb.no\/items\/URN:NBN:no-nb_digibok_2007032101077?page=3\" data-type=\"link\" data-id=\"https:\/\/www.nb.no\/items\/URN:NBN:no-nb_digibok_2007032101077?page=3\" target=\"_blank\" rel=\"noreferrer noopener\">Fra perm til perm. Med Ola til Gaza<\/a><\/em> (det var jo de norske soldatene \u2013 \u00abOla-guttene \u2013 som <em>var<\/em> Danor-bataljonen, selv om to av de tre gev\u00e6rkompaniene var danske). Boken viste seg \u00e5 v\u00e6re skrevet av Gerd Nyquist, best kjent som forfatter av kriminalromaner. I et kort forord gj\u00f8r hun rede for hvordan hun hadde skaffet seg opplysningene \u2013 hovedsakelig fra sin s\u00f8nn Sverre, som skrev brev hjem fra sin FN-tjeneste i Gaza.<\/p>\n\n\n\n<p>Lest ut fra dagens situasjon har boken mange interessante opplysninger. Jeg merket meg at ordet <em>Palestina<\/em> bare forekommer to-tre steder p\u00e5 de 94 sidene, mens de som bor p\u00e5 Gaza-stripen konsekvent omtales som arabere.<\/p>\n\n\n\n<p>Da norske soldater (og noen danske) voktet Gaza, var det et fredelig omr\u00e5de. N\u00e5 foresl\u00e5r president Donald \u00e5 etablere en midlertidig, internasjonal stabiliseringsstyrke der. Kan det v\u00e6re noe for det norske forsvaret?<\/p>\n\n\n\n<figure class=\"wp-block-embed is-type-video is-provider-youtube wp-block-embed-youtube wp-embed-aspect-4-3 wp-has-aspect-ratio\"><div class=\"wp-block-embed__wrapper\">\n<iframe loading=\"lazy\" title=\"Operasjon L\u00f8vsprett - The Soundtrack.\" width=\"750\" height=\"563\" src=\"https:\/\/www.youtube.com\/embed\/vfcxI7zWJKo?feature=oembed\" frameborder=\"0\" allow=\"accelerometer; autoplay; clipboard-write; encrypted-media; gyroscope; picture-in-picture; web-share\" referrerpolicy=\"strict-origin-when-cross-origin\" allowfullscreen><\/iframe>\n<\/div><figcaption class=\"wp-element-caption\">Operasjon L\u00f8vsprett (1962): Olagutter p\u00e5 repetisjons\u00f8velse.<\/figcaption><\/figure>\n\n\n\n<div style=\"height:100px\" aria-hidden=\"true\" class=\"wp-block-spacer\"><\/div>\n\n\n\n<hr class=\"wp-block-separator has-alpha-channel-opacity\"\/>\n\n\n\n<p class=\"has-text-align-center\"><em><a href=\"https:\/\/oma.skoletjenesten.no\/?p=3039\">Til innholdsliste for denne utgaven<\/a><\/em><\/p>\n","protected":false},"excerpt":{"rendered":"<p>Gaza har jeg visst om helt siden 1950-tallet da jeg gikk p\u00e5 folkeskolen. Sannsynligvis har jeg snappet opp nyhetsmeldinger i radioen om Danor-bataljonen som FN hadde utstasjonert der i 1956. Senere fikk jeg vite at den lederen som hadde st\u00f8rst betydning for meg i min speidertid, hadde v\u00e6rt presseoffiser i Danor-bataljonen, og da jeg var&hellip; <a class=\"more-link\" href=\"https:\/\/oma.skoletjenesten.no\/?p=3036\">Fortsett \u00e5 lese <span class=\"screen-reader-text\">Da Gaza var norsk<\/span><\/a><\/p>\n","protected":false},"author":1,"featured_media":0,"comment_status":"open","ping_status":"open","sticky":false,"template":"","format":"standard","meta":{"footnotes":""},"categories":[1],"tags":[],"class_list":["post-3036","post","type-post","status-publish","format-standard","hentry","category-uncategorized","entry"],"_links":{"self":[{"href":"https:\/\/oma.skoletjenesten.no\/index.php?rest_route=\/wp\/v2\/posts\/3036","targetHints":{"allow":["GET"]}}],"collection":[{"href":"https:\/\/oma.skoletjenesten.no\/index.php?rest_route=\/wp\/v2\/posts"}],"about":[{"href":"https:\/\/oma.skoletjenesten.no\/index.php?rest_route=\/wp\/v2\/types\/post"}],"author":[{"embeddable":true,"href":"https:\/\/oma.skoletjenesten.no\/index.php?rest_route=\/wp\/v2\/users\/1"}],"replies":[{"embeddable":true,"href":"https:\/\/oma.skoletjenesten.no\/index.php?rest_route=%2Fwp%2Fv2%2Fcomments&post=3036"}],"version-history":[{"count":8,"href":"https:\/\/oma.skoletjenesten.no\/index.php?rest_route=\/wp\/v2\/posts\/3036\/revisions"}],"predecessor-version":[{"id":3068,"href":"https:\/\/oma.skoletjenesten.no\/index.php?rest_route=\/wp\/v2\/posts\/3036\/revisions\/3068"}],"wp:attachment":[{"href":"https:\/\/oma.skoletjenesten.no\/index.php?rest_route=%2Fwp%2Fv2%2Fmedia&parent=3036"}],"wp:term":[{"taxonomy":"category","embeddable":true,"href":"https:\/\/oma.skoletjenesten.no\/index.php?rest_route=%2Fwp%2Fv2%2Fcategories&post=3036"},{"taxonomy":"post_tag","embeddable":true,"href":"https:\/\/oma.skoletjenesten.no\/index.php?rest_route=%2Fwp%2Fv2%2Ftags&post=3036"}],"curies":[{"name":"wp","href":"https:\/\/api.w.org\/{rel}","templated":true}]}}