{"id":3034,"date":"2025-10-10T10:03:58","date_gmt":"2025-10-10T10:03:58","guid":{"rendered":"https:\/\/oma.skoletjenesten.no\/?p=3034"},"modified":"2025-10-11T12:48:19","modified_gmt":"2025-10-11T12:48:19","slug":"martell-og-nansen","status":"publish","type":"post","link":"https:\/\/oma.skoletjenesten.no\/?p=3034","title":{"rendered":"Martell og Nansen"},"content":{"rendered":"<div class=\"wp-block-image is-style-twentytwentyone-border\">\n<figure class=\"alignright size-full\"><img loading=\"lazy\" decoding=\"async\" width=\"631\" height=\"654\" src=\"https:\/\/oma.skoletjenesten.no\/wp-content\/uploads\/2025\/10\/Tours-Kart_Opera-Bilde_2025-10-09_225039_www.google.no_.png\" alt=\"\" class=\"wp-image-3050\" srcset=\"https:\/\/oma.skoletjenesten.no\/wp-content\/uploads\/2025\/10\/Tours-Kart_Opera-Bilde_2025-10-09_225039_www.google.no_.png 631w, https:\/\/oma.skoletjenesten.no\/wp-content\/uploads\/2025\/10\/Tours-Kart_Opera-Bilde_2025-10-09_225039_www.google.no_-289x300.png 289w\" sizes=\"auto, (max-width: 631px) 100vw, 631px\" \/><figcaption class=\"wp-element-caption\">Poitiers (ved det r\u00f8de merket).<\/figcaption><\/figure>\n<\/div>\n\n\n<p>For 1293 \u00e5r siden i dag sto <a href=\"https:\/\/no.wikipedia.org\/wiki\/Slaget_ved_Poitiers\" data-type=\"link\" data-id=\"https:\/\/no.wikipedia.org\/wiki\/Slaget_ved_Poitiers\" target=\"_blank\" rel=\"noreferrer noopener\">slaget ved Poitiers<\/a>. Der kjempet en frankisk h\u00e6r ledet av Karl Martell mot en muslimsk invasjonsh\u00e6r ledet av Abdul Rahman Al Ghafiqi. Heldigvis vant frankerne. Historikerne ser ut til \u00e5 v\u00e6re enige om at dette hindret muslimene i \u00e5 overta hele Europa og innf\u00f8re islam der. Norge er en del av Europa, men det er vel tvilsomt om islam ville f\u00e5tt s\u00e6rlig innflytelse i Norge p\u00e5 700-tallet. Vikingene hadde nok holdt seg til sine norr\u00f8ne guder, og muslimene hadde kanskje ikke mye \u00e5 stille opp mot vikingskipene.<\/p>\n\n\n\n<p><a href=\"https:\/\/snl.no\/Fridtjof_Nansen\" data-type=\"link\" data-id=\"https:\/\/snl.no\/Fridtjof_Nansen\">Fridtjof Nansen<\/a> ble f\u00f8dt p\u00e5 dagens dato i 1861. Om hans f\u00f8dsel er det lite \u00e5 finne i samtidige kilder. Men da han d\u00f8de, var det en nasjonal verdensbegivenhet. Og han bisettelse 17. mai 1930 preget feiringen i av nasjonaldagen i Oslo. Nansen ble f\u00f8rst kjent som oppdagelsesreisende og var allerede da vel etablert som naturvitenskapsmann. Hans kjendisstatus \u2013 ogs\u00e5 internasjonalt \u2013 var til nytte i Norges forhandlinger med stormaktene etter unionsoppl\u00f8sningen med Sverige i 1905. P\u00e5 oppdrag fra Nasjonenes Forbund arbeidet Nansen etter 1. verdenskrig for hjelp til krigsfanger og flyktninger og i forbindelse med hungersn\u00f8den i Russland, Ukraina og Armenia. For dette fikk han fredsprisen i 1922.<\/p>\n\n\n\n<p>Komponisten Guiseppe Verdi (1813-1901) ble f\u00f8dt p\u00e5 dagens dato i 1813. Han er best kjent som operakomponist, og da Den Norske Opera tok i bruk sitt nybygg i Bj\u00f8rvika, hadde man til \u00e5pningsprogrammet valgt blant annet slavekoret fra Verdis opera Nebukadnesar \u2013 med arbeiderne fra byggeperioden i koret p\u00e5 scenen.<\/p>\n\n\n\n<p>Thelonious Monk (1917-1982) var ogs\u00e5 f\u00f8dt p\u00e5 dagens dato. En av hans komposisjoner er <em>Round Midnight<\/em>, som helst skal fremf\u00f8res med tekst.<\/p>\n\n\n\n<p>Ikke velg mellom Verdi og Monk nedenfor. H\u00f8r begge!<\/p>\n\n\n\n<div class=\"wp-block-columns is-layout-flex wp-container-core-columns-is-layout-9d6595d7 wp-block-columns-is-layout-flex\">\n<div class=\"wp-block-column is-layout-flow wp-block-column-is-layout-flow\">\n<figure class=\"wp-block-embed is-type-video is-provider-youtube wp-block-embed-youtube wp-embed-aspect-16-9 wp-has-aspect-ratio\"><div class=\"wp-block-embed__wrapper\">\n<iframe loading=\"lazy\" title=\"Opening Gala in Oslo: Slave Chorus from Nabucco\" width=\"750\" height=\"422\" src=\"https:\/\/www.youtube.com\/embed\/-3Qx_oMH62U?feature=oembed\" frameborder=\"0\" allow=\"accelerometer; autoplay; clipboard-write; encrypted-media; gyroscope; picture-in-picture; web-share\" referrerpolicy=\"strict-origin-when-cross-origin\" allowfullscreen><\/iframe>\n<\/div><figcaption class=\"wp-element-caption\">Fra Den norske operas \u00e5pning: Slavekoret (Verdi) fra Nebukadnesar.<\/figcaption><\/figure>\n<\/div>\n\n\n\n<div class=\"wp-block-column is-layout-flow wp-block-column-is-layout-flow\">\n<figure class=\"wp-block-embed is-type-video is-provider-youtube wp-block-embed-youtube wp-embed-aspect-4-3 wp-has-aspect-ratio\"><div class=\"wp-block-embed__wrapper\">\n<iframe loading=\"lazy\" title=\"Ella Fitzgerald - Round Midnight\" width=\"750\" height=\"563\" src=\"https:\/\/www.youtube.com\/embed\/DEaDj6TXiQQ?feature=oembed\" frameborder=\"0\" allow=\"accelerometer; autoplay; clipboard-write; encrypted-media; gyroscope; picture-in-picture; web-share\" referrerpolicy=\"strict-origin-when-cross-origin\" allowfullscreen><\/iframe>\n<\/div><figcaption class=\"wp-element-caption\">Ella Fitzgerald synger <em>Round Midnight<\/em> (Monk), Piano: Oscar Peterson, Bass: Ray Brown, Trommer: Ed Thigpen.<\/figcaption><\/figure>\n<\/div>\n<\/div>\n\n\n\n<hr class=\"wp-block-separator has-alpha-channel-opacity\"\/>\n\n\n\n<p class=\"has-text-align-center\"><em><a href=\"https:\/\/oma.skoletjenesten.no\/?p=3039\">Til innholdsliste for denne utgaven<\/a><\/em><\/p>\n","protected":false},"excerpt":{"rendered":"<p>For 1293 \u00e5r siden i dag sto slaget ved Poitiers. Der kjempet en frankisk h\u00e6r ledet av Karl Martell mot en muslimsk invasjonsh\u00e6r ledet av Abdul Rahman Al Ghafiqi. Heldigvis vant frankerne. Historikerne ser ut til \u00e5 v\u00e6re enige om at dette hindret muslimene i \u00e5 overta hele Europa og innf\u00f8re islam der. Norge er&hellip; <a class=\"more-link\" href=\"https:\/\/oma.skoletjenesten.no\/?p=3034\">Fortsett \u00e5 lese <span class=\"screen-reader-text\">Martell og Nansen<\/span><\/a><\/p>\n","protected":false},"author":1,"featured_media":0,"comment_status":"open","ping_status":"open","sticky":false,"template":"","format":"standard","meta":{"footnotes":""},"categories":[10],"tags":[],"class_list":["post-3034","post","type-post","status-publish","format-standard","hentry","category-dagen-i-dag","entry"],"_links":{"self":[{"href":"https:\/\/oma.skoletjenesten.no\/index.php?rest_route=\/wp\/v2\/posts\/3034","targetHints":{"allow":["GET"]}}],"collection":[{"href":"https:\/\/oma.skoletjenesten.no\/index.php?rest_route=\/wp\/v2\/posts"}],"about":[{"href":"https:\/\/oma.skoletjenesten.no\/index.php?rest_route=\/wp\/v2\/types\/post"}],"author":[{"embeddable":true,"href":"https:\/\/oma.skoletjenesten.no\/index.php?rest_route=\/wp\/v2\/users\/1"}],"replies":[{"embeddable":true,"href":"https:\/\/oma.skoletjenesten.no\/index.php?rest_route=%2Fwp%2Fv2%2Fcomments&post=3034"}],"version-history":[{"count":7,"href":"https:\/\/oma.skoletjenesten.no\/index.php?rest_route=\/wp\/v2\/posts\/3034\/revisions"}],"predecessor-version":[{"id":3082,"href":"https:\/\/oma.skoletjenesten.no\/index.php?rest_route=\/wp\/v2\/posts\/3034\/revisions\/3082"}],"wp:attachment":[{"href":"https:\/\/oma.skoletjenesten.no\/index.php?rest_route=%2Fwp%2Fv2%2Fmedia&parent=3034"}],"wp:term":[{"taxonomy":"category","embeddable":true,"href":"https:\/\/oma.skoletjenesten.no\/index.php?rest_route=%2Fwp%2Fv2%2Fcategories&post=3034"},{"taxonomy":"post_tag","embeddable":true,"href":"https:\/\/oma.skoletjenesten.no\/index.php?rest_route=%2Fwp%2Fv2%2Ftags&post=3034"}],"curies":[{"name":"wp","href":"https:\/\/api.w.org\/{rel}","templated":true}]}}