{"id":3011,"date":"2025-10-03T10:00:48","date_gmt":"2025-10-03T10:00:48","guid":{"rendered":"https:\/\/oma.skoletjenesten.no\/?p=3011"},"modified":"2026-02-05T22:03:04","modified_gmt":"2026-02-05T22:03:04","slug":"virtuell-virkelighet-39-25","status":"publish","type":"post","link":"https:\/\/oma.skoletjenesten.no\/?p=3011","title":{"rendered":"Virtuell virkelighet 39\/25"},"content":{"rendered":"\n<p><small>Denne spalten het tidligere <em>Alternative fakta<\/em>, som fortsatt er kategori-betegnelsen. I<em> Alternative fakta<\/em> l\u00e5 vekten ofte mer p\u00e5 det alternative enn p\u00e5 fakta. Her i <em>Virtuell virkelighet<\/em> kan vekten&nbsp; ligge mer p\u00e5 det virtuelle enn p\u00e5 virkeligheten.<\/small><\/p>\n\n\n\n<p><small>Navneskiftet ble forklart i <a href=\"http:\/\/ttt.skoletjenesten.no\/alternative-fakta-3-21\/\" target=\"_blank\" rel=\"noreferrer noopener\">siste utgave av Alternative fakta 15. januar 2021<\/a>.<\/small><\/p>\n\n\n\n<hr class=\"wp-block-separator has-alpha-channel-opacity\"\/>\n\n\n\n<p><strong><em>Vv 1: Droneplagen-1.<\/em><\/strong> Danmark var plaget av droner rundt flere flyplasser i forrige uke. N\u00e5 har Norge l\u00e5nt ut \u00abkapasiteter\u00bb for \u00e5 beskytte EU-m\u00f8tet i K\u00f8benhavn (det er tydelig at forsvarsministeren ikke lenger kommer fra Senterpartiet). Det sies ikke noe om hva slags \u00abkapasiteter\u00bb som er sendt, men rykter sier at formannen i <em>NJFF leirdue<\/em> ble sett p\u00e5 danskeb\u00e5ten sist helg.<\/p>\n\n\n\n<p><a href=\"mailto:ttt@skoletjenesten.no?cc=&amp;bcc=&amp;subject=Vv%201\/40&amp;amptarget=\"><em>Kommenter denne notisen<\/em><\/a><\/p>\n\n\n\n<p class=\"has-text-align-center\">\u058e\u058e\u058e<\/p>\n\n\n<div class=\"wp-block-image\">\n<figure class=\"alignright size-full\"><a href=\"https:\/\/ttt.skoletjenesten.no\/wp-content\/uploads\/2022\/11\/70_Ubaat1972-11-25_Aftenposten_-_1972-11-25.pdf\" target=\"_blank\" rel=\" noreferrer noopener\"><img loading=\"lazy\" decoding=\"async\" width=\"607\" height=\"794\" src=\"https:\/\/oma.skoletjenesten.no\/wp-content\/uploads\/2025\/10\/20_Ubaatx2_OK_Opera-Bilde_2025-10-03_160608_ttt.skoletjenesten.no_.jpg\" alt=\"\" class=\"wp-image-3028\" srcset=\"https:\/\/oma.skoletjenesten.no\/wp-content\/uploads\/2025\/10\/20_Ubaatx2_OK_Opera-Bilde_2025-10-03_160608_ttt.skoletjenesten.no_.jpg 607w, https:\/\/oma.skoletjenesten.no\/wp-content\/uploads\/2025\/10\/20_Ubaatx2_OK_Opera-Bilde_2025-10-03_160608_ttt.skoletjenesten.no_-229x300.jpg 229w\" sizes=\"auto, (max-width: 607px) 100vw, 607px\" \/><\/a><figcaption class=\"wp-element-caption\">Aftenposten aften 25. november 1972,  Yo ub\u00e5t-oppslag. Klikk tor \u00e5 lese.<\/figcaption><\/figure>\n<\/div>\n\n\n<p><strong><em>Vv 2: <strong>Droneplagen-2-<\/strong><\/em><\/strong> For 55 \u00e5r siden var det <a href=\"https:\/\/ttt.skoletjenesten.no\/krenking-av-sovjetisk-luftrom\/#submaline\" data-type=\"link\" data-id=\"https:\/\/ttt.skoletjenesten.no\/krenking-av-sovjetisk-luftrom\/#submaline\" target=\"_blank\" rel=\"noreferrer noopener\">ub\u00e5ter<\/a>. N\u00e5 er det droner. De f\u00f8rste skjulte seg under vann, dronene operer n\u00e5r det er m\u00f8rk (men med lys??). Begge var\/er antatt fiendtlige og slapp\/slipper unna.<\/p>\n\n\n\n<p>.<\/p>\n\n\n\n<p>.<\/p>\n\n\n\n<p>.<\/p>\n\n\n\n<p>.<\/p>\n\n\n\n<p class=\"has-text-align-center\">\u058e\u058e\u058e<\/p>\n\n\n\n<p><strong><em>Vv 3: Historisk?<\/em><\/strong> President Donald i Sambandsstatene har lansert en plan for den videre driften av Gaza. Han omtalte planen som \u00abdet viktigste som har skjedd i omr\u00e5det p\u00e5 flere tusen \u00e5r\u00bb. Sannsynligvis har han hatt i tankene det israelittiske konged\u00f8mmet som if\u00f8lge <a href=\"https:\/\/no.wikipedia.org\/wiki\/Oldtidens_Israels_og_Judeas_historie#Historie\" data-type=\"link\" data-id=\"https:\/\/no.wikipedia.org\/wiki\/Oldtidens_Israels_og_Judeas_historie#Historie\" target=\"_blank\" rel=\"noreferrer noopener\">Wikipedia<\/a> var etablert omtrent 1000 f. Kr..<\/p>\n\n\n\n<p><a href=\"mailto:ttt@skoletjenesten.no?cc=&amp;bcc=&amp;subject=Vv%202\/40&amp;amptarget=\"><em>Kommenter denne notisen<\/em><\/a><\/p>\n\n\n\n<p class=\"has-text-align-center\">\u058e\u058e\u058e<\/p>\n\n\n\n<figure class=\"wp-block-video alignright\"><video controls src=\"https:\/\/oma.skoletjenesten.no\/wp-content\/uploads\/2024\/11\/40_40_Stable-genius_Corona-negative_For-epost.mp4\"><\/video><figcaption class=\"wp-element-caption\">President Donald i forrige presidentperiode \u2013 etter at han var erkl\u00e6rt covid-negativ. <\/figcaption><\/figure>\n\n\n\n<p><strong><em>Vv 4: Beskjedenhet.<\/em><\/strong> Det er r\u00f8rende \u00e5 se hvor beskjeden president Donald er p\u00e5 egne vegne. Se bare p\u00e5 klippet ved siden av fra hans forrige presidentperiode, da han ble rammet av covid, fikk behandling og ble erkl\u00e6rt covid-negativ.<\/p>\n\n\n\n<p><a href=\"mailto:ttt@skoletjenesten.no?cc=&amp;bcc=&amp;subject=Vv%203\/40&amp;amptarget=\"><em>Kommenter denne notisen<\/em><\/a><\/p>\n\n\n\n<p class=\"has-text-align-center\">\u058e\u058e\u058e<\/p>\n\n\n\n<p><strong><em>Vv 5: KI-1.<\/em><\/strong> Den skattefinansierte radiokanalen NRK bruker kunstig intelligens til \u00e5 lese oversettelser (nedenfor). Det er sannsynligvis bare begynnelsen. Som kjent har ingen av radiokanalens utenrikskorrespondenter noe studio,, men sender sine reportasjer fra et tilfeldig sted p\u00e5 gaten eller \u2013 som i Moskva \u2013 fra balkongen utenfor kontoret. Hensikten med dette er \u00e5 kamuflere korrespondentens stemme n\u00e5r den p\u00e5 sikt blir erstattet av kunstig intelligens.<\/p>\n\n\n\n<figure class=\"wp-block-audio\"><audio controls src=\"https:\/\/oma.skoletjenesten.no\/wp-content\/uploads\/2025\/10\/50_NRK-Talemaskin-Eksempel.mp3\"><\/audio><figcaption class=\"wp-element-caption\">NRK Alltid nyheter 1. oktober 2025.<\/figcaption><\/figure>\n\n\n\n<p><a href=\"mailto:ttt@skoletjenesten.no?cc=&amp;bcc=&amp;subject=Vv%204\/40&amp;amptarget=\"><em>Kommenter denne notisen<\/em><\/a><\/p>\n\n\n\n<p class=\"has-text-align-center\">\u058e\u058e\u058e<\/p>\n\n\n\n<p><strong><em>Vv-6: KI-2<\/em><\/strong> P\u00e5 skattebetalernes regning bor NRKs Yama Wolasmal for tiden i Beirut som korrespondent. Eller gj\u00f8r han det? Som Moskva-korrespondenten har han en fast utend\u00f8rsbakgrunn for sine reportasjer. Kanskje han er den f\u00f8rste korrespondenten som er blitt erstattet av kunstig intelligens? Det kan v\u00e6re grunnen til at hans s\u00f8ster, Ayesha, som har deltatt i noen NRK-programmer, blir presentert der med navn, men uten at slektskapet med NRK-medarbeideren blir oppgitt.<\/p>\n\n\n\n<p><a href=\"mailto:ttt@skoletjenesten.no?cc=&amp;bcc=&amp;subject=Vv%205\/40&amp;amptarget=\"><em>Kommenter denne notisen<\/em><\/a><\/p>\n\n\n\n<p class=\"has-text-align-center\">\u058e\u058e\u058e<\/p>\n\n\n\n<p><strong><em>Vv 7: Str\u00f8mpris-1.<\/em><\/strong> Bloggeren tilh\u00f8rer det store flertallet (ca 80% if\u00f8lge nyhetsmeldinger) som ikke har inng\u00e5tt avtale om norgespris for str\u00f8m. 40 \u00f8re pr. kilowatt-time er ikke s\u00e5 billig n\u00e5r produksjonsprisen er cirka 13 \u00f8re. Dessuten skal mva og nettleie legges til. Og bloggeren, som har reservert seg mot digital kontakt med det offentlige, lurer p\u00e5 hvordan han eventuelt skulle ha bestilt dette produktet.<\/p>\n\n\n\n<p><a href=\"mailto:ttt@skoletjenesten.no?cc=&amp;bcc=&amp;subject=Vv%206\/40&amp;amptarget=\"><em>Kommenter denne notisen<\/em><\/a><\/p>\n\n\n\n<p class=\"has-text-align-center\">\u058e\u058e\u058e<\/p>\n\n\n\n<p><strong><em>Vv 8: <strong>Str\u00f8mpris-2.<\/strong><\/em><\/strong> For en spr\u00e5knerd som bloggeren byr skrivem\u00e5ten av produktet nevnt i forrige notis (Vv-7) p\u00e5 utfordringer. Etter gjeldende regler skal det enten v\u00e6re <em>norgespris<\/em> (i ett ord, med liten forbokstav som i vanlige substantiver) eller Norges-pris (med bindestrek og stor forbokstav i Norge). De tre stedene bloggeren har unders\u00f8kt, <em>elhub.no<\/em> (som administrerer ordningen), <em>Store norske leksikon<\/em> og <em>Wikipedia<\/em>, skriver derimot alle Norgespris (i ett ord og med stor forbokstav). Det kan v\u00e6re etter m\u00f8nster fra Norgesplaster, som imidlertid er et firmanavn og derfor \u2013 som egennavn \u2013 skal skrives med stor forbokstav.<\/p>\n\n\n\n<p><a href=\"mailto:ttt@skoletjenesten.no?cc=&amp;bcc=&amp;subject=Vv%207\/40&amp;amptarget=\"><em>Kommenter denne notisen<\/em><\/a><\/p>\n\n\n\n<p class=\"has-text-align-center\">\u058e\u058e\u058e<\/p>\n\n\n\n<p><strong><em>Vv 9: Omsetjing.<\/em><\/strong> Bloggaren trur at teksten nedanfor er omsett fr\u00e5 bokm\u00e5l til nynorsk \u2013 av ein bokm\u00e5lsbrukar. <em>Tilgjengelegheit<\/em> er i alle fall eit ord han ikke synest kling godt p\u00e5 nynorsk. Det gjer heller ikkje <em>nyheiter<\/em> \u2013 jamvel om den skattefinansierte kanalvertinna Yasmin Syed seier det p\u00e5 Telemarks-dialekt.<\/p>\n\n\n<div class=\"wp-block-image\">\n<figure class=\"aligncenter size-full\"><img loading=\"lazy\" decoding=\"async\" width=\"475\" height=\"250\" src=\"https:\/\/oma.skoletjenesten.no\/wp-content\/uploads\/2025\/10\/80_Helsenorge-Nynorsk_Opera-Bilde_2025-09-21_132702_tjenester.helsenorge.no_.png\" alt=\"\" class=\"wp-image-3018\" srcset=\"https:\/\/oma.skoletjenesten.no\/wp-content\/uploads\/2025\/10\/80_Helsenorge-Nynorsk_Opera-Bilde_2025-09-21_132702_tjenester.helsenorge.no_.png 475w, https:\/\/oma.skoletjenesten.no\/wp-content\/uploads\/2025\/10\/80_Helsenorge-Nynorsk_Opera-Bilde_2025-09-21_132702_tjenester.helsenorge.no_-300x158.png 300w\" sizes=\"auto, (max-width: 475px) 100vw, 475px\" \/><figcaption class=\"wp-element-caption\">Meny p\u00e5 <em>helsenorge.no<\/em>.<\/figcaption><\/figure>\n<\/div>\n\n\n<p><a href=\"mailto:ttt@skoletjenesten.no?cc=&amp;bcc=&amp;subject=Vv%209\/40&amp;amptarget=\"><em>Kommenter denne notisen<\/em><\/a><\/p>\n\n\n\n<div style=\"height:100px\" aria-hidden=\"true\" class=\"wp-block-spacer\"><\/div>\n\n\n\n<hr class=\"wp-block-separator has-alpha-channel-opacity\"\/>\n\n\n\n<p class=\"has-text-align-center\"><em><a href=\"https:\/\/oma.skoletjenesten.no\/?p=3000\">Til innholdsliste for denne utgaven<\/a><\/em><\/p>\n","protected":false},"excerpt":{"rendered":"<p>Denne spalten het tidligere Alternative fakta, som fortsatt er kategori-betegnelsen. I Alternative fakta l\u00e5 vekten ofte mer p\u00e5 det alternative enn p\u00e5 fakta. Her i Virtuell virkelighet kan vekten&nbsp; ligge mer p\u00e5 det virtuelle enn p\u00e5 virkeligheten. Navneskiftet ble forklart i siste utgave av Alternative fakta 15. januar 2021. Vv 1: Droneplagen-1. Danmark var plaget&hellip; <a class=\"more-link\" href=\"https:\/\/oma.skoletjenesten.no\/?p=3011\">Fortsett \u00e5 lese <span class=\"screen-reader-text\">Virtuell virkelighet 39\/25<\/span><\/a><\/p>\n","protected":false},"author":1,"featured_media":0,"comment_status":"open","ping_status":"open","sticky":false,"template":"","format":"standard","meta":{"footnotes":""},"categories":[11],"tags":[],"class_list":["post-3011","post","type-post","status-publish","format-standard","hentry","category-alternative-fakta","entry"],"_links":{"self":[{"href":"https:\/\/oma.skoletjenesten.no\/index.php?rest_route=\/wp\/v2\/posts\/3011","targetHints":{"allow":["GET"]}}],"collection":[{"href":"https:\/\/oma.skoletjenesten.no\/index.php?rest_route=\/wp\/v2\/posts"}],"about":[{"href":"https:\/\/oma.skoletjenesten.no\/index.php?rest_route=\/wp\/v2\/types\/post"}],"author":[{"embeddable":true,"href":"https:\/\/oma.skoletjenesten.no\/index.php?rest_route=\/wp\/v2\/users\/1"}],"replies":[{"embeddable":true,"href":"https:\/\/oma.skoletjenesten.no\/index.php?rest_route=%2Fwp%2Fv2%2Fcomments&post=3011"}],"version-history":[{"count":9,"href":"https:\/\/oma.skoletjenesten.no\/index.php?rest_route=\/wp\/v2\/posts\/3011\/revisions"}],"predecessor-version":[{"id":3031,"href":"https:\/\/oma.skoletjenesten.no\/index.php?rest_route=\/wp\/v2\/posts\/3011\/revisions\/3031"}],"wp:attachment":[{"href":"https:\/\/oma.skoletjenesten.no\/index.php?rest_route=%2Fwp%2Fv2%2Fmedia&parent=3011"}],"wp:term":[{"taxonomy":"category","embeddable":true,"href":"https:\/\/oma.skoletjenesten.no\/index.php?rest_route=%2Fwp%2Fv2%2Fcategories&post=3011"},{"taxonomy":"post_tag","embeddable":true,"href":"https:\/\/oma.skoletjenesten.no\/index.php?rest_route=%2Fwp%2Fv2%2Ftags&post=3011"}],"curies":[{"name":"wp","href":"https:\/\/api.w.org\/{rel}","templated":true}]}}