{"id":3002,"date":"2025-10-03T10:03:14","date_gmt":"2025-10-03T10:03:14","guid":{"rendered":"https:\/\/oma.skoletjenesten.no\/?p=3002"},"modified":"2025-10-06T20:36:49","modified_gmt":"2025-10-06T20:36:49","slug":"redusert-europakart-og-ekspansiv-musikk","status":"publish","type":"post","link":"https:\/\/oma.skoletjenesten.no\/?p=3002","title":{"rendered":"Redusert europakart og ekspansiv musikk"},"content":{"rendered":"\n<p>For 35 \u00e5r siden i dag forsvant ett land fra europakartet. Det skjedde da <a href=\"https:\/\/snl.no\/DDR\" data-type=\"link\" data-id=\"https:\/\/snl.no\/DDR\" target=\"_blank\" rel=\"noreferrer noopener\">Vest-og \u00d8st-Tyskland<\/a> (det siste egentlig Den tyske demokratiske republikk, DDR) ble (gjen)forent til Tyskland. Samme \u00e5r \u2013 og uten at det n\u00f8dvendigvis hadde noen sammenheng \u2013 betalte Tyskland siste avdrag p\u00e5 erstatningen etter <em>1. verdenskrig<\/em> (1914- 18). Det er mulig at den ganske harde krigserstatningen og andre forhold som skulle straffe Tyskland etter 1. verdenskrig, var medvirkende til at det ble en 2. verdenskrig med etterf\u00f8lgende deling av Tyskland.<\/p>\n\n\n\n<p>Hvis det ikke hadde blitt noen 2. verdenskrig, ville Finnmark og Nord-Troms ha unng\u00e5tt \u00f8deleggelsene da den tyske okkupasjonsmakten trakk seg tilbake til Lyngen-linjen. Hitlers ordre om dette ble gitt p\u00e5 dagens dato i 1944. Mer om den brente jords taktikk og Lyngen-linjen i innlegget <em><a href=\"https:\/\/torgeirs-tanker.skoletjenesten.no\/nordlig-krig\" data-type=\"link\" data-id=\"https:\/\/torgeirs-tanker.skoletjenesten.no\/nordlig-krig\" target=\"_blank\" rel=\"noreferrer noopener\">Nordlig krig<\/a><\/em> fra oktober 2022.<\/p>\n\n\n\n<p>K\u00e5re Willoch (1928-2021) ville ha fylt 97 \u00e5r i dag. Han var statsminister i Norge fra 1981 til 1986. H\u00f8yremannen Willoch var en skarp debattant, men jeg synes det sier mye om hans romslighet at datteren Cecilie stilte til studenttingsvalg p\u00e5 liste for Sosialistisk front. Ellers har jeg sagt mye pent om <a href=\"https:\/\/ttt.skoletjenesten.no\/kare-willoch-90-moderniserte-norge-og-er-fortsatt-moderne\" data-type=\"link\" data-id=\"https:\/\/ttt.skoletjenesten.no\/kare-willoch-90-moderniserte-norge-og-er-fortsatt-moderne\" target=\"_blank\" rel=\"noreferrer noopener\">K\u00e5re Willoch<\/a> i bloggens omtale av ham da han hadde fylt 90 \u00e5r i i 2018.<\/p>\n\n\n\n<p>Den danske komponisten <a href=\"https:\/\/snl.no\/Carl_Nielsen_-_komponist\" data-type=\"link\" data-id=\"https:\/\/snl.no\/Carl_Nielsen_-_komponist\" target=\"_blank\" rel=\"noreferrer noopener\">Carl Nielsen<\/a> (1865-1931) d\u00f8de p\u00e5 dagens dato i 1931. Hans <em>Sinfonia espensiva<\/em> var en gledelig overraskelse p\u00e5 en av ungdomskonsertene i Aulaen da jeg gikk p\u00e5 gymnaset, og LPen \u2013 innkj\u00f8pt i K\u00f8benhavn p\u00e5 hjemreise fra speiderleir i Sverige \u2013 st\u00e5r i min platesamling.<\/p>\n\n\n\n<figure class=\"wp-block-embed is-type-video is-provider-youtube wp-block-embed-youtube wp-embed-aspect-4-3 wp-has-aspect-ratio\"><div class=\"wp-block-embed__wrapper\">\n<iframe loading=\"lazy\" title=\"Nielsen : Symphony No.3 &quot;Sinfonia Espansiva&quot;\" width=\"750\" height=\"563\" src=\"https:\/\/www.youtube.com\/embed\/40-1Ww-uXJk?feature=oembed\" frameborder=\"0\" allow=\"accelerometer; autoplay; clipboard-write; encrypted-media; gyroscope; picture-in-picture; web-share\" referrerpolicy=\"strict-origin-when-cross-origin\" allowfullscreen><\/iframe>\n<\/div><\/figure>\n\n\n\n<div style=\"height:100px\" aria-hidden=\"true\" class=\"wp-block-spacer\"><\/div>\n\n\n\n<hr class=\"wp-block-separator has-alpha-channel-opacity\"\/>\n\n\n\n<p class=\"has-text-align-center\"><em><a href=\"https:\/\/oma.skoletjenesten.no\/?p=3000\">Til innholdsliste for denne utgaven<\/a><\/em><\/p>\n\n\n\n<p><\/p>\n","protected":false},"excerpt":{"rendered":"<p>For 35 \u00e5r siden i dag forsvant ett land fra europakartet. Det skjedde da Vest-og \u00d8st-Tyskland (det siste egentlig Den tyske demokratiske republikk, DDR) ble (gjen)forent til Tyskland. Samme \u00e5r \u2013 og uten at det n\u00f8dvendigvis hadde noen sammenheng \u2013 betalte Tyskland siste avdrag p\u00e5 erstatningen etter 1. verdenskrig (1914- 18). Det er mulig at&hellip; <a class=\"more-link\" href=\"https:\/\/oma.skoletjenesten.no\/?p=3002\">Fortsett \u00e5 lese <span class=\"screen-reader-text\">Redusert europakart og ekspansiv musikk<\/span><\/a><\/p>\n","protected":false},"author":1,"featured_media":0,"comment_status":"open","ping_status":"open","sticky":false,"template":"","format":"standard","meta":{"footnotes":""},"categories":[1],"tags":[],"class_list":["post-3002","post","type-post","status-publish","format-standard","hentry","category-uncategorized","entry"],"_links":{"self":[{"href":"https:\/\/oma.skoletjenesten.no\/index.php?rest_route=\/wp\/v2\/posts\/3002","targetHints":{"allow":["GET"]}}],"collection":[{"href":"https:\/\/oma.skoletjenesten.no\/index.php?rest_route=\/wp\/v2\/posts"}],"about":[{"href":"https:\/\/oma.skoletjenesten.no\/index.php?rest_route=\/wp\/v2\/types\/post"}],"author":[{"embeddable":true,"href":"https:\/\/oma.skoletjenesten.no\/index.php?rest_route=\/wp\/v2\/users\/1"}],"replies":[{"embeddable":true,"href":"https:\/\/oma.skoletjenesten.no\/index.php?rest_route=%2Fwp%2Fv2%2Fcomments&post=3002"}],"version-history":[{"count":5,"href":"https:\/\/oma.skoletjenesten.no\/index.php?rest_route=\/wp\/v2\/posts\/3002\/revisions"}],"predecessor-version":[{"id":3026,"href":"https:\/\/oma.skoletjenesten.no\/index.php?rest_route=\/wp\/v2\/posts\/3002\/revisions\/3026"}],"wp:attachment":[{"href":"https:\/\/oma.skoletjenesten.no\/index.php?rest_route=%2Fwp%2Fv2%2Fmedia&parent=3002"}],"wp:term":[{"taxonomy":"category","embeddable":true,"href":"https:\/\/oma.skoletjenesten.no\/index.php?rest_route=%2Fwp%2Fv2%2Fcategories&post=3002"},{"taxonomy":"post_tag","embeddable":true,"href":"https:\/\/oma.skoletjenesten.no\/index.php?rest_route=%2Fwp%2Fv2%2Ftags&post=3002"}],"curies":[{"name":"wp","href":"https:\/\/api.w.org\/{rel}","templated":true}]}}