{"id":299,"date":"2024-08-29T10:02:26","date_gmt":"2024-08-29T10:02:26","guid":{"rendered":"https:\/\/oma.skoletjenesten.no\/?p=299"},"modified":"2024-08-30T14:49:19","modified_gmt":"2024-08-30T14:49:19","slug":"dikt-skulptur-og-ddt","status":"publish","type":"post","link":"https:\/\/oma.skoletjenesten.no\/?p=299","title":{"rendered":"Dikt, skulptur og DDT"},"content":{"rendered":"\n<p>En forening og to personer er knyttet til dagens dato.<\/p>\n\n\n<div class=\"wp-block-image\">\n<figure class=\"alignright size-full\"><a href=\"http:\/\/torgeirs-tanker.skoletjenesten.no\/wp-content\/uploads\/2024\/08\/Aftenposten%2030.%20desember%201909.pdf\" target=\"_blank\" rel=\"noreferrer noopener\"><img loading=\"lazy\" decoding=\"async\" width=\"609\" height=\"810\" src=\"https:\/\/oma.skoletjenesten.no\/wp-content\/uploads\/2024\/08\/Aftenposten_Hundreaarsfesten_1909-1230_Forside.jpg\" alt=\"\" class=\"wp-image-300\" srcset=\"https:\/\/oma.skoletjenesten.no\/wp-content\/uploads\/2024\/08\/Aftenposten_Hundreaarsfesten_1909-1230_Forside.jpg 609w, https:\/\/oma.skoletjenesten.no\/wp-content\/uploads\/2024\/08\/Aftenposten_Hundreaarsfesten_1909-1230_Forside-226x300.jpg 226w\" sizes=\"auto, (max-width: 609px) 100vw, 609px\" \/><\/a><figcaption class=\"wp-element-caption\">Aftenposten (30. desember 1909) brukte nesten halve forsiden og mye av side 2 p\u00e5 omtale av 100-\u00e5rsfesten for Norges Vel. Klikk p\u00e5 forsiden ovenfor for \u00e5 lese eller les <a href=\"https:\/\/dev.lokalhistoriewiki.no\/index.php?title=Gamle_Logen_(Oslo)&amp;mobileaction=toggle_view_desktop#100-%C3%A5rfest_for_Selskabet_for_Norges_Vel_29._desember_1909\" target=\"_blank\" rel=\"noreferrer noopener\"><em>lokalhistoriewiki<\/em>s omtale<\/a> av festen..<\/figcaption><\/figure>\n<\/div>\n\n\n<p> <em>Selskapet til Norges Vel<\/em> ble stiftet i 1809 og eksisterer fortsatt, n\u00e5 med det kortere navnet <em><a href=\"https:\/\/www.norgesvel.no\/om-norges-vel\" target=\"_blank\" rel=\"noreferrer noopener\">Norges vel<\/a><\/em>. Selv forbinder jeg Selskapet med <a href=\"https:\/\/dikt.org\/Kantate_ved_hundre\u00e5rs-f\u00f8sten_for_&quot;norges_vel&quot;.\" data-type=\"link\" data-id=\"https:\/\/dikt.org\/Kantate_ved_hundre\u00e5rs-f\u00f8sten_for_&quot;norges_vel&quot;.\" target=\"_blank\" rel=\"noreferrer noopener\">Bj\u00f8rnsons dikt<\/a> <em>Kantate ved hundre\u00e5rsf\u00e6sten for Norges Vel<\/em>. Han begynner diktet med et sp\u00f8rsm\u00e5l: \u00abEn bygd i v\u00e5r \/ har du sett den n\u00e5r \/ uten regn den st\u00e5r?\u00bb S\u00e5 f\u00f8lger en beskrivelse av t\u00f8rke og av det livgivende regnet som endelig kommer. I siste halvdel av diktet sammenlikner Bj\u00f8rnson Selskapet for Norges vel med det livgivende regnet, og forteller om alt det nyttige som Selskapet har gjort. F\u00f8rste halvdel av diktet er avgjort mer lyrisk enn siste halvdel. I sort\/hvitt-fjernsynets tid s\u00e5 jeg litteraturprofessor Francis Bull fremf\u00f8re Kantate \u2026, noe jeg skrev om <a href=\"https:\/\/ttt.skoletjenesten.no\/ord-og-musikk-om-vann\/\" target=\"_blank\" rel=\"noreferrer noopener\">her i bloggen for seks \u00e5r siden<\/a>.<\/p>\n\n\n\n<p>Den britiske skulpt\u00f8ren Antony Gormley har f\u00f8dselsdag i dag; han fyller 74 \u00e5r. Monumentet til minne om deporterte norske j\u00f8der (utenfor Akershus festning) er hans verk. Det var nevnt her i bloggen i innlegget <em><a href=\"https:\/\/torgeirs-tanker.skoletjenesten.no\/80-ar-siden-donau\/\" target=\"_blank\" rel=\"noreferrer noopener\">80 \u00e5r siden DONAU<\/a><\/em>. En grundigere beskrivelse av monumentet st\u00e5r p\u00e5 <a href=\"https:\/\/torgeirs-tanker.skoletjenesten.no\/80-ar-siden-donau\/\" target=\"_blank\" rel=\"noreferrer noopener\">HL-senterets nettsider<\/a>.<\/p>\n\n\n\n<figure class=\"wp-block-video alignright\"><video height=\"672\" style=\"aspect-ratio: 894 \/ 672;\" width=\"894\" controls src=\"https:\/\/oma.skoletjenesten.no\/wp-content\/uploads\/2024\/08\/DDTsproyting-1950_1950-0525_Filmavisen.mp4\"><\/video><figcaption class=\"wp-element-caption\">Snar\u00f8ya-beboerne spr\u00f8ytet med DDT mot plagsom mygg i 1950 (er det mygg der n\u00e5?). Klikk for \u00e5 se innslaget fra Filmavisen 25. mai 1950.<\/figcaption><\/figure>\n\n\n\n<p>S\u00e5 er det 50 \u00e5r i dag siden Gro Harlem Brundtland kom inn i regjeringen \u2013 som milj\u00f8vernminister. I redskapsboden her p\u00e5 bruket hadde vi en kanne med <a href=\"https:\/\/sml.snl.no\/DDT_-_diklordifenyltrikloretan\" target=\"_blank\" rel=\"noreferrer noopener\">DDT-pulver<\/a>. P\u00e5 den hadde far hengt en h\u00e5ndskrevet lapp, det er det sto: \u00abM\u00e5 ikke brukes f\u00f8r Gro Harlem Brundtland har sagt at det er i orden\u00bb. Det sa hun aldri, men jeg brukte likevel pulveret til \u00e5 ta knekken p\u00e5 et vepsebol p\u00e5 loftet her i sidebygningen. Det har ikke v\u00e6rt veps der senere.<\/p>\n\n\n\n<hr class=\"wp-block-separator has-alpha-channel-opacity\"\/>\n\n\n\n<p class=\"has-text-align-center\"><em><a href=\"https:\/\/oma.skoletjenesten.no\/?p=326\">Til innholdsliste for denne utgaven<\/a><\/em><\/p>\n","protected":false},"excerpt":{"rendered":"<p>En forening og to personer er knyttet til dagens dato. Selskapet til Norges Vel ble stiftet i 1809 og eksisterer fortsatt, n\u00e5 med det kortere navnet Norges vel. Selv forbinder jeg Selskapet med Bj\u00f8rnsons dikt Kantate ved hundre\u00e5rsf\u00e6sten for Norges Vel. Han begynner diktet med et sp\u00f8rsm\u00e5l: \u00abEn bygd i v\u00e5r \/ har du sett&hellip; <a class=\"more-link\" href=\"https:\/\/oma.skoletjenesten.no\/?p=299\">Fortsett \u00e5 lese <span class=\"screen-reader-text\">Dikt, skulptur og DDT<\/span><\/a><\/p>\n","protected":false},"author":1,"featured_media":0,"comment_status":"open","ping_status":"open","sticky":false,"template":"","format":"standard","meta":{"footnotes":""},"categories":[10],"tags":[],"class_list":["post-299","post","type-post","status-publish","format-standard","hentry","category-dagen-i-dag","entry"],"_links":{"self":[{"href":"https:\/\/oma.skoletjenesten.no\/index.php?rest_route=\/wp\/v2\/posts\/299","targetHints":{"allow":["GET"]}}],"collection":[{"href":"https:\/\/oma.skoletjenesten.no\/index.php?rest_route=\/wp\/v2\/posts"}],"about":[{"href":"https:\/\/oma.skoletjenesten.no\/index.php?rest_route=\/wp\/v2\/types\/post"}],"author":[{"embeddable":true,"href":"https:\/\/oma.skoletjenesten.no\/index.php?rest_route=\/wp\/v2\/users\/1"}],"replies":[{"embeddable":true,"href":"https:\/\/oma.skoletjenesten.no\/index.php?rest_route=%2Fwp%2Fv2%2Fcomments&post=299"}],"version-history":[{"count":4,"href":"https:\/\/oma.skoletjenesten.no\/index.php?rest_route=\/wp\/v2\/posts\/299\/revisions"}],"predecessor-version":[{"id":332,"href":"https:\/\/oma.skoletjenesten.no\/index.php?rest_route=\/wp\/v2\/posts\/299\/revisions\/332"}],"wp:attachment":[{"href":"https:\/\/oma.skoletjenesten.no\/index.php?rest_route=%2Fwp%2Fv2%2Fmedia&parent=299"}],"wp:term":[{"taxonomy":"category","embeddable":true,"href":"https:\/\/oma.skoletjenesten.no\/index.php?rest_route=%2Fwp%2Fv2%2Fcategories&post=299"},{"taxonomy":"post_tag","embeddable":true,"href":"https:\/\/oma.skoletjenesten.no\/index.php?rest_route=%2Fwp%2Fv2%2Ftags&post=299"}],"curies":[{"name":"wp","href":"https:\/\/api.w.org\/{rel}","templated":true}]}}