{"id":2970,"date":"2025-09-26T10:00:52","date_gmt":"2025-09-26T10:00:52","guid":{"rendered":"https:\/\/oma.skoletjenesten.no\/?p=2970"},"modified":"2026-02-05T22:03:40","modified_gmt":"2026-02-05T22:03:40","slug":"virtuell-virkelighet-38-25","status":"publish","type":"post","link":"https:\/\/oma.skoletjenesten.no\/?p=2970","title":{"rendered":"Virtuell virkelighet 38\/25"},"content":{"rendered":"\n<p><small>Denne spalten het tidligere <em>Alternative fakta<\/em>, som fortsatt er kategori-betegnelsen. I<em> Alternative fakta<\/em> l\u00e5 vekten ofte mer p\u00e5 det alternative enn p\u00e5 fakta. Her i <em>Virtuell virkelighet<\/em> kan vekten&nbsp; ligge mer p\u00e5 det virtuelle enn p\u00e5 virkeligheten.<\/small><\/p>\n\n\n\n<p><small>Navneskiftet ble forklart i <a href=\"http:\/\/ttt.skoletjenesten.no\/alternative-fakta-3-21\/\" target=\"_blank\" rel=\"noreferrer noopener\">siste utgave av Alternative fakta 15. januar 2021<\/a>.<\/small><\/p>\n\n\n\n<hr class=\"wp-block-separator has-alpha-channel-opacity\"\/>\n\n\n\n<p><strong><em>Vv 1: Klima-snu1.<\/em><\/strong> Den skattefinansierte radiokanalen NRK har skiftet standpunkt i klimasaken \u2013 hvis vi skal tro p\u00e5 Valentina Baisotti, da. Men det skal vi kanskje ikke?<\/p>\n\n\n\n<figure class=\"wp-block-audio\"><audio controls src=\"https:\/\/oma.skoletjenesten.no\/wp-content\/uploads\/2025\/09\/10_Klimasnu_250924_NRK-AlltidNyheter_ValentinaBaidotti_Melding.mp3\"><\/audio><figcaption class=\"wp-element-caption\">NRK Alltid Nyheter 24. september 2025.<\/figcaption><\/figure>\n\n\n\n<p><a href=\"mailto:ttt@skoletjenesten.no?cc=&amp;bcc=&amp;subject=Vv%201\/39&amp;amptarget=\"><em>Kommenter denne notisen<\/em><\/a><\/p>\n\n\n\n<p class=\"has-text-align-center\">\u058e\u058e\u058e<\/p>\n\n\n<div class=\"wp-block-image is-style-twentytwentyone-border\">\n<figure class=\"alignright size-large\"><a href=\"http:\/\/ttt.skoletjenesten.no\/wp-content\/uploads\/2021\/11\/50_Alvor_EivindMolde_Screenshot-2021-11-13-at-19.08.40-Display-1.jpg\" target=\"_blank\" rel=\" noreferrer noopener\"><img decoding=\"async\" src=\"http:\/\/ttt.skoletjenesten.no\/wp-content\/uploads\/2021\/11\/50_Alvor_EivindMolde_Screenshot-2021-11-13-at-19.08.40-Display-1.jpg\" alt=\"\"\/><\/a><figcaption class=\"wp-element-caption\">Eivind Molde, klimasakens dystre ansikt i den skattefinansierte TV-kanalen NRK.<\/figcaption><\/figure>\n<\/div>\n\n\n<p><strong>Vv 2: <strong><em>Klima-snu2.<\/em><\/strong><\/strong> Hvis det er riktig at NRK (skattefinansiert) har skiftet standpunkt i klimasaken (se forrige notis, Vv-1), m\u00e5 Eivind Molde avslutte sin virksomhet som klimareporter. Han har \u2013 bokstavelig talt \u2013 v\u00e6rt ansiktet utad for hvor dystert det har sett ut for klimaet.<\/p>\n\n\n\n<p><a href=\"mailto:ttt@skoletjenesten.no?cc=&amp;bcc=&amp;subject=Vv%202\/39&amp;amptarget=\"><em>Kommenter denne notisen<\/em><\/a><\/p>\n\n\n\n<p class=\"has-text-align-center\">\u058e\u058e\u058e<\/p>\n\n\n<div class=\"wp-block-image is-style-twentytwentyone-border\">\n<figure class=\"alignright size-full\"><a href=\"http:\/\/ttt.skoletjenesten.no\/wp-content\/uploads\/2025\/09\/30_Et-hoiviktig-spoersmaal_Budstikka%2021-09-1925-pages_1.pdf\" target=\"_blank\" rel=\" noreferrer noopener\"><img loading=\"lazy\" decoding=\"async\" width=\"556\" height=\"808\" src=\"https:\/\/oma.skoletjenesten.no\/wp-content\/uploads\/2025\/09\/30_Et-hoiviktig-spoersmaal_OK_Budstikka2021-09-1925-pages_1.jpg\" alt=\"\" class=\"wp-image-2974\" srcset=\"https:\/\/oma.skoletjenesten.no\/wp-content\/uploads\/2025\/09\/30_Et-hoiviktig-spoersmaal_OK_Budstikka2021-09-1925-pages_1.jpg 556w, https:\/\/oma.skoletjenesten.no\/wp-content\/uploads\/2025\/09\/30_Et-hoiviktig-spoersmaal_OK_Budstikka2021-09-1925-pages_1-206x300.jpg 206w\" sizes=\"auto, (max-width: 556px) 100vw, 556px\" \/><\/a><figcaption class=\"wp-element-caption\">Asker og B\u00e6rums Budstikke 21. september 1925. Klikk for \u00e5 lese.<\/figcaption><\/figure>\n<\/div>\n\n\n<p><strong><em>Vv 3: Spr\u00e5kdebatt.<\/em><\/strong> <a href=\"https:\/\/snl.no\/Rettskrivingsreforma_av_1917\" data-type=\"link\" data-id=\"https:\/\/snl.no\/Rettskrivingsreforma_av_1917\" target=\"_blank\" rel=\"noreferrer noopener\">Ny rettskrivning<\/a> ble innf\u00f8rt i 1917, men ikke alle tok den i bruk. Dette ble til en sak i B\u00e6rum herredsstyre, og saken ble omtalt p\u00e5 f\u00f8rste side i Asker og B\u00e6rums Budstikke (klippet ved siden av). Avisen fulgte ikke 1917-rettskrivningen.<\/p>\n\n\n\n<p>.<\/p>\n\n\n\n<p>.<\/p>\n\n\n\n<p>.<\/p>\n\n\n\n<p><a href=\"mailto:ttt@skoletjenesten.no?cc=&amp;bcc=&amp;subject=Vv%203\/39&amp;amptarget=\"><em>Kommenter denne notisen<\/em><\/a><\/p>\n\n\n\n<p class=\"has-text-align-center\">\u058e\u058e\u058e<\/p>\n\n\n<div class=\"wp-block-image is-style-twentytwentyone-border\">\n<figure class=\"alignright size-full\"><a href=\"http:\/\/ttt.skoletjenesten.no\/wp-content\/uploads\/2025\/09\/40_Fordbbilloep_Budstikka%2021-09-1925-pages_2.pdf\" target=\"_blank\" rel=\" noreferrer noopener\"><img loading=\"lazy\" decoding=\"async\" width=\"557\" height=\"812\" src=\"https:\/\/oma.skoletjenesten.no\/wp-content\/uploads\/2025\/09\/40_Fordbbilloep_Budstikka2021-09-1925-pages_2.jpg\" alt=\"\" class=\"wp-image-2975\" srcset=\"https:\/\/oma.skoletjenesten.no\/wp-content\/uploads\/2025\/09\/40_Fordbbilloep_Budstikka2021-09-1925-pages_2.jpg 557w, https:\/\/oma.skoletjenesten.no\/wp-content\/uploads\/2025\/09\/40_Fordbbilloep_Budstikka2021-09-1925-pages_2-206x300.jpg 206w\" sizes=\"auto, (max-width: 557px) 100vw, 557px\" \/><\/a><figcaption class=\"wp-element-caption\">Asker og B\u00e6rums Budstikke 21. september 1925. Klikk for \u00e5 lese.<\/figcaption><\/figure>\n<\/div>\n\n\n<p><strong><em>Vv 4: Fordbill\u00f8p.<\/em><\/strong> For 100 \u00e5r siden var Finstads Autoco kanskje den eneste automobil-forhandleren i B\u00e6rum. Firmaet solgte (og selger fremdeles) Ford, og arrangerte et \u00f8konomi-rally (\u00abFordbill\u00f8pet i gaar\u00bb i klippet ved siden av) der alle deltakerne brukte \u00abMil-benzin\u00bb. Bare ni av atten p\u00e5meldte stilte til start p\u00e5 grunn av regnv\u00e6r. Kj\u00f8reruten gikk fra Sandvika til Lier, derfra rundt Tyrifjorden og opp til Sollih\u00f8gda og til slutt tilbake til Sandvika. Kan dette v\u00e6re en ide for et \u00f8konomil\u00f8p med trekkoppbiler (de som har E som f\u00f8rste bokstav i registreringsnummeret)?<\/p>\n\n\n\n<p><a href=\"mailto:ttt@skoletjenesten.no?cc=&amp;bcc=&amp;subject=Vv%204\/39&amp;amptarget=\"><em>Kommenter denne notisen<\/em><\/a><\/p>\n\n\n\n<p class=\"has-text-align-center\">\u058e\u058e\u058e<\/p>\n\n\n\n<p><strong><em>Vv 5: Telefontull.<\/em><\/strong> Tilgjengelighet p\u00e5 telefon er \u00e5penbart ikke noe som vurderes n\u00e5r B\u00e6rum kommune velger underleverand\u00f8rer til det som f\u00f8r het hjemmehjelp. I dag har jeg klart \u00e5 avtale et tidspunkt som passer for meg for hjemmehjelp i neste uke. Det oppn\u00e5dde jeg ved \u00e5 ringe forgjeves seks ganger i g\u00e5r og tre ganger i dag til tastevalg 4 hos Humana (ingen tok telefonen). S\u00e5 tastet jeg 7 og fikk sentralbordet. Der fikk jeg et privat nummer jeg kunne ringe. Den som svarte, var egentlig ikke p\u00e5 jobb, men skulle f\u00f8lge opp. Og etter kort tid ble jeg oppringt av Humana \u2013 bare en knapp time etter at jeg hadde ringt f\u00f8rste gang. Se ogs\u00e5 ukens innlegg <em><a href=\"https:\/\/oma.skoletjenesten.no\/?p=2963\" data-type=\"link\" data-id=\"https:\/\/oma.skoletjenesten.no\/?p=2963\" target=\"_blank\" rel=\"noreferrer noopener\">Fra eldreb\u00f8lgen<\/a><\/em>.<\/p>\n\n\n\n<p><a href=\"mailto:ttt@skoletjenesten.no?cc=&amp;bcc=&amp;subject=Vv%205\/39&amp;amptarget=\"><em>Kommenter denne notisen<\/em><\/a><\/p>\n\n\n\n<p class=\"has-text-align-center\">\u058e\u058e\u058e<\/p>\n\n\n\n<p><strong><em>Vv 6: Fagspr\u00e5k.<\/em><\/strong> Fagspr\u00e5ket for jurister er visst engelsk, skal vi tro Stian Barsnes Simonsen. Han er ikke jurist, men var intervjuet i NRKs <em>Helgemorgen<\/em> sist l\u00f8rdag.<\/p>\n\n\n\n<figure class=\"wp-block-audio\"><audio controls src=\"https:\/\/oma.skoletjenesten.no\/wp-content\/uploads\/2025\/09\/60_Norwenglish-Jurisdiksjon_OK_250920_NRK-Helgemorgen_StianBarsnesSuimonsen_Studiosamtale.mp3\"><\/audio><figcaption class=\"wp-element-caption\">NRK Helgemorgen 20. september 2025.<\/figcaption><\/figure>\n\n\n\n<p><a href=\"mailto:ttt@skoletjenesten.no?cc=&amp;bcc=&amp;subject=Vv%206\/39&amp;amptarget=\"><em>Kommenter denne notisen<\/em><\/a><\/p>\n\n\n\n<p class=\"has-text-align-center\">\u058e\u058e\u058e<\/p>\n\n\n<div class=\"wp-block-image is-style-twentytwentyone-border\">\n<figure class=\"alignright size-full\"><a href=\"http:\/\/ttt.skoletjenesten.no\/wp-content\/uploads\/2025\/09\/70_Trump3_Aftenposten%2010.%20juni%202025.pdf\" target=\"_blank\" rel=\" noreferrer noopener\"><img loading=\"lazy\" decoding=\"async\" width=\"756\" height=\"539\" src=\"https:\/\/oma.skoletjenesten.no\/wp-content\/uploads\/2025\/09\/70_Trump3-250610Opera-Bilde_2025-08-10_125020_e-avis.aftenposten.no_.png\" alt=\"\" class=\"wp-image-2977\" srcset=\"https:\/\/oma.skoletjenesten.no\/wp-content\/uploads\/2025\/09\/70_Trump3-250610Opera-Bilde_2025-08-10_125020_e-avis.aftenposten.no_.png 756w, https:\/\/oma.skoletjenesten.no\/wp-content\/uploads\/2025\/09\/70_Trump3-250610Opera-Bilde_2025-08-10_125020_e-avis.aftenposten.no_-300x214.png 300w\" sizes=\"auto, (max-width: 756px) 100vw, 756px\" \/><\/a><figcaption class=\"wp-element-caption\">Aftenposten 10. august 2025. Klikk for \u00e5 lese. <\/figcaption><\/figure>\n<\/div>\n\n\n<p><strong><em>Vv 7: Gudegitt.<\/em><\/strong> Er Hegseth og Trump innsatt av Gud? Aftenposten sp\u00f8r (klippet ved siden av). For en hedning som bloggeren er sp\u00f8rsm\u00e5let uinteressant. Men Hegseth har i det minste norske aner.<\/p>\n\n\n\n<p><a href=\"mailto:ttt@skoletjenesten.no?cc=&amp;bcc=&amp;subject=Vv%207\/39&amp;amptarget=\"><em>Kommenter denne notisen<\/em><\/a><\/p>\n\n\n\n<p class=\"has-text-align-center\">\u058e\u058e\u058e<\/p>\n\n\n\n<p><strong><em>Vv 8: Pridestina?<\/em><\/strong> Fra <em>Pride<\/em> \u2013 hva n\u00e5 det er \u2013 har bloggeren arkivert bildet nedenfor. Det vil nok glede HAMAS, for det kan se ut som om noen av flaggene er inspirert av det palestinske flagget.<\/p>\n\n\n\n<figure class=\"wp-block-image size-full is-style-twentytwentyone-border\"><img loading=\"lazy\" decoding=\"async\" width=\"868\" height=\"434\" src=\"https:\/\/oma.skoletjenesten.no\/wp-content\/uploads\/2025\/09\/90_Pride-Palestina_Opera-Bilde_2025-06-21_211954_play.tv2_.no_.png\" alt=\"\" class=\"wp-image-2978\" srcset=\"https:\/\/oma.skoletjenesten.no\/wp-content\/uploads\/2025\/09\/90_Pride-Palestina_Opera-Bilde_2025-06-21_211954_play.tv2_.no_.png 868w, https:\/\/oma.skoletjenesten.no\/wp-content\/uploads\/2025\/09\/90_Pride-Palestina_Opera-Bilde_2025-06-21_211954_play.tv2_.no_-300x150.png 300w, https:\/\/oma.skoletjenesten.no\/wp-content\/uploads\/2025\/09\/90_Pride-Palestina_Opera-Bilde_2025-06-21_211954_play.tv2_.no_-768x384.png 768w\" sizes=\"auto, (max-width: 868px) 100vw, 868px\" \/><figcaption class=\"wp-element-caption\">TV2 21. juni 2025.<\/figcaption><\/figure>\n\n\n\n<p><a href=\"mailto:ttt@skoletjenesten.no?cc=&amp;bcc=&amp;subject=Vv%208\/39&amp;amptarget=\"><em>Kommenter denne notisen<\/em><\/a><\/p>\n\n\n\n<div style=\"height:100px\" aria-hidden=\"true\" class=\"wp-block-spacer\"><\/div>\n\n\n\n<hr class=\"wp-block-separator has-alpha-channel-opacity\"\/>\n\n\n\n<p class=\"has-text-align-center\"><em><a href=\"https:\/\/oma.skoletjenesten.no\/?p=2984\">Til innholdsliste for denne utgaven<\/a><\/em><\/p>\n","protected":false},"excerpt":{"rendered":"<p>Denne spalten het tidligere Alternative fakta, som fortsatt er kategori-betegnelsen. I Alternative fakta l\u00e5 vekten ofte mer p\u00e5 det alternative enn p\u00e5 fakta. Her i Virtuell virkelighet kan vekten&nbsp; ligge mer p\u00e5 det virtuelle enn p\u00e5 virkeligheten. Navneskiftet ble forklart i siste utgave av Alternative fakta 15. januar 2021. Vv 1: Klima-snu1. Den skattefinansierte radiokanalen&hellip; <a class=\"more-link\" href=\"https:\/\/oma.skoletjenesten.no\/?p=2970\">Fortsett \u00e5 lese <span class=\"screen-reader-text\">Virtuell virkelighet 38\/25<\/span><\/a><\/p>\n","protected":false},"author":1,"featured_media":0,"comment_status":"open","ping_status":"open","sticky":false,"template":"","format":"standard","meta":{"footnotes":""},"categories":[11],"tags":[],"class_list":["post-2970","post","type-post","status-publish","format-standard","hentry","category-alternative-fakta","entry"],"_links":{"self":[{"href":"https:\/\/oma.skoletjenesten.no\/index.php?rest_route=\/wp\/v2\/posts\/2970","targetHints":{"allow":["GET"]}}],"collection":[{"href":"https:\/\/oma.skoletjenesten.no\/index.php?rest_route=\/wp\/v2\/posts"}],"about":[{"href":"https:\/\/oma.skoletjenesten.no\/index.php?rest_route=\/wp\/v2\/types\/post"}],"author":[{"embeddable":true,"href":"https:\/\/oma.skoletjenesten.no\/index.php?rest_route=\/wp\/v2\/users\/1"}],"replies":[{"embeddable":true,"href":"https:\/\/oma.skoletjenesten.no\/index.php?rest_route=%2Fwp%2Fv2%2Fcomments&post=2970"}],"version-history":[{"count":10,"href":"https:\/\/oma.skoletjenesten.no\/index.php?rest_route=\/wp\/v2\/posts\/2970\/revisions"}],"predecessor-version":[{"id":2995,"href":"https:\/\/oma.skoletjenesten.no\/index.php?rest_route=\/wp\/v2\/posts\/2970\/revisions\/2995"}],"wp:attachment":[{"href":"https:\/\/oma.skoletjenesten.no\/index.php?rest_route=%2Fwp%2Fv2%2Fmedia&parent=2970"}],"wp:term":[{"taxonomy":"category","embeddable":true,"href":"https:\/\/oma.skoletjenesten.no\/index.php?rest_route=%2Fwp%2Fv2%2Fcategories&post=2970"},{"taxonomy":"post_tag","embeddable":true,"href":"https:\/\/oma.skoletjenesten.no\/index.php?rest_route=%2Fwp%2Fv2%2Ftags&post=2970"}],"curies":[{"name":"wp","href":"https:\/\/api.w.org\/{rel}","templated":true}]}}