{"id":2959,"date":"2025-09-26T10:02:20","date_gmt":"2025-09-26T10:02:20","guid":{"rendered":"https:\/\/oma.skoletjenesten.no\/?p=2959"},"modified":"2025-09-27T14:21:32","modified_gmt":"2025-09-27T14:21:32","slug":"meninger-og-massemonstringer","status":"publish","type":"post","link":"https:\/\/oma.skoletjenesten.no\/?p=2959","title":{"rendered":"Meninger og massem\u00f8nstringer"},"content":{"rendered":"\n<p>I likhet med sv\u00e6rt mange andre hadde jeg ikke h\u00f8rt om Charlie Kirk f\u00f8r han ble en nyhetssak fordi han ble skutt og drept under et arrangement i Utah. Til gjengjeld har jeg h\u00f8rt sv\u00e6rt mye om ham etterp\u00e5, senest i forindelse med begravelsen i Arizona. Der talte bl.a. president Donald Trump, og han ga uttrykk for sitt syn p\u00e5 motstandere. Noe tilsvarende gjorde presidentkandidat <a href=\"https:\/\/snl.no\/John_McCain\" data-type=\"link\" data-id=\"https:\/\/snl.no\/John_McCain\" target=\"_blank\" rel=\"noreferrer noopener\">John McCain<\/a> under valgkampen mot Barack Obama i 2008. De to klippene nedenfor viser forskjellen p\u00e5 en kandidat som som er \u00abpresidential\u00bb og en president som ikke er det.<\/p>\n\n\n\n<div class=\"wp-block-columns is-layout-flex wp-container-core-columns-is-layout-9d6595d7 wp-block-columns-is-layout-flex\">\n<div class=\"wp-block-column is-layout-flow wp-block-column-is-layout-flow\">\n<figure class=\"wp-block-video\"><video height=\"578\" style=\"aspect-ratio: 1030 \/ 578;\" width=\"1030\" controls src=\"https:\/\/oma.skoletjenesten.no\/wp-content\/uploads\/2025\/09\/JohnMcCain-om-Obama.mp4\"><\/video><figcaption class=\"wp-element-caption\">John McCain (R) 2008.<\/figcaption><\/figure>\n<\/div>\n\n\n\n<div class=\"wp-block-column is-layout-flow wp-block-column-is-layout-flow\">\n<figure class=\"wp-block-video\"><video height=\"754\" style=\"aspect-ratio: 1344 \/ 754;\" width=\"1344\" controls src=\"https:\/\/oma.skoletjenesten.no\/wp-content\/uploads\/2025\/09\/Trump-om-motstandere_OK.mp4\"><\/video><figcaption class=\"wp-element-caption\">Donald Trump (R) 2025.<\/figcaption><\/figure>\n<\/div>\n<\/div>\n\n\n\n<p>De reaksjonene jeg har sett fra den amerikanske regjeringen etter drapet p\u00e5 Charlie Kirk, har f\u00e5tt meg til \u00e5 tenke p\u00e5 riksdagsbrannen i Berlin i 1933. Det er fortsatt usikkert hvem som sto bak brannen, men Adolf Hitler utnyttet den for alt det den var verdt til \u00e5 fjerne motstandere og til \u00e5 tilrane seg makt. Jeg f\u00e5r ogs\u00e5 assosiasjoner til bilder av nazi-opptog i Tyskland p\u00e5 1930-tallet n\u00e5r jeg ser bildene fra \u00abbegravelses-arrangementet\u00bb (anf\u00f8rselstegn fordi det ogs\u00e5 fremsto som et politisk m\u00f8te) i Phoenix, Arizona sist helg.<\/p>\n\n\n\n<p>Jeg har slektninger i USA, og h\u00e5per de bidrar til \u00e5 roe gemyttene.<\/p>\n\n\n\n<div style=\"height:100px\" aria-hidden=\"true\" class=\"wp-block-spacer\"><\/div>\n\n\n\n<hr class=\"wp-block-separator has-alpha-channel-opacity\"\/>\n\n\n\n<p class=\"has-text-align-center\"><em><a href=\"https:\/\/oma.skoletjenesten.no\/?p=2984\">Til innholdsliste for denne utgaven<\/a><\/em><\/p>\n","protected":false},"excerpt":{"rendered":"<p>I likhet med sv\u00e6rt mange andre hadde jeg ikke h\u00f8rt om Charlie Kirk f\u00f8r han ble en nyhetssak fordi han ble skutt og drept under et arrangement i Utah. Til gjengjeld har jeg h\u00f8rt sv\u00e6rt mye om ham etterp\u00e5, senest i forindelse med begravelsen i Arizona. Der talte bl.a. president Donald Trump, og han ga&hellip; <a class=\"more-link\" href=\"https:\/\/oma.skoletjenesten.no\/?p=2959\">Fortsett \u00e5 lese <span class=\"screen-reader-text\">Meninger og massem\u00f8nstringer<\/span><\/a><\/p>\n","protected":false},"author":1,"featured_media":0,"comment_status":"open","ping_status":"open","sticky":false,"template":"","format":"standard","meta":{"footnotes":""},"categories":[1],"tags":[],"class_list":["post-2959","post","type-post","status-publish","format-standard","hentry","category-uncategorized","entry"],"_links":{"self":[{"href":"https:\/\/oma.skoletjenesten.no\/index.php?rest_route=\/wp\/v2\/posts\/2959","targetHints":{"allow":["GET"]}}],"collection":[{"href":"https:\/\/oma.skoletjenesten.no\/index.php?rest_route=\/wp\/v2\/posts"}],"about":[{"href":"https:\/\/oma.skoletjenesten.no\/index.php?rest_route=\/wp\/v2\/types\/post"}],"author":[{"embeddable":true,"href":"https:\/\/oma.skoletjenesten.no\/index.php?rest_route=\/wp\/v2\/users\/1"}],"replies":[{"embeddable":true,"href":"https:\/\/oma.skoletjenesten.no\/index.php?rest_route=%2Fwp%2Fv2%2Fcomments&post=2959"}],"version-history":[{"count":2,"href":"https:\/\/oma.skoletjenesten.no\/index.php?rest_route=\/wp\/v2\/posts\/2959\/revisions"}],"predecessor-version":[{"id":2989,"href":"https:\/\/oma.skoletjenesten.no\/index.php?rest_route=\/wp\/v2\/posts\/2959\/revisions\/2989"}],"wp:attachment":[{"href":"https:\/\/oma.skoletjenesten.no\/index.php?rest_route=%2Fwp%2Fv2%2Fmedia&parent=2959"}],"wp:term":[{"taxonomy":"category","embeddable":true,"href":"https:\/\/oma.skoletjenesten.no\/index.php?rest_route=%2Fwp%2Fv2%2Fcategories&post=2959"},{"taxonomy":"post_tag","embeddable":true,"href":"https:\/\/oma.skoletjenesten.no\/index.php?rest_route=%2Fwp%2Fv2%2Ftags&post=2959"}],"curies":[{"name":"wp","href":"https:\/\/api.w.org\/{rel}","templated":true}]}}